{"id":22131,"date":"2015-03-22T12:49:51","date_gmt":"2015-03-22T12:49:51","guid":{"rendered":"http:\/\/www.marianagurza.ro\/blog\/?p=22131"},"modified":"2015-03-22T12:51:28","modified_gmt":"2015-03-22T12:51:28","slug":"iuliana-paloda-popescu-poesis","status":"publish","type":"post","link":"https:\/\/www.marianagurza.ro\/blog\/2015\/03\/22\/iuliana-paloda-popescu-poesis\/","title":{"rendered":"Iuliana Paloda- POPESCU: Poesis"},"content":{"rendered":"<p style=\"text-align: center;\"><a href=\"http:\/\/www.marianagurza.ro\/blog\/wp-content\/uploads\/2015\/03\/iuliana-popescu3.jpg\"><img loading=\"lazy\" decoding=\"async\" class=\"size-medium wp-image-22132\" title=\"iuliana popescu\" src=\"http:\/\/www.marianagurza.ro\/blog\/wp-content\/uploads\/2015\/03\/iuliana-popescu3-249x300.jpg\" alt=\"\" width=\"249\" height=\"300\" srcset=\"https:\/\/www.marianagurza.ro\/blog\/wp-content\/uploads\/2015\/03\/iuliana-popescu3-249x300.jpg 249w, https:\/\/www.marianagurza.ro\/blog\/wp-content\/uploads\/2015\/03\/iuliana-popescu3-851x1024.jpg 851w, https:\/\/www.marianagurza.ro\/blog\/wp-content\/uploads\/2015\/03\/iuliana-popescu3.jpg 1181w\" sizes=\"auto, (max-width: 249px) 100vw, 249px\" \/><\/a><\/p>\n<p><strong>SUFLET CU ARIPI<\/strong><\/p>\n<p>&nbsp;<\/p>\n<p>Este prim\u0103var\u0103,<br \/>\n\u00cengerii trec \u00eenspre cr\u00e2nguri<br \/>\n\u015fi durerile pier \u00een suflarea lor,<br \/>\n\u00eenflorindu-mi cire\u015fii copil\u0103riei!&#8230;<\/p>\n<p>&nbsp;<\/p>\n<p>Ascuns \u00een rochia cu p\u0103s\u0103ri<br \/>\n\u00cengerul \u00eendr\u0103gostit m\u0103 \u00eembrac\u0103<br \/>\n\u00een aripi lungi,<br \/>\napoi se rote\u015fte \u015fi aprinde<br \/>\ncandela iubirii,<br \/>\noferindu-mi fructele dulci!&#8230;<\/p>\n<p>&nbsp;<\/p>\n<p>Din buchetul alb de mireas\u0103<br \/>\np\u0103ianjenul \u00eentinde pe c\u00e2mpuri<br \/>\nmreaja lui de lumin\u0103,<br \/>\npas\u0103rea-nchis\u0103 \u00een um\u0103ru-mi st\u00e2ng<br \/>\nmai t\u00e2nje\u015fte spre Lun\u0103,<\/p>\n<p>poate \u00cengerul Bun se \u00eendur\u0103<br \/>\nsuflet cu aripi \u00eenalte s\u0103-i pun\u0103!&#8230;<\/p>\n<p>&nbsp;<\/p>\n<p><strong>CUMINEC\u0102RI<\/strong><\/p>\n<p>&nbsp;<\/p>\n<p>Urme pe cer, urme pe roua inimii<br \/>\n\u015fi pe imensitatea alb\u0103 se a\u015ftern<br \/>\n\u00een timp ce eu m-a\u015fez<br \/>\n\u00een Cercul de Lumin\u0103<br \/>\n\u015fi-a\u015ftept s\u0103-L \u00eent\u00e2lnesc pe Dumnezeu.<\/p>\n<p>&nbsp;<\/p>\n<p>T\u00e2rziu,<br \/>\nun suflet zbur\u0103tor \u00eencepe s\u0103 apar\u0103<br \/>\nmai aduc\u00e2nd cu sine \u015fi-alte suflete<br \/>\ncu aripi<br \/>\nce intr\u0103-apoi \u00een Cercul de Lumin\u0103<br \/>\ns\u0103 ne privim, s\u0103 ne rotim,<br \/>\nhr\u0103nindu-ne-mpreun\u0103!&#8230;<\/p>\n<p>&nbsp;<\/p>\n<p><strong>Z\u0102MISLIRI<\/strong><\/p>\n<p>&nbsp;<\/p>\n<p>\u00cen zadar pl\u00e2ngem timpul nescris,<br \/>\n\u00een zadar orele incendiate,<br \/>\neste vremea c\u00e2nd \u00cengeri de vis<br \/>\npe P\u0103m\u00e2nt hot\u0103r\u0103sc s\u0103 se-arate!<\/p>\n<p>&nbsp;<\/p>\n<p>Suflete-ngem\u0103nate plutim peste nori,<br \/>\naburi calzi, aburi vii \u2013<br \/>\nsuflete de lumin\u0103 surori.<br \/>\nRoata Cerului ne rote\u015fte-n Cuv\u00e2nt,<br \/>\ntimpul ne cerne \u015fi ne-a\u015feaz\u0103-n Potir<br \/>\nde argint!&#8230;<\/p>\n<p>&nbsp;<\/p>\n<p><strong>Iuliana Paloda-Popescu<\/strong><\/p>\n<p>(Din volumul Iuliana Paloda-Popescu, &#8220;Dincolo de m\u0103ce\u0219ii ro\u015fii&#8221;, Editura Bibliotheca, T\u00e2rgovi\u015fte, 2006)<\/p>\n<p>&nbsp;<\/p>\n","protected":false},"excerpt":{"rendered":"<p>SUFLET CU ARIPI &nbsp; Este prim\u0103var\u0103, \u00cengerii trec \u00eenspre cr\u00e2nguri \u015fi durerile pier \u00een suflarea lor, \u00eenflorindu-mi cire\u015fii copil\u0103riei!&#8230; &nbsp; [&#038;hellip<\/p>\n","protected":false},"author":1,"featured_media":0,"comment_status":"closed","ping_status":"closed","sticky":false,"template":"","format":"standard","meta":{"footnotes":""},"categories":[3],"tags":[],"class_list":["post-22131","post","type-post","status-publish","format-standard","hentry","category-articole"],"_links":{"self":[{"href":"https:\/\/www.marianagurza.ro\/blog\/wp-json\/wp\/v2\/posts\/22131","targetHints":{"allow":["GET"]}}],"collection":[{"href":"https:\/\/www.marianagurza.ro\/blog\/wp-json\/wp\/v2\/posts"}],"about":[{"href":"https:\/\/www.marianagurza.ro\/blog\/wp-json\/wp\/v2\/types\/post"}],"author":[{"embeddable":true,"href":"https:\/\/www.marianagurza.ro\/blog\/wp-json\/wp\/v2\/users\/1"}],"replies":[{"embeddable":true,"href":"https:\/\/www.marianagurza.ro\/blog\/wp-json\/wp\/v2\/comments?post=22131"}],"version-history":[{"count":3,"href":"https:\/\/www.marianagurza.ro\/blog\/wp-json\/wp\/v2\/posts\/22131\/revisions"}],"predecessor-version":[{"id":22134,"href":"https:\/\/www.marianagurza.ro\/blog\/wp-json\/wp\/v2\/posts\/22131\/revisions\/22134"}],"wp:attachment":[{"href":"https:\/\/www.marianagurza.ro\/blog\/wp-json\/wp\/v2\/media?parent=22131"}],"wp:term":[{"taxonomy":"category","embeddable":true,"href":"https:\/\/www.marianagurza.ro\/blog\/wp-json\/wp\/v2\/categories?post=22131"},{"taxonomy":"post_tag","embeddable":true,"href":"https:\/\/www.marianagurza.ro\/blog\/wp-json\/wp\/v2\/tags?post=22131"}],"curies":[{"name":"wp","href":"https:\/\/api.w.org\/{rel}","templated":true}]}}