{"id":22136,"date":"2015-03-23T07:33:41","date_gmt":"2015-03-23T07:33:41","guid":{"rendered":"http:\/\/www.marianagurza.ro\/blog\/?p=22136"},"modified":"2015-03-23T07:34:17","modified_gmt":"2015-03-23T07:34:17","slug":"emilia-tutuianu-gh-a-m-ciobanu-distins-cu-crucea-moldava%e2%80%9d","status":"publish","type":"post","link":"https:\/\/www.marianagurza.ro\/blog\/2015\/03\/23\/emilia-tutuianu-gh-a-m-ciobanu-distins-cu-crucea-moldava%e2%80%9d\/","title":{"rendered":"Emilia \u021au\u021buianu: Gh. A.M. Ciobanu distins cu ,,Crucea Moldav\u0103\u201d"},"content":{"rendered":"<p style=\"text-align: center;\"><a href=\"http:\/\/www.marianagurza.ro\/blog\/wp-content\/uploads\/2015\/03\/DSC_6584.jpg\"><img loading=\"lazy\" decoding=\"async\" class=\"size-medium wp-image-22137\" title=\"DSC_6584\" src=\"http:\/\/www.marianagurza.ro\/blog\/wp-content\/uploads\/2015\/03\/DSC_6584-300x257.jpg\" alt=\"\" width=\"300\" height=\"257\" srcset=\"https:\/\/www.marianagurza.ro\/blog\/wp-content\/uploads\/2015\/03\/DSC_6584-300x257.jpg 300w, https:\/\/www.marianagurza.ro\/blog\/wp-content\/uploads\/2015\/03\/DSC_6584.jpg 999w\" sizes=\"auto, (max-width: 300px) 100vw, 300px\" \/><\/a><\/p>\n<p style=\"text-align: justify;\">\u00cen sf\u00e2ntul l\u0103ca\u015f al Arhiepiscopiei \u00a0Romanului \u015fi Bac\u0103ului, la aniversarea a 90 de ani, publicistul \u015fi omul de cultur\u0103 roma\u015fcan <strong>Gh. A.M. Ciobanu<\/strong> a primit de la<strong>\u00a0\u00cenaltpreasfin\u021bitul P\u0103rinte Arhiepiscop Ioachim,\u00a0<\/strong>Arhiepiscopul Romanului \u0219i Bac\u0103ului ,,<em><strong>Crucea Moldav\u0103<\/strong><\/em>\u201e,\u00a0\u00a0pentru rodnica \u015fi bogata activitate creatoare depus\u0103 \u00een\u00a0slujba educa\u0163iei, artei \u015fi culturii.<br \/>\n,,<em><strong>Crucea moldav\u0103<\/strong><\/em>\u201d <strong><em>pentru laici<\/em><\/strong>\u00a0\u2013\u00a0este prima distinc\u021bie oferit\u0103 de <strong>\u00cenaltpreasfin\u0163itul Ioachim<\/strong> de la \u00eentronizarea \u00een scaunul Arhiepiscopiei Romanului \u015fi Bac\u0103ului \u015fi este cea mai \u00eenalt\u0103\u00a0distinc\u0163ie acordat\u0103 de\u00a0Mitropolia Moldovei \u015fi Bucovinei, de\u00a0<strong>\u00cenalt Preasfin\u0163itului Teofan<\/strong>, Mitropolitul Moldovei \u015fi Bucovinei.<\/p>\n<p style=\"text-align: justify;\">Au omagiat personalitatea polivalent\u0103 a publicistului Gh.A.M. Ciobanu \u015fi au adresat felicit\u0103ri s\u0103rb\u0103toritului, \u00cePS Ioachim,\u00a0Arhiepiscopul Romanului \u0219i Bac\u0103ului, primarul de Roman \u2013 Dan Lauren\u0163iu Leoreanu, doctorul, scriitor Virgil R\u0103ze\u015fu \u2013 membru al Ligii Scriitorilor, Viorel\u00a0<em>Stan \u2013 Inspector \u015fcolar<\/em> general,\u00a0<em>Inspectoratul \u015ecolar<\/em> al Jude\u0163ului <em>Neam\u0163,\u00a0<\/em>prof. Mihaela Tanovici \u2013 director al CNRV Roman, prof. Mihaela B\u0103ltoi \u015fi editoarea Emilia \u0162u\u0163uianu \u2013 director al Editurii Mu\u015fatinia.<\/p>\n<p style=\"text-align: justify;\">Mul\u0163umim <strong>\u00cenaltpreasfin\u0163itului Ioachim<\/strong> pentru bucuria acestei zile, pentru darurile duhovnice\u015fti \u2013 pe care le-am primit cu lumin\u0103 \u015fi pace \u00een suflet.<br \/>\nLa mul\u0163i ani \u015fi mult\u0103 s\u0103n\u0103tate domnule profesor Gh.A.M. Ciobanu din partea revistei <strong><em>Melidonium<\/em><\/strong>!<\/p>\n<p style=\"text-align: justify;\">\n<p style=\"text-align: justify;\">\n<p style=\"text-align: center;\"><strong>Emilia \u021au\u021buianu<\/strong> \u2013 director al Editurii Mu\u015fatinia<\/p>\n","protected":false},"excerpt":{"rendered":"<p>\u00cen sf\u00e2ntul l\u0103ca\u015f al Arhiepiscopiei \u00a0Romanului \u015fi Bac\u0103ului, la aniversarea a 90 de ani, publicistul \u015fi omul de cultur\u0103 roma\u015fcan [&#038;hellip<\/p>\n","protected":false},"author":1,"featured_media":0,"comment_status":"closed","ping_status":"closed","sticky":false,"template":"","format":"standard","meta":{"footnotes":""},"categories":[3],"tags":[],"class_list":["post-22136","post","type-post","status-publish","format-standard","hentry","category-articole"],"_links":{"self":[{"href":"https:\/\/www.marianagurza.ro\/blog\/wp-json\/wp\/v2\/posts\/22136","targetHints":{"allow":["GET"]}}],"collection":[{"href":"https:\/\/www.marianagurza.ro\/blog\/wp-json\/wp\/v2\/posts"}],"about":[{"href":"https:\/\/www.marianagurza.ro\/blog\/wp-json\/wp\/v2\/types\/post"}],"author":[{"embeddable":true,"href":"https:\/\/www.marianagurza.ro\/blog\/wp-json\/wp\/v2\/users\/1"}],"replies":[{"embeddable":true,"href":"https:\/\/www.marianagurza.ro\/blog\/wp-json\/wp\/v2\/comments?post=22136"}],"version-history":[{"count":3,"href":"https:\/\/www.marianagurza.ro\/blog\/wp-json\/wp\/v2\/posts\/22136\/revisions"}],"predecessor-version":[{"id":22139,"href":"https:\/\/www.marianagurza.ro\/blog\/wp-json\/wp\/v2\/posts\/22136\/revisions\/22139"}],"wp:attachment":[{"href":"https:\/\/www.marianagurza.ro\/blog\/wp-json\/wp\/v2\/media?parent=22136"}],"wp:term":[{"taxonomy":"category","embeddable":true,"href":"https:\/\/www.marianagurza.ro\/blog\/wp-json\/wp\/v2\/categories?post=22136"},{"taxonomy":"post_tag","embeddable":true,"href":"https:\/\/www.marianagurza.ro\/blog\/wp-json\/wp\/v2\/tags?post=22136"}],"curies":[{"name":"wp","href":"https:\/\/api.w.org\/{rel}","templated":true}]}}