{"id":22187,"date":"2015-03-24T07:56:30","date_gmt":"2015-03-24T07:56:30","guid":{"rendered":"http:\/\/www.marianagurza.ro\/blog\/?p=22187"},"modified":"2015-03-24T07:56:30","modified_gmt":"2015-03-24T07:56:30","slug":"dumitru-anghel-laudatio-%e2%80%93-la-aniversara-101-sonete-opera-omnia%e2%80%9d-de-aurel-m-buricea","status":"publish","type":"post","link":"https:\/\/www.marianagurza.ro\/blog\/2015\/03\/24\/dumitru-anghel-laudatio-%e2%80%93-la-aniversara-101-sonete-opera-omnia%e2%80%9d-de-aurel-m-buricea\/","title":{"rendered":"Dumitru ANGHEL: Laudatio \u2013 La aniversar\u0103 &#8211; ,,101 sonete &#8211; Opera omnia\u201d de Aurel M. Buricea"},"content":{"rendered":"<p style=\"text-align: justify;\"><a href=\"http:\/\/www.marianagurza.ro\/blog\/wp-content\/uploads\/2015\/03\/101-SONETE-BMA-wb.jpg\"><img loading=\"lazy\" decoding=\"async\" class=\"alignleft size-medium wp-image-22188\" title=\"101-SONETE-BMA-wb\" src=\"http:\/\/www.marianagurza.ro\/blog\/wp-content\/uploads\/2015\/03\/101-SONETE-BMA-wb-197x300.jpg\" alt=\"\" width=\"197\" height=\"300\" srcset=\"https:\/\/www.marianagurza.ro\/blog\/wp-content\/uploads\/2015\/03\/101-SONETE-BMA-wb-197x300.jpg 197w, https:\/\/www.marianagurza.ro\/blog\/wp-content\/uploads\/2015\/03\/101-SONETE-BMA-wb.jpg 600w\" sizes=\"auto, (max-width: 197px) 100vw, 197px\" \/><\/a>Dintre cele 19 c\u0103r\u0163i publicate, de la debutul editorial din 1977, scriitorul Aurel M. Buricea \u00ee\u015fi contabilizeaz\u0103 9 volume \u00een exclusivitate de Sonete, specie literar\u0103 liric\u0103, de form\u0103 fix\u0103, care \u00eei asigur\u0103 o pozi\u0163ie confortabil\u0103 \u015fi conving\u0103toare printre poe\u0163ii rom\u00e2ni. Primul volum, \u201eSonete Pascale\u201d, \u00eei apare \u00een 1999, la Editura Danubiu, urmat de \u201ePovestea unui suflet\u201d, la aceea\u015fi editur\u0103, \u00een 2002; \u201eScara din Ulm\u201d, la Editura Scrisul Rom\u00e2nesc, \u00een 2003; \u201e\u00centre num\u0103r \u015fi cuv\u00e2nt\u201d, \u00een 2004; \u201eMasca unui \u00eenger\u201d, \u00een 2006; \u201eVama din rod\u201d, \u00een 2007; \u201eUmbra de vise\u201d, \u00een 2008; \u201eC\u00e2ntecul reginei\u201d, \u00een 2009, toate la Editura Danubiu; \u015fi ultima carte de sonete, p\u00e2n\u0103 la antologia pe care a lansat-o de cur\u00e2nd, \u201eCrucea din muguri\u201d, Editura Semne, Bucure\u015fti, 2012.<\/p>\n<p style=\"text-align: justify;\">\n<p style=\"text-align: justify;\">Cea de a dou\u0103zecea carte, cifr\u0103 rotund\u0103, ca \u015fi v\u00e2rsta poetului, rotund\u0103 \u015fi ea \u2013 70 de ani de la na\u015ftere, 27 octombrie 1943, \u00een localitatea Ulmu, jude\u0163ul Br\u0103ila &#8211; volumul de liric\u0103 \u201e101 poeme\u201d, Editura Semne, Bucure\u015fti, 2013, 110 pagini, m\u0103 \u00eendeamn\u0103 s\u0103-i urez \u201eLa mul\u0163i ani!\u201d \u015fi \u201eLa mai multe c\u0103r\u0163i!\u201d domnului Aurel M. Buricea, personalitate emblematic\u0103 pentru cultura \u015fi literatura din arealul dun\u0103rean al B\u0103r\u0103ganului, pe care l-au nemurit cu un veritabil brand artistic mae\u015ftrii scrisului br\u0103ilean Panait Istrati, Mihail Sebastian \u015fi F\u0103nu\u015f Neagu.<\/p>\n<p style=\"text-align: justify;\">\n<p style=\"text-align: justify;\">\u201e101 sonete \u2013 Opera omnia\u201d, o veritabil\u0103 antologie de poeme din specia liric\u0103 a Sonetului,se p\u0103streaz\u0103 pe o constant\u0103 liric\u0103 existen\u0163ial-nostalgic\u0103, pentru c\u0103 poetul Aurel M. Buricea are dorul, nostalgia c\u00e2mpiei largi a B\u0103r\u0103ganului cu cumpene de f\u00e2nt\u00e2n\u0103, care \u00eempung Cerul cu seme\u0163ii de \u201ecoloan\u0103 infinit\u0103\u201d br\u00e2ncu\u015fian\u0103; \u00ee\u015fi acordeaz\u0103 b\u0103t\u0103ile inimii \u015fi zv\u00e2curile sufletului s\u0103u generos \u00een c\u00e2ntec de dropie; \u00ee\u015fi regleaz\u0103 ritmul profesional de intelectual rasat \u015fi de elev al lui Pitagora, doar dup\u0103 c\u00e2ntecul cucului, c\u00e2nd \u0163\u0103ranul rom\u00e2n a \u015ftiut dintotdeauna c\u0103 poate ie\u015fi la arat, la pra\u015fil\u0103 \u015fi la mireasm\u0103 de p\u0103m\u00e2nt reav\u0103n; nu \u015fi-a p\u0103r\u0103sit satul natal, p\u0103rin\u0163ii, amintirile \u015fi idealurile&#8230; \u015fi a z\u0103bovit la Ulmu, intuind parc\u0103, asemenea ilustrului s\u0103u \u00eenainta\u015f, c\u0103 \u201eve\u015fnicia s-a n\u0103scut la sat\u201d.<\/p>\n<p style=\"text-align: justify;\">\n<p style=\"text-align: justify;\">De altfel, toat\u0103 opera sa literar\u0103 vine \u00eentr-un fel sau altul din, dinspre sau spre Ulmu, satul-simbol, satul-legend\u0103, unde un poet autentic, sensibil \u015fi talentat, a crezut c\u0103 trebuie s\u0103 r\u0103m\u00e2n\u0103, chiar \u015fi atunci c\u00e2nd i s-a spus c\u0103 poate visa pe partituri molto-vivace de speran\u0163e \u015fi\u00a0 succes social, \u015fi a realizat un fel de&#8230; monografie liric\u0103 \u015fi sentimental\u0103, asemenea contemporanului s\u0103u, Marin Sorescu, \u00een \u201eLa Lilieci\u201d. De aceea, poate, concet\u0103\u0163enii s\u0103i ar trebui s\u0103-i atribuie titlul \u015fi calitatea meritate de&#8230; \u201eCet\u0103\u0163ean de Onoare al comunei Ulmu\u201d (a\u015fa cum au f\u0103cut oamenii Deltei de la M\u0103ra\u015fu, care l-au gratulat pe scriitorul Nicolae Grigore-M\u0103r\u0103\u015fanu cu acest titlu onorific&#8230;), ba chiar ar merita ca o strad\u0103 din Ulmu s\u0103 se numeasc\u0103 \u201eAurel M. Buricea\u201d&#8230;, pentru stabilitatea sa sentimental-edilitar\u0103!<\/p>\n<p style=\"text-align: justify;\">\n<p style=\"text-align: justify;\">Statornic r\u0103m\u00e2ne poetul \u015fi \u00een latura construc\u0163iei lirice, \u00eentr-o vreme c\u00e2nd poezia este b\u00e2ntuit\u0103 de&#8230; \u201efurtuni\u201d \u00eennoitoare, c\u00e2nd nu se mai respect\u0103 nicio regul\u0103 prozodic\u0103 iar o indecent\u0103 siluire a limbii rom\u00e2ne este luat\u0103 drept mare \u015fi modern\u0103 literatur\u0103 c\u00e2nd, de fapt, nu este dec\u00e2t o tevatur\u0103 erotic\u0103 de poezie destr\u0103b\u0103lat\u0103, grobian\u0103, fetid\u0103, naturalist-indecent\u0103, cu un vocabular dur, licen\u0163ios \u00een cel mai nevinovat sens, o semantic\u0103 de mahala cu accent pe cuvinte porcoase, rezultat\u0103 dintr-un misoginism patologic!<\/p>\n<p style=\"text-align: justify;\">\n<p style=\"text-align: justify;\">Aurel M. Buricea scrie sonete, poezie de form\u0103 fix\u0103 (dou\u0103 catrene, dou\u0103 ter\u0163ine), care presupune rigoare, m\u0103iestrie \u015fi exerci\u0163iu elaborat \u00een realizarea unei&#8230; \u201earhitecturi\u201d lirice, f\u0103r\u0103 o stucatur\u0103 de dragul exibi\u0163ionismului poetic. De\u015fi a cochetat \u015fi cu alt\u0103 poezie de form\u0103 fix\u0103, haiku; cu eseul sau critica literar\u0103, \u00een noua sa carte de sonete, poetul Aurel M. Buricea are permanent sentimentul peren al r\u0103d\u0103cinii, al stabilit\u0103\u0163ii \u015fi al religiosului: \u201erob al luminii am trudit de c\u00e2nd m\u0103 \u015ftiu \/ \u00een r\u0103nile mele s\u00e2ngerezi Iisuse \/ de dou\u0103 milenii Te caut \u00een pustiu \/ \u015fi te-am g\u0103sit \u00een cuvintele nespuse\u201d (\u201ePoarta din cer\u201d, sonetul 1, pag. 5); \u015fi, de aceea, spaimele, dilemele \u015fi o \u00eentreag\u0103 psihologie de impas sufletesc au ecouri mistice refulate \u00een rug\u0103ciunea p\u0103g\u00e2n\u0103 a violen\u0163ei terestre, \u00eentr-un decor ostil, neprietenos, dintr-o geografie intim-personalizat\u0103: \u201ece greu mi-a fost Doamne s\u0103 Te descop\u0103r \/ \u00een neguri de secole Te-am c\u0103utat orb \/ mi-am l\u0103sat ochii sf\u00e2\u015fia\u0163i de-un corb \/ n-am crezut s\u0103 Te superi de-un singur m\u0103r\u201d (\u201ePoarta interzis\u0103\u201d, sonetul 23, pag. 27); ca o erezie \u015fi o nevoie de \u201eIndulgen\u0163e\u201d de Ev Mediu bigot.<\/p>\n<p style=\"text-align: justify;\">\n<p style=\"text-align: justify;\">Sonetele din \u201e101 sonete\u201d se t\u00e2nguie mistic, cu ison de toac\u0103, \u00een vecernii de sear\u0103, cu incanta\u0163ii de laic agnostic, \u015fcolit \u00een amfiteatre puritane, cu o moral\u0103 de parad\u0103, de poet introvertit domolit doar de lecturi de calitate: \u201e\u00een sfera vederii vremea se-nclin\u0103 \/ \u00een pomul cunoa\u015fterii toamna c\u00e2nt\u0103 \/ prin cuvinte flux magnetic se-av\u00e2nt\u0103 \/ hran\u0103 pentru spirit lumin\u0103 lin\u0103\u201d (\u201eAxiome sacre\u201d, sonetul 90, pag. 93).<\/p>\n<p style=\"text-align: justify;\">\n<p style=\"text-align: justify;\">Medita\u0163ia personal\u0103, de-o noble\u0163e plastic\u0103, pliat\u0103 pe-un decor de iarn\u0103 din Bruegel cel B\u0103tr\u00e2n, se \u00eemplete\u015fte surprinz\u0103tor, constant cu con\u015ftiin\u0163a poetic\u0103 \u015fi mantia liric\u0103 a poetului, \u00eentre luciditate \u015fi fantezie, \u00eentre calcul matematic \u015fi risc ipotetic. Alteori, sonetele din \u201eC\u00e2ntecul reginei\u201d induc semantic spre o mistic\u0103 aparent cazon\u0103, dar au reverbera\u0163ii existen\u0163iale prin condi\u0163ional-optativul implor\u0103rii divine, deoarece domnul Aurel M. Buricea este cre\u015ftinul care se roag\u0103 pun\u00e2nd condi\u0163ii, ca de la egal la egal, cu u\u015foare nuan\u0163e spre un laic mai degrab\u0103 dubitativ dec\u00e2t manifest, con\u015ftient, deliberat: \u201e&#8230;ce cale s\u0103 aleg, Doamne, acum \/ c\u00e2nd cenu\u015fa lumii m\u0103 p\u0103trunde \/ \u015fi-n uitare visul s-a f\u0103cut scrum\u201d (ultima ter\u0163in\u0103 din sonetul 84, \u201eDincolo de cuv\u00e2nt\u201d, pag. 87).<\/p>\n<p style=\"text-align: justify;\">\n<p style=\"text-align: justify;\">Adev\u0103rul este c\u0103 poetul se complace \u00eentr-o mistic\u0103 de protec\u0163ie, \u00eentr-o alternativ\u0103 de cre\u015ftinism primitiv, de \u00eenceput de&#8230; ini\u0163iere apostolic\u0103. Adev\u0103rul este c\u0103 poetul a alergat perpetuu dup\u0103 certitudini \u015fi a avut parte mai mult de nedumeriri \u015fi sincope existen\u0163iale, pe care le-a receptat ca&#8230; \u00eencerc\u0103ri divine \u015fi, dogmatic, n-a avut curajul revoltei prefer\u00e2nd refugiul \u00een p\u0103catul cu \u015fanse de iertare prin&#8230; acatiste pervertite \u00een scuze elegante \u015fi rug\u0103 cucernic\u0103.<\/p>\n<p style=\"text-align: justify;\">\n<p style=\"text-align: justify;\">Oricum, domnul Aurel M. Buricea r\u0103m\u00e2ne un poet at\u00e2t de autentic \u015fi de reprezentativ pentru o sintagm\u0103 liric\u0103 contemporan\u0103, sonetul, \u00eenc\u00e2t cartea aceasta de tip \u201eOpera Omnia\u201d certific\u0103 valoarea premiilor \u015fi distinc\u0163ilor primite de-a lungul vremii; calitatea sa de membru al Uniunii Scriitorilor din Rom\u00e2nia; prezen\u0163a sa \u00een \u201eDic\u0163ionarul Academiei Rom\u00e2ne\u201d, \u00een \u201eDic\u0163ionarul biografic al literaturii rom\u00e2ne\u201d; ca \u015fi mul\u0163imea de cronici literare despre c\u0103r\u0163ile sale \u015fi despre opera sa literar\u0103, publicate \u00een revistele de specialitate din \u0163ar\u0103 \u015fi de peste hotare.<\/p>\n<p style=\"text-align: justify;\">\n<p style=\"text-align: justify;\">\u015ei-a\u015f mai spune ceva despre domnul Aurel M. Buricea, Omul cu O mare de tipar; un permanent revoltat, un pururea \u00eencr\u00e2ncenat&#8230;; pe toat\u0103 lumea, pe toate timpurile \u015fi pe toate virtualele \u015fanse personale de a \u00eenvinge! Nu este un \u00eenfr\u00e2nt, dar este \u00eentr-un continuu&#8230; contrasens, cu to\u0163i \u015fi cu el \u00eensu\u015fi; l-a\u015f asemui cu poetul Alexandru Macedonski, \u00een contradic\u0163ie cu firea sa bl\u00e2nd\u0103, de om instruit \u015fi sensibil, dar posedat de-o inexplicabil\u0103 \u015fi p\u0103guboas\u0103 lips\u0103 de autoprotec\u0163ie!?<\/p>\n<p style=\"text-align: justify;\">\n<p style=\"text-align: justify;\">Rareori mi s-a \u00eent\u00e2mplat s\u0103 cunosc un poet, care s\u0103-\u015fi expun\u0103 riscant sufletul \u015fi crezul poetic, cum o face non\u015falant \u015fi chiar pu\u0163in incon\u015ftient poetul Aurel M. Buricea, care probabil mizeaz\u0103 naiv \u015fi sincer doar pe mesajul s\u0103u liric, expus programatic, doar pe inten\u0163ii agresiv-ideatice dar absolut valoroase.<\/p>\n<p style=\"text-align: justify;\">\n<p style=\"text-align: justify;\"><strong><em>Felicit\u0103ri pentru cele 101 de sonete \u015fi La mul\u0163i ani!<\/em><\/strong><\/p>\n<p style=\"text-align: justify;\">\n<p style=\"text-align: justify;\"><strong>Dumitru ANGHEL<\/strong><\/p>\n<p style=\"text-align: justify;\"><strong>23 martie 2015 <\/strong><\/p>\n<p style=\"text-align: justify;\"><strong>Bucure\u015fti<\/strong><\/p>\n<p>&nbsp;<\/p>\n","protected":false},"excerpt":{"rendered":"<p>Dintre cele 19 c\u0103r\u0163i publicate, de la debutul editorial din 1977, scriitorul Aurel M. Buricea \u00ee\u015fi contabilizeaz\u0103 9 volume \u00een [&#038;hellip<\/p>\n","protected":false},"author":1,"featured_media":0,"comment_status":"closed","ping_status":"closed","sticky":false,"template":"","format":"standard","meta":{"footnotes":""},"categories":[3],"tags":[],"class_list":["post-22187","post","type-post","status-publish","format-standard","hentry","category-articole"],"_links":{"self":[{"href":"https:\/\/www.marianagurza.ro\/blog\/wp-json\/wp\/v2\/posts\/22187","targetHints":{"allow":["GET"]}}],"collection":[{"href":"https:\/\/www.marianagurza.ro\/blog\/wp-json\/wp\/v2\/posts"}],"about":[{"href":"https:\/\/www.marianagurza.ro\/blog\/wp-json\/wp\/v2\/types\/post"}],"author":[{"embeddable":true,"href":"https:\/\/www.marianagurza.ro\/blog\/wp-json\/wp\/v2\/users\/1"}],"replies":[{"embeddable":true,"href":"https:\/\/www.marianagurza.ro\/blog\/wp-json\/wp\/v2\/comments?post=22187"}],"version-history":[{"count":2,"href":"https:\/\/www.marianagurza.ro\/blog\/wp-json\/wp\/v2\/posts\/22187\/revisions"}],"predecessor-version":[{"id":22190,"href":"https:\/\/www.marianagurza.ro\/blog\/wp-json\/wp\/v2\/posts\/22187\/revisions\/22190"}],"wp:attachment":[{"href":"https:\/\/www.marianagurza.ro\/blog\/wp-json\/wp\/v2\/media?parent=22187"}],"wp:term":[{"taxonomy":"category","embeddable":true,"href":"https:\/\/www.marianagurza.ro\/blog\/wp-json\/wp\/v2\/categories?post=22187"},{"taxonomy":"post_tag","embeddable":true,"href":"https:\/\/www.marianagurza.ro\/blog\/wp-json\/wp\/v2\/tags?post=22187"}],"curies":[{"name":"wp","href":"https:\/\/api.w.org\/{rel}","templated":true}]}}