{"id":22235,"date":"2015-03-24T12:51:45","date_gmt":"2015-03-24T12:51:45","guid":{"rendered":"http:\/\/www.marianagurza.ro\/blog\/?p=22235"},"modified":"2015-03-24T12:55:11","modified_gmt":"2015-03-24T12:55:11","slug":"zorica-latcu-buna-vestire-3","status":"publish","type":"post","link":"https:\/\/www.marianagurza.ro\/blog\/2015\/03\/24\/zorica-latcu-buna-vestire-3\/","title":{"rendered":"Zorica La\u021bcu: Buna Vestire"},"content":{"rendered":"<p style=\"text-align: center;\"><a href=\"http:\/\/www.marianagurza.ro\/blog\/wp-content\/uploads\/2015\/03\/Buna_vestire___The_annunciation_de_leonardo_da_vinci.jpg\"><img loading=\"lazy\" decoding=\"async\" class=\"size-medium wp-image-22236\" title=\"Buna_vestire___The_annunciation_de_leonardo_da_vinci\" src=\"http:\/\/www.marianagurza.ro\/blog\/wp-content\/uploads\/2015\/03\/Buna_vestire___The_annunciation_de_leonardo_da_vinci-300x133.jpg\" alt=\"\" width=\"300\" height=\"133\" srcset=\"https:\/\/www.marianagurza.ro\/blog\/wp-content\/uploads\/2015\/03\/Buna_vestire___The_annunciation_de_leonardo_da_vinci-300x133.jpg 300w, https:\/\/www.marianagurza.ro\/blog\/wp-content\/uploads\/2015\/03\/Buna_vestire___The_annunciation_de_leonardo_da_vinci.jpg 715w\" sizes=\"auto, (max-width: 300px) 100vw, 300px\" \/><\/a><\/p>\n<p><strong>Buna Vestire<\/strong><\/p>\n<p>&nbsp;<\/p>\n<p>Venit-a sol din Cer, pe aripi de v\u00e2nt,<br \/>\n\u0218i s-a oprit pe prag cu-nchin\u0103ciune.<br \/>\n\u00cen m\u00e2n\u0103 duce crinul proasp\u0103t fr\u00e2nt,<br \/>\nSmerite, buzele-i solesc minune.<\/p>\n<p>Vestirea lui pe Tine Te uime\u0219te:<br \/>\nRidici spre El privirea Ta mirat\u0103;<br \/>\nMi\u0219carea m\u00e2inii st\u00e2ngi parc\u0103 opre\u0219te<br \/>\nDeparte, spusa binecuv\u00e2ntat\u0103.<\/p>\n<p>\u0218i dreapta, ca o pat\u0103 grea de soare,<br \/>\nVe\u0219m\u00e2ntul verde peste piept l-apas\u0103.<br \/>\n\u00cen g\u00e2nd Te-ntrebi: \u201eCum se poate oare,<br \/>\nS\u0103-i fiu St\u0103p\u00e2nului Prea-nalt, mireas\u0103?\u201d<\/p>\n<p>Fiin\u021ba Ta e foaia cea nescris\u0103,<br \/>\nDin veci, Cuv\u00e2ntului Preasf\u00e2nt g\u0103tit\u0103.<br \/>\nSe vede-n fund, prin u\u0219a larg deschis\u0103,<br \/>\nUn col\u021b de cer \u0219i-o ramur\u0103-nflorit\u0103.<\/p>\n<p>Din slava sufletelor preacurate,<br \/>\nLumin\u0103 peste chipul T\u0103u se \u021bese<br \/>\nPe cre\u0219tetu-\u021bi cununi de nestemate<br \/>\nPrind v\u0103l u\u0219or cu-nflorituri alese.<\/p>\n<p>\u0218i pe sub v\u0103l str\u0103lucitor s-arat\u0103<br \/>\nBogatul p\u0103r arz\u00e2nd cu fl\u0103c\u0103ri pline,<br \/>\nOrbit de-at\u00e2ta slav\u0103, ochiul cat\u0103<br \/>\nUn col\u021b \u00eentunecos printre lumine.<\/p>\n<p>Privirea mea \u00eencet prin foc str\u0103bate<br \/>\nCi nu-nt\u00e2lne\u0219te dec\u00e2t raze-n cale.<br \/>\nUn trandafir, cu pete-ntunecate,<br \/>\nA nins \u00eencet, \u00een jurul T\u0103u petale.<\/p>\n<p>\u0218i-n plec\u0103ciunea plin\u0103 de av\u00e2nt,<br \/>\nPe care \u00cengerul \u021ai-o-nchin\u0103 \u021aie<br \/>\n\u0218i-n buzele lui scris-a Duhul Sf\u00e2nt<br \/>\nUn viers smerit, soliri de bucurie.<\/p>\n<p>&nbsp;<\/p>\n<p style=\"text-align: center;\"><strong>Zorica La\u021bcu<\/strong><\/p>\n<p style=\"text-align: center;\">Imagine<em>: Buna Vestire<\/em>, pictur\u0103 realizat\u0103 de <em>Leonardo da Vinci<\/em><\/p>\n","protected":false},"excerpt":{"rendered":"<p>Buna Vestire &nbsp; Venit-a sol din Cer, pe aripi de v\u00e2nt, \u0218i s-a oprit pe prag cu-nchin\u0103ciune. \u00cen m\u00e2n\u0103 duce [&#038;hellip<\/p>\n","protected":false},"author":1,"featured_media":0,"comment_status":"closed","ping_status":"closed","sticky":false,"template":"","format":"standard","meta":{"footnotes":""},"categories":[3],"tags":[],"class_list":["post-22235","post","type-post","status-publish","format-standard","hentry","category-articole"],"_links":{"self":[{"href":"https:\/\/www.marianagurza.ro\/blog\/wp-json\/wp\/v2\/posts\/22235","targetHints":{"allow":["GET"]}}],"collection":[{"href":"https:\/\/www.marianagurza.ro\/blog\/wp-json\/wp\/v2\/posts"}],"about":[{"href":"https:\/\/www.marianagurza.ro\/blog\/wp-json\/wp\/v2\/types\/post"}],"author":[{"embeddable":true,"href":"https:\/\/www.marianagurza.ro\/blog\/wp-json\/wp\/v2\/users\/1"}],"replies":[{"embeddable":true,"href":"https:\/\/www.marianagurza.ro\/blog\/wp-json\/wp\/v2\/comments?post=22235"}],"version-history":[{"count":4,"href":"https:\/\/www.marianagurza.ro\/blog\/wp-json\/wp\/v2\/posts\/22235\/revisions"}],"predecessor-version":[{"id":22238,"href":"https:\/\/www.marianagurza.ro\/blog\/wp-json\/wp\/v2\/posts\/22235\/revisions\/22238"}],"wp:attachment":[{"href":"https:\/\/www.marianagurza.ro\/blog\/wp-json\/wp\/v2\/media?parent=22235"}],"wp:term":[{"taxonomy":"category","embeddable":true,"href":"https:\/\/www.marianagurza.ro\/blog\/wp-json\/wp\/v2\/categories?post=22235"},{"taxonomy":"post_tag","embeddable":true,"href":"https:\/\/www.marianagurza.ro\/blog\/wp-json\/wp\/v2\/tags?post=22235"}],"curies":[{"name":"wp","href":"https:\/\/api.w.org\/{rel}","templated":true}]}}