{"id":22245,"date":"2015-03-24T16:15:46","date_gmt":"2015-03-24T16:15:46","guid":{"rendered":"http:\/\/www.marianagurza.ro\/blog\/?p=22245"},"modified":"2015-03-24T16:15:46","modified_gmt":"2015-03-24T16:15:46","slug":"camelia-cristea-raman","status":"publish","type":"post","link":"https:\/\/www.marianagurza.ro\/blog\/2015\/03\/24\/camelia-cristea-raman\/","title":{"rendered":"Camelia Cristea: R\u0103m\u00e2n"},"content":{"rendered":"<p style=\"text-align: center;\"><a href=\"http:\/\/www.marianagurza.ro\/blog\/wp-content\/uploads\/2015\/03\/Camelia-Cristea6.jpeg\"><img loading=\"lazy\" decoding=\"async\" class=\"size-full wp-image-22246\" title=\"Camelia Cristea\" src=\"http:\/\/www.marianagurza.ro\/blog\/wp-content\/uploads\/2015\/03\/Camelia-Cristea6.jpeg\" alt=\"\" width=\"184\" height=\"184\" srcset=\"https:\/\/www.marianagurza.ro\/blog\/wp-content\/uploads\/2015\/03\/Camelia-Cristea6.jpeg 184w, https:\/\/www.marianagurza.ro\/blog\/wp-content\/uploads\/2015\/03\/Camelia-Cristea6-150x150.jpg 150w\" sizes=\"auto, (max-width: 184px) 100vw, 184px\" \/><\/a><\/p>\n<p><strong>R\u0103m\u00e2n <\/strong><\/p>\n<p>&nbsp;<\/p>\n<p>Eu r\u0103m\u00e2n la \u021b\u0103rm de vise<br \/>\n\u0218i m\u0103 sprinjin de cuvinte,<br \/>\nPrin seninul din cerneluri<br \/>\nLas ferestrele deschise&#8230;<\/p>\n<p>&nbsp;<\/p>\n<p>Caii zburd\u0103 lini\u0219ti\u021bi<br \/>\nC\u0103 e rost de prim\u0103var\u0103,<br \/>\nGhiocei cei smeri\u021bi<br \/>\nSun\u0103 cloptul de sear\u0103&#8230;<\/p>\n<p>&nbsp;<\/p>\n<p>Zburd\u0103-n parcuri veselia<br \/>\nPrin alaiul de copii,<br \/>\n\u00cen palate, bucuria<br \/>\nTe a\u0219teapt\u0103 s\u0103 revii.<\/p>\n<p>&nbsp;<\/p>\n<p>Las\u0103 grijile m\u0103runte<br \/>\n\u0218i le v\u00e2r\u0103 \u00eentr-un sac,<br \/>\nCelor mici \u0219i pu\u0219i pe sotii<br \/>\nNu vreau s\u0103 le fac pe plac.<\/p>\n<p>&nbsp;<\/p>\n<p>Curcubeul dup\u0103 ploaie<br \/>\nZ\u0103mislit cu har de \u00eengeri<br \/>\nTe ajut\u0103 cu un scop&#8230;,<br \/>\nPrin dureri s\u0103 nu mai s\u00e2ngeri&#8230;<\/p>\n<p>&nbsp;<\/p>\n<p style=\"text-align: center;\"><strong>Camelia CRISTEA<\/strong><\/p>\n<p>&nbsp;<\/p>\n","protected":false},"excerpt":{"rendered":"<p>R\u0103m\u00e2n &nbsp; Eu r\u0103m\u00e2n la \u021b\u0103rm de vise \u0218i m\u0103 sprinjin de cuvinte, Prin seninul din cerneluri Las ferestrele deschise&#8230; [&#038;hellip<\/p>\n","protected":false},"author":1,"featured_media":0,"comment_status":"closed","ping_status":"closed","sticky":false,"template":"","format":"standard","meta":{"footnotes":""},"categories":[3],"tags":[],"class_list":["post-22245","post","type-post","status-publish","format-standard","hentry","category-articole"],"_links":{"self":[{"href":"https:\/\/www.marianagurza.ro\/blog\/wp-json\/wp\/v2\/posts\/22245","targetHints":{"allow":["GET"]}}],"collection":[{"href":"https:\/\/www.marianagurza.ro\/blog\/wp-json\/wp\/v2\/posts"}],"about":[{"href":"https:\/\/www.marianagurza.ro\/blog\/wp-json\/wp\/v2\/types\/post"}],"author":[{"embeddable":true,"href":"https:\/\/www.marianagurza.ro\/blog\/wp-json\/wp\/v2\/users\/1"}],"replies":[{"embeddable":true,"href":"https:\/\/www.marianagurza.ro\/blog\/wp-json\/wp\/v2\/comments?post=22245"}],"version-history":[{"count":2,"href":"https:\/\/www.marianagurza.ro\/blog\/wp-json\/wp\/v2\/posts\/22245\/revisions"}],"predecessor-version":[{"id":22248,"href":"https:\/\/www.marianagurza.ro\/blog\/wp-json\/wp\/v2\/posts\/22245\/revisions\/22248"}],"wp:attachment":[{"href":"https:\/\/www.marianagurza.ro\/blog\/wp-json\/wp\/v2\/media?parent=22245"}],"wp:term":[{"taxonomy":"category","embeddable":true,"href":"https:\/\/www.marianagurza.ro\/blog\/wp-json\/wp\/v2\/categories?post=22245"},{"taxonomy":"post_tag","embeddable":true,"href":"https:\/\/www.marianagurza.ro\/blog\/wp-json\/wp\/v2\/tags?post=22245"}],"curies":[{"name":"wp","href":"https:\/\/api.w.org\/{rel}","templated":true}]}}