{"id":22258,"date":"2015-03-24T20:41:25","date_gmt":"2015-03-24T20:41:25","guid":{"rendered":"http:\/\/www.marianagurza.ro\/blog\/?p=22258"},"modified":"2015-03-24T22:37:56","modified_gmt":"2015-03-24T22:37:56","slug":"iuliana-popescu","status":"publish","type":"post","link":"https:\/\/www.marianagurza.ro\/blog\/2015\/03\/24\/iuliana-popescu\/","title":{"rendered":"Iuliana Paloda-Popescu: Fecioar\u0103 Sf\u00e2nt\u0103"},"content":{"rendered":"<p style=\"text-align: center;\"><a href=\"http:\/\/www.marianagurza.ro\/blog\/wp-content\/uploads\/2015\/03\/Dante-Gabriel-Rossetti_Buna-Vestire.1.jpg\"><img loading=\"lazy\" decoding=\"async\" class=\"size-medium wp-image-22286\" title=\"Dante Gabriel Rossetti_Buna Vestire.\" src=\"http:\/\/www.marianagurza.ro\/blog\/wp-content\/uploads\/2015\/03\/Dante-Gabriel-Rossetti_Buna-Vestire.1-184x300.jpg\" alt=\"\" width=\"184\" height=\"300\" srcset=\"https:\/\/www.marianagurza.ro\/blog\/wp-content\/uploads\/2015\/03\/Dante-Gabriel-Rossetti_Buna-Vestire.1-184x300.jpg 184w, https:\/\/www.marianagurza.ro\/blog\/wp-content\/uploads\/2015\/03\/Dante-Gabriel-Rossetti_Buna-Vestire.1.jpg 368w\" sizes=\"auto, (max-width: 184px) 100vw, 184px\" \/><\/a><\/p>\n<p>&nbsp;<\/p>\n<p>&nbsp;<\/p>\n<p><strong>Fecioar\u0103 Sf\u00e2nt\u0103<\/strong><\/p>\n<p>&nbsp;<\/p>\n<p>&nbsp;<\/p>\n<p>Fecioar\u0103 Sf\u00e2nt\u0103, Preacurat\u0103,<\/p>\n<p>Icoanei tale m\u0103 \u00eenchin,<\/p>\n<p>Prin Tine, via\u0163a noastr\u0103 toat\u0103<\/p>\n<p>S\u0103 ard\u0103-n cupa unui crin!&#8230;<\/p>\n<p>&nbsp;<\/p>\n<p>M\u0103 rog \u00een tain\u0103, Maica noastr\u0103<\/p>\n<p>\u015ei-a Fiului iubit Iisus,<\/p>\n<p>Deschide-a Raiului fereastr\u0103,<\/p>\n<p>S\u0103 pot privi \u00een Ceruri, sus!&#8230;<\/p>\n<p>&nbsp;<\/p>\n<p>Trimite \u00cengeri de departe,<\/p>\n<p>S\u0103-mi spun\u0103 semnul ce-ai ascuns<\/p>\n<p>\u00centru aceast\u0103 simpl\u0103 carte<\/p>\n<p>Deschis\u0103-n rana Lui Iisus!&#8230;<\/p>\n<p>&nbsp;<\/p>\n<p>Aprinse vorbe de lumin\u0103<\/p>\n<p>S\u0103-nal\u0163e gura mea \u00een zori,<\/p>\n<p>Din sufletu-mi f\u0103cut gr\u0103din\u0103<\/p>\n<p>Cu p\u0103s\u0103ri albe \u015fi cu flori!&#8230;<\/p>\n<p>&nbsp;<\/p>\n<p>S\u0103 prind\u0103 aripi g\u00e2ndul meu<\/p>\n<p>Pe care-l scriu pe p\u00e2nza zilei,<\/p>\n<p>S\u0103 zboare-n Cer, la Dumnezeu,<\/p>\n<p>S\u0103 \u00cei deschid\u0103 ochii milei!&#8230;<\/p>\n<p>&nbsp;<\/p>\n<p>&nbsp;<\/p>\n<p>&nbsp;<\/p>\n<p>Iuliana Paloda-Popescu, <em>Cu privighetoarea pe um\u0103r<\/em>,<\/p>\n<p>Prefa\u0163\u0103 de Radu C\u00e2rneci, Editura Rawex Coms, Bucure\u015fti, 2010, p.17<\/p>\n","protected":false},"excerpt":{"rendered":"<p>&nbsp; &nbsp; Fecioar\u0103 Sf\u00e2nt\u0103 &nbsp; &nbsp; Fecioar\u0103 Sf\u00e2nt\u0103, Preacurat\u0103, Icoanei tale m\u0103 \u00eenchin, Prin Tine, via\u0163a noastr\u0103 toat\u0103 S\u0103 ard\u0103-n [&#038;hellip<\/p>\n","protected":false},"author":1,"featured_media":0,"comment_status":"closed","ping_status":"closed","sticky":false,"template":"","format":"standard","meta":{"footnotes":""},"categories":[3],"tags":[],"class_list":["post-22258","post","type-post","status-publish","format-standard","hentry","category-articole"],"_links":{"self":[{"href":"https:\/\/www.marianagurza.ro\/blog\/wp-json\/wp\/v2\/posts\/22258","targetHints":{"allow":["GET"]}}],"collection":[{"href":"https:\/\/www.marianagurza.ro\/blog\/wp-json\/wp\/v2\/posts"}],"about":[{"href":"https:\/\/www.marianagurza.ro\/blog\/wp-json\/wp\/v2\/types\/post"}],"author":[{"embeddable":true,"href":"https:\/\/www.marianagurza.ro\/blog\/wp-json\/wp\/v2\/users\/1"}],"replies":[{"embeddable":true,"href":"https:\/\/www.marianagurza.ro\/blog\/wp-json\/wp\/v2\/comments?post=22258"}],"version-history":[{"count":8,"href":"https:\/\/www.marianagurza.ro\/blog\/wp-json\/wp\/v2\/posts\/22258\/revisions"}],"predecessor-version":[{"id":22260,"href":"https:\/\/www.marianagurza.ro\/blog\/wp-json\/wp\/v2\/posts\/22258\/revisions\/22260"}],"wp:attachment":[{"href":"https:\/\/www.marianagurza.ro\/blog\/wp-json\/wp\/v2\/media?parent=22258"}],"wp:term":[{"taxonomy":"category","embeddable":true,"href":"https:\/\/www.marianagurza.ro\/blog\/wp-json\/wp\/v2\/categories?post=22258"},{"taxonomy":"post_tag","embeddable":true,"href":"https:\/\/www.marianagurza.ro\/blog\/wp-json\/wp\/v2\/tags?post=22258"}],"curies":[{"name":"wp","href":"https:\/\/api.w.org\/{rel}","templated":true}]}}