{"id":22307,"date":"2015-03-25T07:44:39","date_gmt":"2015-03-25T07:44:39","guid":{"rendered":"http:\/\/www.marianagurza.ro\/blog\/?p=22307"},"modified":"2015-03-25T07:44:39","modified_gmt":"2015-03-25T07:44:39","slug":"mugurel-puscas-veniti-la-cabana-de-foc%e2%80%9d","status":"publish","type":"post","link":"https:\/\/www.marianagurza.ro\/blog\/2015\/03\/25\/mugurel-puscas-veniti-la-cabana-de-foc%e2%80%9d\/","title":{"rendered":"Mugurel Pu\u015fca\u015f: Veni\u021bi la ,,Cabana de foc\u201d"},"content":{"rendered":"<p style=\"text-align: center;\"><a href=\"http:\/\/www.marianagurza.ro\/blog\/wp-content\/uploads\/2015\/03\/cabana.puscas1.page1_1.jpg\"><img loading=\"lazy\" decoding=\"async\" class=\"size-medium wp-image-22308\" title=\"cabana.puscas1.page1\" src=\"http:\/\/www.marianagurza.ro\/blog\/wp-content\/uploads\/2015\/03\/cabana.puscas1.page1_1-212x300.jpg\" alt=\"\" width=\"212\" height=\"300\" srcset=\"https:\/\/www.marianagurza.ro\/blog\/wp-content\/uploads\/2015\/03\/cabana.puscas1.page1_1-212x300.jpg 212w, https:\/\/www.marianagurza.ro\/blog\/wp-content\/uploads\/2015\/03\/cabana.puscas1.page1_1-725x1024.jpg 725w, https:\/\/www.marianagurza.ro\/blog\/wp-content\/uploads\/2015\/03\/cabana.puscas1.page1_1.jpg 1748w\" sizes=\"auto, (max-width: 212px) 100vw, 212px\" \/><\/a><\/p>\n<p><strong>VENI\u0162I la ,,CABANA DE FOC\u201d<\/strong><\/p>\n<p>&nbsp;<\/p>\n<p>\u00cen prag de prim\u0103var\u0103 timpurie,<br \/>\nSunt bucuros c\u0103 a\u0163I venit, amici,<br \/>\nS\u0103 v\u0103-nt\u00e2lni\u0163i din nou cu poezia<br \/>\nMereu al\u0103turi \u015fi mereu aici.<\/p>\n<p>&nbsp;<\/p>\n<p>E prim\u0103var\u0103, totul \u00eenverze\u015fte,<br \/>\nE prim\u0103var\u0103-n suflete&#8230;\u00cen noi&#8230;<br \/>\nCabana mea de foc v-a\u015fteapt\u0103 cald\u0103,<br \/>\n\u00cen secol de r\u0103zboaie \u015fi erori.<\/p>\n<p>&nbsp;<\/p>\n<p>Potecile urc\u00e2nd, v-a\u015fteapt\u0103 pasul,<br \/>\nSe-aud t\u0103l\u0103ngi curg\u00e2nd pe c\u0103i de mun\u0163i,<br \/>\nVeni\u0163i prieteni, s\u0103 uita\u0163i de lumea<br \/>\nNevoilor \u015fi-a timpilor c\u0103run\u0163i.<\/p>\n<p>&nbsp;<\/p>\n<p>Sunt sigur! Nu ve\u0163i regreta sosirea!<br \/>\nIubirea v\u0103-nconjoar\u0103 peste tot,<br \/>\nOdihna v\u0103 a\u015fteapt\u0103, primenirea&#8230;<br \/>\nApoi o ve\u0163i lua, din nou, din loc.<\/p>\n<p>&nbsp;<\/p>\n<p>Pe alte c\u0103i, spre alte noi limanuri<br \/>\nEternii c\u0103l\u0103tori ai unei vie\u0163i&#8230;<br \/>\nV\u0103 mul\u0163umesc c\u0103 a\u0163i venit prieteni<br \/>\n\u015ei sper \u015fi-a zecea oar\u0103 s\u0103 pute\u0163i&#8230;<\/p>\n<p>&nbsp;<\/p>\n<p align=\"center\">Mugurel Pu\u015fca\u015f<br \/>\n( Liga Scriitorilor din Rom\u00e2nia)<\/p>\n","protected":false},"excerpt":{"rendered":"<p>VENI\u0162I la ,,CABANA DE FOC\u201d &nbsp; \u00cen prag de prim\u0103var\u0103 timpurie, Sunt bucuros c\u0103 a\u0163I venit, amici, S\u0103 v\u0103-nt\u00e2lni\u0163i din [&#038;hellip<\/p>\n","protected":false},"author":1,"featured_media":0,"comment_status":"closed","ping_status":"closed","sticky":false,"template":"","format":"standard","meta":{"footnotes":""},"categories":[3],"tags":[],"class_list":["post-22307","post","type-post","status-publish","format-standard","hentry","category-articole"],"_links":{"self":[{"href":"https:\/\/www.marianagurza.ro\/blog\/wp-json\/wp\/v2\/posts\/22307","targetHints":{"allow":["GET"]}}],"collection":[{"href":"https:\/\/www.marianagurza.ro\/blog\/wp-json\/wp\/v2\/posts"}],"about":[{"href":"https:\/\/www.marianagurza.ro\/blog\/wp-json\/wp\/v2\/types\/post"}],"author":[{"embeddable":true,"href":"https:\/\/www.marianagurza.ro\/blog\/wp-json\/wp\/v2\/users\/1"}],"replies":[{"embeddable":true,"href":"https:\/\/www.marianagurza.ro\/blog\/wp-json\/wp\/v2\/comments?post=22307"}],"version-history":[{"count":2,"href":"https:\/\/www.marianagurza.ro\/blog\/wp-json\/wp\/v2\/posts\/22307\/revisions"}],"predecessor-version":[{"id":22310,"href":"https:\/\/www.marianagurza.ro\/blog\/wp-json\/wp\/v2\/posts\/22307\/revisions\/22310"}],"wp:attachment":[{"href":"https:\/\/www.marianagurza.ro\/blog\/wp-json\/wp\/v2\/media?parent=22307"}],"wp:term":[{"taxonomy":"category","embeddable":true,"href":"https:\/\/www.marianagurza.ro\/blog\/wp-json\/wp\/v2\/categories?post=22307"},{"taxonomy":"post_tag","embeddable":true,"href":"https:\/\/www.marianagurza.ro\/blog\/wp-json\/wp\/v2\/tags?post=22307"}],"curies":[{"name":"wp","href":"https:\/\/api.w.org\/{rel}","templated":true}]}}