{"id":22406,"date":"2015-03-27T16:38:28","date_gmt":"2015-03-27T16:38:28","guid":{"rendered":"http:\/\/www.marianagurza.ro\/blog\/?p=22406"},"modified":"2015-03-27T16:39:51","modified_gmt":"2015-03-27T16:39:51","slug":"alexandru-vlahuta-carmacii-2","status":"publish","type":"post","link":"https:\/\/www.marianagurza.ro\/blog\/2015\/03\/27\/alexandru-vlahuta-carmacii-2\/","title":{"rendered":"Alexandru Vlahu\u021b\u0103: C\u00e2rmacii"},"content":{"rendered":"<p style=\"text-align: center;\"><a href=\"http:\/\/www.marianagurza.ro\/blog\/wp-content\/uploads\/2015\/03\/carul-cu-boi-al-lui-grigorescu.jpg\"><img loading=\"lazy\" decoding=\"async\" class=\"size-medium wp-image-22407\" title=\"carul-cu-boi-al-lui-grigorescu\" src=\"http:\/\/www.marianagurza.ro\/blog\/wp-content\/uploads\/2015\/03\/carul-cu-boi-al-lui-grigorescu-300x176.jpg\" alt=\"\" width=\"300\" height=\"176\" srcset=\"https:\/\/www.marianagurza.ro\/blog\/wp-content\/uploads\/2015\/03\/carul-cu-boi-al-lui-grigorescu-300x176.jpg 300w, https:\/\/www.marianagurza.ro\/blog\/wp-content\/uploads\/2015\/03\/carul-cu-boi-al-lui-grigorescu-1024x602.jpg 1024w, https:\/\/www.marianagurza.ro\/blog\/wp-content\/uploads\/2015\/03\/carul-cu-boi-al-lui-grigorescu.jpg 1500w\" sizes=\"auto, (max-width: 300px) 100vw, 300px\" \/><\/a><\/p>\n<p><strong>\u00a0\u00a0\u00a0\u00a0\u00a0\u00a0\u00a0\u00a0 C\u00c2RMACII<\/strong><\/p>\n<p align=\"center\"><strong>\u00a0<\/strong><\/p>\n<p>&nbsp;<\/p>\n<p>Vai, nenorocit\u0103 \u0163ar\u0103, rele zile-ai mai ajuns!<\/p>\n<p>A lor gheare-nfipte-n pieptu-\u0163i f\u0103r\u0103 mil\u0103 l-au str\u0103puns<\/p>\n<p>\u015ei-n buc\u0103\u0163i \u00eempart, infamii, carnea ta, avutul t\u0103u!<\/p>\n<p>Tot ce s-a g\u0103sit pe lume mai stricat, mai crud, mai r\u0103u,<\/p>\n<p>&nbsp;<\/p>\n<p>\u0102\u015fti nemernici f\u0103r\u0103 suflet, f\u0103r\u0103 nici un c\u0103p\u0103t\u00e2i,<\/p>\n<p>\u0162in a tale zile-n m\u00e2n\u0103, \u015f-a ta cinste sub c\u0103lc\u00e2i.<\/p>\n<p>\u015ei c\u0103l\u0103ri pe tine, \u0163ar\u0103, se cred zei aceste bestii,<\/p>\n<p>Cum se cred ades copiii \u00eemp\u0103ra\u0163i c\u0103l\u0103ri pe trestii.<\/p>\n<p>&nbsp;<\/p>\n<p>Ei sunt mari \u015fi tari, \u015fi nu au nici ru\u015fine, nici sfial\u0103<\/p>\n<p>C\u0103-ntr-o zi, poate, urma\u015fii le vor cere socoteal\u0103<\/p>\n<p>De-a lor fapte. Ce le pas\u0103? Lop\u0103tari, la c\u00e2rma \u0163\u0103rii<\/p>\n<p>Sunt st\u0103p\u00e2ni pe vas, pe v\u00e2nturi, \u015fi pe valurile m\u0103rii!<\/p>\n<p>&nbsp;<\/p>\n<p>\u015ei c\u00e2nd cuge\u0163i c-ace\u015fti tr\u00e2ntori, ast\u0103 hait\u0103 de samsari<\/p>\n<p>Prin tertipuri \u015fi prin intrigi au ajuns puternici, mari,<\/p>\n<p>\u015ei c\u00e2nd vezi pe-a vie\u0163ii scar\u0103 unde-au fost \u015fi unde sunt,<\/p>\n<p>C\u00e2nd \u00eei vezi cu ce m\u00e2ndrie, cu ce ochi seme\u0163i \u015fi crunt<\/p>\n<p>&nbsp;<\/p>\n<p>Privesc azi din \u00een\u0103l\u0163ime spre norodul t\u0103v\u0103lit<\/p>\n<p>\u00cen mizeriile-n care ei, c\u0103l\u0103ii, l-au tr\u00e2ntit,<\/p>\n<p>C\u00e2nd te ui\u0163i cum se r\u0103sfa\u0163\u0103, cum \u00ee\u015fi fac de cap mi\u015feii,<\/p>\n<p>Vai, \u00eencepi s\u0103 crezi c\u0103-n ceruri adormit-au de mult zeii!<\/p>\n<p>&nbsp;<\/p>\n<p>\u015e-apoi, dup\u0103 ce-au dat palme, \u015fi-au scuipat \u00een fa\u0163a \u0163\u0103rii,<\/p>\n<p>Dup\u0103 ce-a-mbr\u00e2ncit poporul \u00een pr\u0103pastia pierz\u0103rii,<\/p>\n<p>Dup\u0103 ce n-a r\u0103mas lucru nebatjocorit de ei,<\/p>\n<p>Au curajul ace\u015fti oameni de nimic, ace\u015fti mi\u015fei<\/p>\n<p>&nbsp;<\/p>\n<p>Au curaju-n fa\u0163a lumii ca s\u0103 strige-n gura mare:<\/p>\n<p>Ne vrea \u0163ara! \u00eei vrea \u0163ara? Auzi\u0163i neru\u015finare!<\/p>\n<p>Vai, de-ar fi pe voia \u0163\u0103rii, \u015fti\u0163i voi unde v-a\u0163i trezi!<\/p>\n<p>\u00centr-o ocn\u0103 da! acolo oasele v-ar putrezi!<\/p>\n<p>&nbsp;<\/p>\n<p>Cum s\u0103 mai vedem \u00een \u0163ar\u0103 cinste, munc\u0103, prop\u0103\u015fire,<\/p>\n<p>C\u00e2nd spoiala azi e totul, c\u00e2nd vezi c\u0103 prin lingu\u015fire<\/p>\n<p>\u015ei f\u0103\u0163\u0103rnicii, neto\u0163ii, au ajuns a\u015fa departe!<\/p>\n<p>Cum s\u0103-\u0163i mai trude\u015fti via\u0163a ca s\u0103-nve\u0163i pu\u0163in\u0103 carte<\/p>\n<p>C\u00e2nd te ui\u0163i c\u0103-n ast\u0103 \u0163ar\u0103, dat\u0103 prad\u0103 celor r\u0103i,<\/p>\n<p>\u00cen\u0163elep\u0163ii sunt victime, tic\u0103lo\u015fii sunt c\u0103l\u0103i!<\/p>\n<p align=\"center\">\n<p align=\"center\">\n<p style=\"text-align: center;\"><strong>Alexandru Vlahu\u021b\u0103<\/strong>, <em>Tirgoviste, 1881, iunie<\/em><\/p>\n<p>&nbsp;<\/p>\n","protected":false},"excerpt":{"rendered":"<p>\u00a0\u00a0\u00a0\u00a0\u00a0\u00a0\u00a0\u00a0 C\u00c2RMACII \u00a0 &nbsp; Vai, nenorocit\u0103 \u0163ar\u0103, rele zile-ai mai ajuns! A lor gheare-nfipte-n pieptu-\u0163i f\u0103r\u0103 mil\u0103 l-au str\u0103puns \u015ei-n [&#038;hellip<\/p>\n","protected":false},"author":1,"featured_media":0,"comment_status":"closed","ping_status":"closed","sticky":false,"template":"","format":"standard","meta":{"footnotes":""},"categories":[3],"tags":[],"class_list":["post-22406","post","type-post","status-publish","format-standard","hentry","category-articole"],"_links":{"self":[{"href":"https:\/\/www.marianagurza.ro\/blog\/wp-json\/wp\/v2\/posts\/22406","targetHints":{"allow":["GET"]}}],"collection":[{"href":"https:\/\/www.marianagurza.ro\/blog\/wp-json\/wp\/v2\/posts"}],"about":[{"href":"https:\/\/www.marianagurza.ro\/blog\/wp-json\/wp\/v2\/types\/post"}],"author":[{"embeddable":true,"href":"https:\/\/www.marianagurza.ro\/blog\/wp-json\/wp\/v2\/users\/1"}],"replies":[{"embeddable":true,"href":"https:\/\/www.marianagurza.ro\/blog\/wp-json\/wp\/v2\/comments?post=22406"}],"version-history":[{"count":3,"href":"https:\/\/www.marianagurza.ro\/blog\/wp-json\/wp\/v2\/posts\/22406\/revisions"}],"predecessor-version":[{"id":22409,"href":"https:\/\/www.marianagurza.ro\/blog\/wp-json\/wp\/v2\/posts\/22406\/revisions\/22409"}],"wp:attachment":[{"href":"https:\/\/www.marianagurza.ro\/blog\/wp-json\/wp\/v2\/media?parent=22406"}],"wp:term":[{"taxonomy":"category","embeddable":true,"href":"https:\/\/www.marianagurza.ro\/blog\/wp-json\/wp\/v2\/categories?post=22406"},{"taxonomy":"post_tag","embeddable":true,"href":"https:\/\/www.marianagurza.ro\/blog\/wp-json\/wp\/v2\/tags?post=22406"}],"curies":[{"name":"wp","href":"https:\/\/api.w.org\/{rel}","templated":true}]}}