{"id":22416,"date":"2015-03-27T17:19:11","date_gmt":"2015-03-27T17:19:11","guid":{"rendered":"http:\/\/www.marianagurza.ro\/blog\/?p=22416"},"modified":"2015-03-27T17:19:11","modified_gmt":"2015-03-27T17:19:11","slug":"anatol-covali-infiorat-de-taine","status":"publish","type":"post","link":"https:\/\/www.marianagurza.ro\/blog\/2015\/03\/27\/anatol-covali-infiorat-de-taine\/","title":{"rendered":"Anatol Covali: \u00cenfiorat de taine"},"content":{"rendered":"<p style=\"text-align: center;\"><a href=\"http:\/\/www.marianagurza.ro\/blog\/wp-content\/uploads\/2015\/03\/Anatol-Covali-Lucretia-Covali.jpg\"><img loading=\"lazy\" decoding=\"async\" class=\"size-medium wp-image-22418\" title=\"Anatol Covali - Lucretia Covali\" src=\"http:\/\/www.marianagurza.ro\/blog\/wp-content\/uploads\/2015\/03\/Anatol-Covali-Lucretia-Covali-201x300.jpg\" alt=\"\" width=\"201\" height=\"300\" srcset=\"https:\/\/www.marianagurza.ro\/blog\/wp-content\/uploads\/2015\/03\/Anatol-Covali-Lucretia-Covali-201x300.jpg 201w, https:\/\/www.marianagurza.ro\/blog\/wp-content\/uploads\/2015\/03\/Anatol-Covali-Lucretia-Covali.jpg 644w\" sizes=\"auto, (max-width: 201px) 100vw, 201px\" \/><\/a><\/p>\n<p><strong>\u00cenfiorat de taine<\/strong><\/p>\n<p><strong>\u00a0<\/strong><\/p>\n<p>\u00cenfiorat de taine \u00eencerc s\u00e3 le dezleg<br \/>\nspre-a deslu\u015fi de ce n-a fost s\u00e3 fie<br \/>\nc\u00e2nd era-n tot \u015fi-n toate at\u00e2ta armonie<br \/>\nce a\u015ftepta ca rostu-i s\u00e3-l culeg.<\/p>\n<p>&nbsp;<\/p>\n<p>De ce-am ales aiurea \u015fi-am renun\u0163at u\u015for,<br \/>\nplec\u00e2nd pe o c\u00e3rare-ntortocheat\u00e3,<br \/>\nc\u00e2nd sufletu-ncepuse s\u00e3 c\u00e2nte-acea sonat\u00e3<br \/>\ncreat\u00e3 pentru via\u0163\u00e3-n Do major.<\/p>\n<p>&nbsp;<\/p>\n<p>Ast\u00e3zi compun alene, din ce \u00een ce mai rar<br \/>\n\u015fi pe h\u00e2rtii str\u00e3vechi, roase de molii.<br \/>\nPredomin\u00e3 triste\u0163ea c\u00e2ntat\u00e3 de bemolii<br \/>\nce sorb orice diez \u015fi-orice becar.<\/p>\n<p>&nbsp;<\/p>\n<p>O singur\u00e3 roman\u0163\u00e3, de fapt un laitmotiv,<br \/>\nf\u00e3r\u00e3 s\u00e3 vreau m\u00e3 obsedeaz\u00e3-ntruna,<br \/>\ndar corzile viorii-au plesnit. Mai e doar una<br \/>\n\u015fi-n partitur\u00e3-un ultim portativ!&#8230;<\/p>\n<p>&nbsp;<\/p>\n<p>&nbsp;<\/p>\n<p align=\"center\"><strong>Anatol COVALI<\/strong><\/p>\n<p style=\"text-align: right;\" align=\"center\"><em>Imagine\u00a0 &#8211; In opera Otello de Verdi. <\/em><\/p>\n<p style=\"text-align: right;\" align=\"center\"><em>Otello :Anatol Covali &#8211; Desdemona : Lucretia Covali<\/em><\/p>\n<p align=\"center\"><strong>\u00a0<\/strong><\/p>\n","protected":false},"excerpt":{"rendered":"<p>\u00cenfiorat de taine \u00a0 \u00cenfiorat de taine \u00eencerc s\u00e3 le dezleg spre-a deslu\u015fi de ce n-a fost s\u00e3 fie c\u00e2nd [&#038;hellip<\/p>\n","protected":false},"author":1,"featured_media":0,"comment_status":"closed","ping_status":"closed","sticky":false,"template":"","format":"standard","meta":{"footnotes":""},"categories":[3],"tags":[],"class_list":["post-22416","post","type-post","status-publish","format-standard","hentry","category-articole"],"_links":{"self":[{"href":"https:\/\/www.marianagurza.ro\/blog\/wp-json\/wp\/v2\/posts\/22416","targetHints":{"allow":["GET"]}}],"collection":[{"href":"https:\/\/www.marianagurza.ro\/blog\/wp-json\/wp\/v2\/posts"}],"about":[{"href":"https:\/\/www.marianagurza.ro\/blog\/wp-json\/wp\/v2\/types\/post"}],"author":[{"embeddable":true,"href":"https:\/\/www.marianagurza.ro\/blog\/wp-json\/wp\/v2\/users\/1"}],"replies":[{"embeddable":true,"href":"https:\/\/www.marianagurza.ro\/blog\/wp-json\/wp\/v2\/comments?post=22416"}],"version-history":[{"count":2,"href":"https:\/\/www.marianagurza.ro\/blog\/wp-json\/wp\/v2\/posts\/22416\/revisions"}],"predecessor-version":[{"id":22420,"href":"https:\/\/www.marianagurza.ro\/blog\/wp-json\/wp\/v2\/posts\/22416\/revisions\/22420"}],"wp:attachment":[{"href":"https:\/\/www.marianagurza.ro\/blog\/wp-json\/wp\/v2\/media?parent=22416"}],"wp:term":[{"taxonomy":"category","embeddable":true,"href":"https:\/\/www.marianagurza.ro\/blog\/wp-json\/wp\/v2\/categories?post=22416"},{"taxonomy":"post_tag","embeddable":true,"href":"https:\/\/www.marianagurza.ro\/blog\/wp-json\/wp\/v2\/tags?post=22416"}],"curies":[{"name":"wp","href":"https:\/\/api.w.org\/{rel}","templated":true}]}}