{"id":22522,"date":"2015-03-29T18:33:34","date_gmt":"2015-03-29T18:33:34","guid":{"rendered":"http:\/\/www.marianagurza.ro\/blog\/?p=22522"},"modified":"2015-03-29T18:33:34","modified_gmt":"2015-03-29T18:33:34","slug":"cezar-adonis-mihalache-limba-noastra-dulce-graitoare%e2%80%a6","status":"publish","type":"post","link":"https:\/\/www.marianagurza.ro\/blog\/2015\/03\/29\/cezar-adonis-mihalache-limba-noastra-dulce-graitoare%e2%80%a6\/","title":{"rendered":"Cezar Adonis Mihalache: Limba noastr\u0103, dulce gr\u0103itoare\u2026"},"content":{"rendered":"<p style=\"text-align: justify;\"><a href=\"http:\/\/www.marianagurza.ro\/blog\/wp-content\/uploads\/2015\/03\/fau021Bu0103.jpg\"><img loading=\"lazy\" decoding=\"async\" class=\"alignleft size-medium wp-image-22523\" title=\"fau021Bu0103\" src=\"http:\/\/www.marianagurza.ro\/blog\/wp-content\/uploads\/2015\/03\/fau021Bu0103-203x300.jpg\" alt=\"\" width=\"203\" height=\"300\" srcset=\"https:\/\/www.marianagurza.ro\/blog\/wp-content\/uploads\/2015\/03\/fau021Bu0103-203x300.jpg 203w, https:\/\/www.marianagurza.ro\/blog\/wp-content\/uploads\/2015\/03\/fau021Bu0103.jpg 406w\" sizes=\"auto, (max-width: 203px) 100vw, 203px\" \/><\/a>\u00centr-un remarcabil efort spiritual, antologi\u0219tii Editurii Na\u021biunea aduc \u00een fa\u021ba cititorilor o nou\u0103 tr\u0103ire poetic\u0103. Un volum colectiv \u00een care nu mai pu\u021bin de 34 de co-autori pun sufletul rimei din dulcele nostru grai \u00een paginile unei inedite antologii. Este cel de al treilea volum al colec\u021biei <em>Cu patria \u00een suflet<\/em>\u0219i un excep\u021bional dar oferit eminescului din noi; scriitori ori simpli cititori de vers.<\/p>\n<p style=\"text-align: justify;\">Este o dovad\u0103 c\u0103 <em>Limba noastr\u0103 emineasc\u0103<\/em> este respira\u021bia poetic\u0103, fireasc\u0103, a tuturor acelora care au atins condeiul\u2026<\/p>\n<p style=\"text-align: justify;\">Este recunoa\u0219terea poeziei ca <em>tovar\u0103\u0219 de drum, prieten\u0103, mam\u0103, sor\u0103, fiu\u2026 <\/em>Un izvor de cuvinte n\u0103scute din sufletul inimosului grup <em>Terapie prin poezie<\/em>, care a reu\u0219it nu doar s\u0103 grupeze curente de poezie, ci s\u0103 nasc\u0103 propriul curent poetic.<\/p>\n<p style=\"text-align: justify;\">Este o antologie \u00een care co-autorii nu doar scriu. Ei r\u00e2d \u0219i pl\u00e2ng prin poezie, tr\u0103iesc \u0219i nasc emo\u021bii \u00eentr-o \u00eenchinare de metafore pe care cei 34 de mode\u0219ti paji ai liricii o aduc Eminescului.<\/p>\n<p style=\"text-align: justify;\">Antologia de fa\u021b\u0103 este \u0219i un adev\u0103rat fi\u0219et biografic despre poe\u021bii no\u0219tri contemporani. 34 de nume, consacrate sau aflate la debut, care, din \u0219i prin propriile descrieri, nu doar se cunosc mai bine \u00een cadrul uria\u0219ului grup poetic creat de scriitorul Romeo Tarhon, ci se prezint\u0103 \u0219i lumii poetice de dincolo de linia de grani\u021b\u0103 dintre mediul virtual \u0219i pagina tip\u0103rit\u0103 a Terapiei prin poezie.<\/p>\n<p style=\"text-align: justify;\">Limba noastr\u0103 emineasc\u0103 este \u0219i examenul trecerii dinspre \u0219coala de poezie a grupului spre impunerea unei nume care \u00ee\u0219i are locul lui \u00een istoria \u00eenc\u0103 nescris\u0103 a literaturii postdecembriste.<\/p>\n<p style=\"text-align: justify;\">Poeziile acestui volum, ca \u0219i \u00een cazul celorlalte antologii \u0219i volume de autor ale Editurii Na\u021biunea, \u00eencrusteaz\u0103 \u00een rim\u0103 sau vers alb rostirile autorilor despre iubire, despre dragostea p\u0103rinteasc\u0103, despre iubirea de \u021bar\u0103. Este o dovad\u0103 a incurabilului romantism poetic.<\/p>\n<p style=\"text-align: justify;\">Un exerci\u021biu \u00een care mul\u021bi dintre antologi\u0219ti \u00ee\u0219i pun cuv\u00e2ntul identit\u0103\u021bii \u00een m\u00e2na cititorului \u00eentr-un curajos exerci\u021biu al asum\u0103rii poetice. Un exerci\u021biu colectiv care, de la pagin\u0103 la pagin\u0103, de la autor la autor, dovede\u0219te trinititatea spiritual\u0103 a grupului poetic Terapie prin poezie: cultura, talentul, originalitatea\u2026<\/p>\n<p style=\"text-align: justify;\">Iar cum \u00een volumul de fa\u021b\u0103 am grupat numero\u0219i autori, nu doar de vers, ci \u0219i de proz\u0103 scurt\u0103, <em>Limba noastr\u0103 emineasc\u0103<\/em> reprezint\u0103 \u0219i un pas spre urm\u0103toarea provocare a grupului. O antologie de proz\u0103 scurt\u0103!<\/p>\n<p style=\"text-align: justify;\">P\u00e2n\u0103 atunci, s\u0103 ne bucur\u0103m de darul poetic al dulcelui grai eminescian!<\/p>\n<p align=\"right\"><em>Cezar Adonis Mihalache, <\/em><\/p>\n<p align=\"right\"><em>editor \u0219i coordonator antologie<\/em><\/p>\n<p style=\"text-align: left;\">\n<p style=\"text-align: left;\">Sursa: http:\/\/www.edituranatiunea.ro\/2015\/03\/02\/limba-noastra-emineasca\/<\/p>\n","protected":false},"excerpt":{"rendered":"<p>\u00centr-un remarcabil efort spiritual, antologi\u0219tii Editurii Na\u021biunea aduc \u00een fa\u021ba cititorilor o nou\u0103 tr\u0103ire poetic\u0103. Un volum colectiv \u00een care [&#038;hellip<\/p>\n","protected":false},"author":1,"featured_media":0,"comment_status":"closed","ping_status":"closed","sticky":false,"template":"","format":"standard","meta":{"footnotes":""},"categories":[3,6],"tags":[],"class_list":["post-22522","post","type-post","status-publish","format-standard","hentry","category-articole","category-linkuri-externe"],"_links":{"self":[{"href":"https:\/\/www.marianagurza.ro\/blog\/wp-json\/wp\/v2\/posts\/22522","targetHints":{"allow":["GET"]}}],"collection":[{"href":"https:\/\/www.marianagurza.ro\/blog\/wp-json\/wp\/v2\/posts"}],"about":[{"href":"https:\/\/www.marianagurza.ro\/blog\/wp-json\/wp\/v2\/types\/post"}],"author":[{"embeddable":true,"href":"https:\/\/www.marianagurza.ro\/blog\/wp-json\/wp\/v2\/users\/1"}],"replies":[{"embeddable":true,"href":"https:\/\/www.marianagurza.ro\/blog\/wp-json\/wp\/v2\/comments?post=22522"}],"version-history":[{"count":2,"href":"https:\/\/www.marianagurza.ro\/blog\/wp-json\/wp\/v2\/posts\/22522\/revisions"}],"predecessor-version":[{"id":22525,"href":"https:\/\/www.marianagurza.ro\/blog\/wp-json\/wp\/v2\/posts\/22522\/revisions\/22525"}],"wp:attachment":[{"href":"https:\/\/www.marianagurza.ro\/blog\/wp-json\/wp\/v2\/media?parent=22522"}],"wp:term":[{"taxonomy":"category","embeddable":true,"href":"https:\/\/www.marianagurza.ro\/blog\/wp-json\/wp\/v2\/categories?post=22522"},{"taxonomy":"post_tag","embeddable":true,"href":"https:\/\/www.marianagurza.ro\/blog\/wp-json\/wp\/v2\/tags?post=22522"}],"curies":[{"name":"wp","href":"https:\/\/api.w.org\/{rel}","templated":true}]}}