{"id":22526,"date":"2015-03-29T19:49:50","date_gmt":"2015-03-29T19:49:50","guid":{"rendered":"http:\/\/www.marianagurza.ro\/blog\/?p=22526"},"modified":"2015-03-29T21:20:58","modified_gmt":"2015-03-29T21:20:58","slug":"camelia-cristea-prezenta-in-antologia-limba-noastra-emineasca-iii","status":"publish","type":"post","link":"https:\/\/www.marianagurza.ro\/blog\/2015\/03\/29\/camelia-cristea-prezenta-in-antologia-limba-noastra-emineasca-iii\/","title":{"rendered":"Camelia CRISTEA, prezent\u0103 \u00een Colec\u021bia antologic\u0103 de poezie &#8220;Cu Patria \u00een suflet&#8221; vol. III &#8211; ,,Limba noastr\u0103 emineasc\u0103&#8221;, ed. Na\u021biunea"},"content":{"rendered":"<p style=\"text-align: center;\"><a href=\"http:\/\/www.marianagurza.ro\/blog\/wp-content\/uploads\/2015\/03\/Camelia-Cristea9.jpeg\"><img loading=\"lazy\" decoding=\"async\" class=\"size-full wp-image-22527\" title=\"Camelia Cristea\" src=\"http:\/\/www.marianagurza.ro\/blog\/wp-content\/uploads\/2015\/03\/Camelia-Cristea9.jpeg\" alt=\"\" width=\"184\" height=\"184\" srcset=\"https:\/\/www.marianagurza.ro\/blog\/wp-content\/uploads\/2015\/03\/Camelia-Cristea9.jpeg 184w, https:\/\/www.marianagurza.ro\/blog\/wp-content\/uploads\/2015\/03\/Camelia-Cristea9-150x150.jpg 150w\" sizes=\"auto, (max-width: 184px) 100vw, 184px\" \/><\/a><\/p>\n<p><strong>Pe un drum<\/strong>\u2026<\/p>\n<p>&nbsp;<\/p>\n<p>&nbsp;<\/p>\n<p>Pe un drum de \u021bar\u0103, colbul iar tresare<\/p>\n<p>R\u0103scolit de roat\u0103 \u0219i umbre de cai,<\/p>\n<p>N-a plouat de-o lun\u0103, soarele-l usuc\u0103,<\/p>\n<p>Stropii mari de ploaie sunt lega\u021bi \u00een rai.<\/p>\n<p>&nbsp;<\/p>\n<p>&nbsp;<\/p>\n<p>Uli\u021ba-i pustie, case ard \u00een soare<\/p>\n<p>\u0218i-s topite parc\u0103 de lungi a\u0219tept\u0103ri,<\/p>\n<p>Doar b\u0103tr\u00e2ni s\u0103rmani a\u0219tept\u00e2nd scrisoare,<\/p>\n<p>Sau un telefon de la pruncii lor&#8230;<\/p>\n<p>&nbsp;<\/p>\n<p>&nbsp;<\/p>\n<p>Se de\u0219ira vremea, dintr-un ghem de a\u021b\u0103<\/p>\n<p>Firele s\u0103race parc\u0103 f\u0103r\u0103 rost,<\/p>\n<p>Unde e lumina din lampa gutuii<\/p>\n<p>Prunele furate, c\u00e2nd nici nu s-au copt?<\/p>\n<p>&nbsp;<\/p>\n<p>&nbsp;<\/p>\n<p>Unde sunt bostanii ce \u00een toiul nop\u021bii,<\/p>\n<p>Atin\u0219i de baghet\u0103 deveneau tr\u0103suri?<\/p>\n<p>Unde sunt to\u021bi caii \u0219i to\u021bi c\u0103l\u0103re\u021bii<\/p>\n<p>Ce din vise mari \u00ee\u0219i f\u0103ceau armuri?<\/p>\n<p>&nbsp;<\/p>\n<p>&nbsp;<\/p>\n<p>Au plecat \u00een lumea lui \u201c&#8230;a fost odat\u0103\u201d<\/p>\n<p>\u0218i ajung pove\u0219ti, se mai scriu prin c\u0103r\u021bi&#8230;<\/p>\n<p>Pe un drum de \u021bar\u0103, colbul iar tresare,<\/p>\n<p>L-a trezit un g\u00e2nd:&#8230;\u201dpoate te \u00eentorci!\u201d<\/p>\n<p>&nbsp;<\/p>\n<p>&nbsp;<\/p>\n<p><strong>Ridica\u0163i<\/strong><\/p>\n<p><strong>\u00a0<\/strong><\/p>\n<p>&nbsp;<\/p>\n<p>Ridica\u0163i pe culmi drapelul,<\/p>\n<p>Iarba este verde acas\u0103<\/p>\n<p>Tu treze\u0219te-te rom\u00e2ne,<\/p>\n<p>Constiin\u021ba nu te las\u0103!<\/p>\n<p>&nbsp;<\/p>\n<p>&nbsp;<\/p>\n<p>\u015etefan este viu la Putna<\/p>\n<p>St\u0103 de veghe cu to\u0163i sfin\u0163ii,<\/p>\n<p>Vor s\u0103 trag\u0103 iar\u0103\u015fi clopot<\/p>\n<p>S\u0103-\u0163i treze\u015fti tu cerul min\u0163ii!<\/p>\n<p>&nbsp;<\/p>\n<p>&nbsp;<\/p>\n<p>Ridica\u0163i pe culmi drapelul<\/p>\n<p>\u015ei-n coloana infinit\u0103,<\/p>\n<p>Prin seninul din cerneluri<\/p>\n<p>El, Br\u00e2ncu\u015fi prive\u015fte cerul.<\/p>\n<p>&nbsp;<\/p>\n<p>&nbsp;<\/p>\n<p>Ridica\u0163i pe culmi drapelul,<\/p>\n<p>La Prislop Arsenie Boca<\/p>\n<p>\u0162ine flac\u0103ra aprins\u0103,<\/p>\n<p>S\u0103 nu-\u0163i pierzi a ta credin\u0163\u0103!<\/p>\n<p>&nbsp;<\/p>\n<p>&nbsp;<\/p>\n<p>Ridica\u0163i pe culmi drapelul,<\/p>\n<p>C\u00e2t mai arde focu-n vatr\u0103..<\/p>\n<p>Pita este mai amar\u0103,<\/p>\n<p>\u0162ara noastr\u0103 mai s\u0103rac\u0103.<\/p>\n<p>&nbsp;<\/p>\n<p>&nbsp;<\/p>\n<p>Ridica\u0163i pe culmi drapelul<\/p>\n<p>Lupii to\u0163i atac\u0103-n hait\u0103<\/p>\n<p>\u015ei cu din\u021bii lor de fiar\u0103<\/p>\n<p>Vor s\u0103 rup\u0103 iar din hart\u0103!<\/p>\n<p>&nbsp;<\/p>\n<p>&nbsp;<\/p>\n<p>Ridica\u0163i pe culmi drapelul<\/p>\n<p>Fi\u0163i mai buni \u015fi mai uni\u0163i,<\/p>\n<p>Invoca\u0163i \u00een rugi tot cerul<\/p>\n<p>De urgii s\u0103 fi\u0163i feri\u0163i!<\/p>\n<p>&nbsp;<\/p>\n<p>&nbsp;<\/p>\n<p><strong>Am\u0103nunte<\/strong><\/p>\n<p><strong>\u00a0<\/strong><\/p>\n<p>&nbsp;<\/p>\n<p>La u\u015fa \u00eenser\u0103rii sc\u00e2nce\u015fte resemnarea.<\/p>\n<p>Oglinzile perfide, cuteaz\u0103 tot ce v\u0103d,<\/p>\n<p>\u00centr-un sertar ticsit cu multe am\u0103nunte,<\/p>\n<p>Vreo dou\u0103 amintiri, tr\u0103iesc \u00een lumea lor.<\/p>\n<p>&nbsp;<\/p>\n<p>&nbsp;<\/p>\n<p>\u015ei parc\u0103 din tran\u015fee, r\u0103nite de substan\u0163\u0103,<\/p>\n<p>Apar fantome vise, dreptul la via\u0163\u0103-\u015fi cer,<\/p>\n<p>Sfideaz\u0103 legi, r\u0103stoarn\u0103 con\u0163inutul,<\/p>\n<p>Invoc\u0103 soarta&#8230;,\u015fi vor s\u0103 le dezlegi!<\/p>\n<p>&nbsp;<\/p>\n<p>&nbsp;<\/p>\n<p>Tot \u015fchiop\u0103t\u00e2nd t\u00e2rziul, revendic\u0103 tr\u0103irea<\/p>\n<p>\u00censingurarea geme, pe arip\u0103 de dor,<\/p>\n<p>Cerneala se strecoar\u0103 \u00een pl\u00e2nset prin poeme!<\/p>\n<p>At\u00e2tea am\u0103nunte \u0219i resemnarea lor&#8230;<\/p>\n<p>&nbsp;<\/p>\n<p>&nbsp;<\/p>\n<p align=\"center\"><strong>Camelia CRISTEA<\/strong><\/p>\n<p style=\"text-align: justify;\"><em>(Din <strong>Limba noastr\u0103 emineasc\u0103, vol. III<\/strong> \u2013 Colec\u021bia antologic\u0103 de poezie,\u00a0 <\/em><strong>Cu patria \u00een suflet<\/strong><em>, Editura Na\u021biunea, 2015, pag. <\/em>144 &#8211; 149)<\/p>\n<p style=\"text-align: center;\"><em>\u00a0<a href=\"http:\/\/www.marianagurza.ro\/blog\/wp-content\/uploads\/2015\/03\/fau021Bu01031.jpg\"><img loading=\"lazy\" decoding=\"async\" class=\"size-medium wp-image-22531\" title=\"fau021Bu0103\" src=\"http:\/\/www.marianagurza.ro\/blog\/wp-content\/uploads\/2015\/03\/fau021Bu01031-203x300.jpg\" alt=\"\" width=\"203\" height=\"300\" srcset=\"https:\/\/www.marianagurza.ro\/blog\/wp-content\/uploads\/2015\/03\/fau021Bu01031-203x300.jpg 203w, https:\/\/www.marianagurza.ro\/blog\/wp-content\/uploads\/2015\/03\/fau021Bu01031.jpg 406w\" sizes=\"auto, (max-width: 203px) 100vw, 203px\" \/><\/a><\/em><\/p>\n<p style=\"text-align: center;\">Felicit\u0103ri Camelia CRISTEA !<em><\/em><\/p>\n","protected":false},"excerpt":{"rendered":"<p>Pe un drum\u2026 &nbsp; &nbsp; Pe un drum de \u021bar\u0103, colbul iar tresare R\u0103scolit de roat\u0103 \u0219i umbre de cai, [&#038;hellip<\/p>\n","protected":false},"author":1,"featured_media":0,"comment_status":"closed","ping_status":"closed","sticky":false,"template":"","format":"standard","meta":{"footnotes":""},"categories":[3],"tags":[],"class_list":["post-22526","post","type-post","status-publish","format-standard","hentry","category-articole"],"_links":{"self":[{"href":"https:\/\/www.marianagurza.ro\/blog\/wp-json\/wp\/v2\/posts\/22526","targetHints":{"allow":["GET"]}}],"collection":[{"href":"https:\/\/www.marianagurza.ro\/blog\/wp-json\/wp\/v2\/posts"}],"about":[{"href":"https:\/\/www.marianagurza.ro\/blog\/wp-json\/wp\/v2\/types\/post"}],"author":[{"embeddable":true,"href":"https:\/\/www.marianagurza.ro\/blog\/wp-json\/wp\/v2\/users\/1"}],"replies":[{"embeddable":true,"href":"https:\/\/www.marianagurza.ro\/blog\/wp-json\/wp\/v2\/comments?post=22526"}],"version-history":[{"count":9,"href":"https:\/\/www.marianagurza.ro\/blog\/wp-json\/wp\/v2\/posts\/22526\/revisions"}],"predecessor-version":[{"id":22546,"href":"https:\/\/www.marianagurza.ro\/blog\/wp-json\/wp\/v2\/posts\/22526\/revisions\/22546"}],"wp:attachment":[{"href":"https:\/\/www.marianagurza.ro\/blog\/wp-json\/wp\/v2\/media?parent=22526"}],"wp:term":[{"taxonomy":"category","embeddable":true,"href":"https:\/\/www.marianagurza.ro\/blog\/wp-json\/wp\/v2\/categories?post=22526"},{"taxonomy":"post_tag","embeddable":true,"href":"https:\/\/www.marianagurza.ro\/blog\/wp-json\/wp\/v2\/tags?post=22526"}],"curies":[{"name":"wp","href":"https:\/\/api.w.org\/{rel}","templated":true}]}}