{"id":22536,"date":"2015-03-29T20:46:53","date_gmt":"2015-03-29T20:46:53","guid":{"rendered":"http:\/\/www.marianagurza.ro\/blog\/?p=22536"},"modified":"2015-03-29T22:10:20","modified_gmt":"2015-03-29T22:10:20","slug":"victor-nicolae-ciobanu-poesis","status":"publish","type":"post","link":"https:\/\/www.marianagurza.ro\/blog\/2015\/03\/29\/victor-nicolae-ciobanu-poesis\/","title":{"rendered":"Victor Nicolae Ciobanu: Poezii"},"content":{"rendered":"<p style=\"text-align: center;\"><a href=\"http:\/\/www.marianagurza.ro\/blog\/wp-content\/uploads\/2015\/03\/poza-victor-ciobanu.jpg\"><img loading=\"lazy\" decoding=\"async\" class=\"size-medium wp-image-22537\" title=\"poza victor ciobanu\" src=\"http:\/\/www.marianagurza.ro\/blog\/wp-content\/uploads\/2015\/03\/poza-victor-ciobanu-300x212.jpg\" alt=\"\" width=\"300\" height=\"212\" srcset=\"https:\/\/www.marianagurza.ro\/blog\/wp-content\/uploads\/2015\/03\/poza-victor-ciobanu-300x212.jpg 300w, https:\/\/www.marianagurza.ro\/blog\/wp-content\/uploads\/2015\/03\/poza-victor-ciobanu.jpg 600w\" sizes=\"auto, (max-width: 300px) 100vw, 300px\" \/><\/a><\/p>\n<p>&nbsp;<\/p>\n<p>&nbsp;<\/p>\n<p><strong>Dervish \u2013 fa\u021ba unui diamant<\/strong><\/p>\n<p>&nbsp;<\/p>\n<p><em>\u00a0\u00a0\u00a0\u00a0\u00a0\u00a0\u00a0\u00a0\u00a0\u00a0\u00a0\u00a0\u00a0\u00a0\u00a0\u00a0\u00a0\u00a0\u00a0\u00a0\u00a0\u00a0\u00a0\u00a0 ,,Cine se cucereste pe sine, este luptatorul suprem&#8230;\u201d\u00a0\u00a0\u00a0\u00a0 <\/em><\/p>\n<p align=\"center\"><em>Confucius<\/em><\/p>\n<p>&nbsp;<\/p>\n<p><span style=\"text-decoration: underline;\"><br \/>\n<\/span><\/p>\n<p>De la piept \u00een sus<br \/>\ntotul se ridic\u0103 fum.<br \/>\nCapul e flac\u0103ra lum\u00e2n\u0103rii<\/p>\n<p>cu r\u0103d\u0103cina \u00een inim\u0103.<br \/>\nM\u00e2inile se unduiesc \u00een jurul focului,<br \/>\npulsa\u021bia expir\u0103 flac\u0103ra din inim\u0103.<br \/>\nSuflul roste\u0219te cuv\u00e2ntul,<\/p>\n<p>cheia inimii<\/p>\n<p>\u0627\u0644\u0644\u0647<\/p>\n<p>Am deschis prima poart\u0103,<\/p>\n<p>m-am ridicat cu toat\u0103 puterea !<br \/>\nV\u0103zul a adormit orbind cunoscutul,<br \/>\nfruntea s-a deschis cuprinz\u00e2nd nem\u0103rginitul,<br \/>\ncuvintele au cedat tr\u0103irii,<br \/>\n\u00een\u021belegerea a cedat abandonului<br \/>\n\u0219i am dansat \u0219i m-am pierdut<br \/>\n\u00een focul ce-mi topea cheia,<br \/>\ncurg\u00e2nd \u00een litere :<\/p>\n<p>\u0627\u0644\u0644\u0647<\/p>\n<p>Pentru o Clip\u0103<\/p>\n<p>&nbsp;<\/p>\n<p>am urcat<\/p>\n<p>&nbsp;<\/p>\n<p>\u201d\u0627\u0644\u0644\u0647\u201d<\/p>\n<p>&nbsp;<\/p>\n<p>timpul\u00a0\u00a0\u00a0\u00a0\u00a0\u00a0\u00a0\u00a0\u00a0\u00a0\u00a0\u00a0\u00a0\u00a0\u00a0\u00a0\u00a0\u00a0 \u0219i\u00a0\u00a0\u00a0\u00a0\u00a0\u00a0 spa\u021biul.<\/p>\n<p>Din v\u00e2rful triunghiului<\/p>\n<p>am urcat iar\u0103\u0219i,<\/p>\n<p>am p\u0103\u0219it \u00eenspre pr\u0103pastie.<br \/>\n\u0218tiam c\u0103 nu mai e cale de \u00eentoarcere,<\/p>\n<p>odat\u0103 ce voi gusta,<br \/>\n\u0219tiam c\u0103 m\u0103 voi pierde pe mine ,<\/p>\n<p>acela, \u0219tiutul,<br \/>\nprecum \u0219i numele cel duc \u00een spate.<\/p>\n<p>&nbsp;<\/p>\n<p>\u00centr-o clip\u0103 de nebunie,<br \/>\nm-am aruncat cu totul,<br \/>\n\u0219i am f\u0103cut ce am crezut :<br \/>\nam dansat,<\/p>\n<p>am spus :<\/p>\n<p>&nbsp;<\/p>\n<p>\u0627\u0644\u0644\u0647<\/p>\n<p>&nbsp;<\/p>\n<p>M-am urcat prin p\u00e2lnie,<\/p>\n<p>ie\u0219ind printr-un cerc \u00eengust.<\/p>\n<p>M\u0103 topeam cu totul,<\/p>\n<p>doar toba m\u0103 mai \u021binea<\/p>\n<p>\u00een mijlocul t\u0103lpilor.<\/p>\n<p>C\u00e2nd ritmul s-a \u00eente\u021bit<\/p>\n<p>\u0219i inima s-a speriat,<\/p>\n<p>un curaj cumplit m-a cuprins,<\/p>\n<p>am repetat\u2026<\/p>\n<p>&nbsp;<\/p>\n<p>\u0627\u0644\u0644\u0647<\/p>\n<p>&nbsp;<\/p>\n<p>Eram un c\u0103l\u0103re\u021b,<\/p>\n<p>un r\u0103zboinic aprig,<\/p>\n<p>ce mergea cu toat\u0103 puterea<\/p>\n<p>c\u0103tre oglinda unui foc imens \u2013<\/p>\n<p>un sacrificiu necunoscut.<\/p>\n<p>Labirint de oglinzi ne\u00eemp\u0103cate :<\/p>\n<p>ura \u0219i focul tr\u0103geau trupul \u00een umbr\u0103.<\/p>\n<p>Acum era tot timpul !<\/p>\n<p>Cu moartea am trecut prin foc !<\/p>\n<p>Eram dervi\u0219ul beat \u2013 nebunul.<\/p>\n<p>Odat\u0103 ce am tr\u0103it,<\/p>\n<p>cale de \u00eentoarcere nu mai e :<\/p>\n<p>uitarea sau via\u021ba ?!<\/p>\n<p>Comandamentul min\u021bii unite respir\u0103<\/p>\n<p>&nbsp;<\/p>\n<p>\u0627\u0644\u0644\u0647<\/p>\n<p>&nbsp;<\/p>\n<p>Clipa a trecut<\/p>\n<p>\u0219i dorul m-a cuprins.<\/p>\n<p>Am gustat cu mult \u00eenainte<\/p>\n<p>de ceasurile nop\u021bii din via\u021b\u0103,<\/p>\n<p>atunci c\u00e2nd soarele apune senin,<\/p>\n<p>atunci c\u00e2nd iarna vine treptat.<\/p>\n<p>Grabnic, \u00eenot\u00e2nd \u00een cafeaua semilunei,<\/p>\n<p>cu mirodenii exotice ce inundau cortul,<\/p>\n<p>fumeg\u00e2nd ney-ul din co\u0219ul pieptului,<\/p>\n<p>m-am l\u0103sat cuprins \u00een dansul extazului<\/p>\n<p>\u0219i am auzit<\/p>\n<p>&nbsp;<\/p>\n<p>\u0627\u0644\u0644\u0647<\/p>\n<p>&nbsp;<\/p>\n<p>\u00cen fumul ad\u00e2nc, \u00eentunecat , se iveau mai clar<\/p>\n<p>ca niciodat\u0103 razele \u0219i lumina contrastante.<\/p>\n<p>Ajuns la cap\u0103tul puterilor, cu sufletul \u00eemb\u0103ls\u0103mat,<\/p>\n<p>c\u0103zut \u00een ad\u00e2nca pe\u0219ter\u0103 a \u00eentreb\u0103rilor ,<\/p>\n<p>\u00een care c\u0103ut\u0103torii de comori<\/p>\n<p>s-au pierdut \u00een largul oceanului<\/p>\n<p>nemaiajung\u00e2nd niciodat\u0103 \u00eenapoi,<\/p>\n<p>\u00eenainte am privit acum :<\/p>\n<p>&nbsp;<\/p>\n<p>sf\u00e2r\u0219itul \u00eenceputului sf\u00e2r\u0219itului \u00eenceputului sf\u0103r\u0219itului<\/p>\n<p>&nbsp;<\/p>\n<p>Am vorbit din cea mai ad\u00e2nc\u0103 umbr\u0103 \u2013 \u00een\u021belepciune<\/p>\n<p>&nbsp;<\/p>\n<p>\u0627\u0644\u0644\u0647<\/p>\n<p>&nbsp;<\/p>\n<p>C\u00e2nd fiorul cuv\u00e2ntului mi-a cuprins tot trupul<\/p>\n<p>m-am ridicat din morm\u00e2ntul s\u0103pat de mine pentru mine,<\/p>\n<p>pentru tine, pentru voi, pentru ei,<\/p>\n<p>pentru noi \u2013 rev\u0103rsarea izvorului din to\u021bi.<\/p>\n<p>Am p\u0103\u0219it privind \u00een dep\u0103rtare,<\/p>\n<p>merg\u00e2nd atent prin \u00eentuneric cu felinarul \u00een m\u00e2n\u0103.<\/p>\n<p>Eram atent la v\u00e2ntul vorbelor ferind lumina felinarului,<\/p>\n<p>p\u0103\u0219ind chibzuit printre capcanele sub multe forme.<\/p>\n<p>Odat\u0103 ars \u0219i bine \u00eensetat,<\/p>\n<p>nu \u00eemi mai trebuia nimic&#8230;<\/p>\n<p>c\u0103utam numai apa izvorului.<\/p>\n<p>Izvorul m\u0103 chema din dep\u0103rtare,<\/p>\n<p>auzeam curgerea lui<\/p>\n<p>&nbsp;<\/p>\n<p>\u0627\u0644\u0644\u0647<\/p>\n<p>&nbsp;<\/p>\n<p>Bucuria auzului tresar\u0103 inima.<\/p>\n<p>P\u0103s\u0103rile m\u0103 c\u0103l\u0103uzeau,<\/p>\n<p>p\u0103s\u0103rile c\u00e2ntau sim\u021birea inimii,<\/p>\n<p>Norii luau forma clipei,<\/p>\n<p>iar \u00een cafea , drumul era clar !<\/p>\n<p>Semnele \u00eemi vorbeau la tot pasul.<\/p>\n<p>Ajuns l\u00e2ng\u0103 r\u00e2u priveam apa oglind\u0103 :<\/p>\n<p>un trup necopt \u0219i mintea \u00eemp\u0103r\u021bit\u0103 \u00een :<\/p>\n<p>profesori, amici, scriitori, arti\u0219ti,<\/p>\n<p>filosofi, doctori \u0219i oameni ai \u0219tiin\u021bei,<\/p>\n<p>\u00eenal\u021bi \u0219i foarte \u00eenal\u021bi, conduc\u0103tori,<\/p>\n<p>ilu\u0219trii f\u0103uritori ai vie\u021bii a\u0219a cum o \u0219tim,<\/p>\n<p>to\u021bi \u00eentruni\u021bi doreau a explica<\/p>\n<p>&nbsp;<\/p>\n<p>\u0627\u0644\u0644\u0647<\/p>\n<p>&nbsp;<\/p>\n<p>Zgomot \u0219i voci \u2013<\/p>\n<p>c\u00e2nd templul trupului doarme,<\/p>\n<p>c\u00e2nd t\u0103cutul nu cunoa\u0219te \u00een\u021belegerea.<\/p>\n<p>\u0218tiam c\u0103 nu-s gata s\u0103 primesc<\/p>\n<p>dec\u00e2t o buc\u0103\u021bic\u0103 din dar pentru a-mi p\u0103stra via\u021ba,<\/p>\n<p>c\u0103ci mul\u021bi au ajuns prea repede<\/p>\n<p>\u0219i nu i-a mai ajuns toamna \u00een\u021beleapt\u0103 c\u00e2nd fructele se coc,<\/p>\n<p>nici iarna c\u00e2nd \u00eencet \u00eenghea\u021b\u0103 \u00eentr-un z\u00e2mbet,<\/p>\n<p>privind trecutul, via\u021ba luat\u0103 de m\u00e2na rece.<\/p>\n<p>Atunci mic, sprijinit de un copac,<\/p>\n<p>am privit cerul \u00eenstelat.<\/p>\n<p>Curpins de bolt\u0103 \u00een ochi largi,<\/p>\n<p>Uit\u00e2nd de uitare,<\/p>\n<p>o stea cade, m\u0103 tresare,<\/p>\n<p>Surprins de ea \u2013<\/p>\n<p>Un lung oftat , \u00een \u0219oapt\u0103<\/p>\n<p>&nbsp;<\/p>\n<p>\u0627\u0644\u0644\u0647<\/p>\n<p>&nbsp;<\/p>\n<p>Noaptea s-a l\u0103sat.<\/p>\n<p>\u00cen zare aud lupii url\u00e2nd,<\/p>\n<p>\u00eei simt c\u0103 m\u0103 simt din dep\u0103rtare,<\/p>\n<p>Speriat fug \u00eenapoi \u00een ora\u0219ul uit\u0103rii.<\/p>\n<p>Aveam hainele rupte \u00een culori,<\/p>\n<p>dar \u00een ora\u0219 , printre toate rupturile straielor,<\/p>\n<p>sim\u021beam ochi str\u0103ini \u00eentreb\u0103tori.<\/p>\n<p>\u0218i-atunci am intrat \u00een blocul sicriu,<\/p>\n<p>De unde din congelator am scos<\/p>\n<p>hainele noului \u00eemp\u0103rat \u2013<\/p>\n<p>un costum f\u0103r\u0103 via\u021b\u0103, gri ,<\/p>\n<p>f\u0103r\u0103 pete, f\u0103r\u0103 scurgeri transparente,<\/p>\n<p>mi-am pus un \u0219treang ciudat \u00een dungi,<\/p>\n<p>&nbsp;<\/p>\n<p>am ie\u0219it<\/p>\n<p>&nbsp;<\/p>\n<p>\u00eenconjurat de m\u0103\u0219ti,<\/p>\n<p>auzeam \u201dce faci ?\u201d<\/p>\n<p>g\u00e2ndeam \u201e \u0627\u0644\u0644\u0647\u201d<\/p>\n<p>sim\u021beam c\u00e2ntecul ney-ului<\/p>\n<p>spuneam \u201dbine\u201d<\/p>\n<p>f\u0103ceam \u201do mi\u0219care a mu\u0219chilor laterali ai fe\u021bei care ridica obrajii ar\u0103t\u00e2nd din\u021bii\u201d \u2013<\/p>\n<p>numit\u0103 \u201dz\u00e2mbet\u201d<\/p>\n<p>\u0219i de atunci unitatea s-a \u00eempr\u0103\u0219tiat<\/p>\n<p>\u00eentr-o diversitate f\u0103r\u0103 memoria CLIPEI<\/p>\n<p>&nbsp;<\/p>\n<p>\u0627\u0644\u0644\u0647<\/p>\n<p>&nbsp;<\/p>\n<p>&nbsp;<\/p>\n<p><strong>S-a \u00eent\u00e2mplat \u00eentr-o noapte<\/strong><\/p>\n<p><strong>\u00a0<\/strong><\/p>\n<p><span style=\"text-decoration: underline;\"><br \/>\n<\/span><\/p>\n<p>S-a \u00eent\u00e2mplat \u00eentr-o noapte.<\/p>\n<p>Eram departe de mine<\/p>\n<p>\u0219i de to\u021bi ceilal\u021bi.<\/p>\n<p>&nbsp;<\/p>\n<p>Dansam ca un nebun plin de o durere surd\u0103.<\/p>\n<p>B\u0103utura devenise amar\u0103 \u0219i o \u00eenghi\u021beam cu sil\u0103 ,<\/p>\n<p>o l\u0103sam s\u0103 curg\u0103, s\u0103-mi umple via\u021ba goal\u0103.<\/p>\n<p>Totul era rece, \u00eenghe\u021bat \u0219i nu g\u0103seam iarna.<\/p>\n<p>&nbsp;<\/p>\n<p>To\u021bi aveau lacrimi de \u021bur\u021buri<\/p>\n<p>iar eu vream s\u0103-i salvez !<\/p>\n<p>Vream&#8230; s\u0103-i topesc.<\/p>\n<p>&nbsp;<\/p>\n<p>Tremuram ca o frunz\u0103-n ploaie<\/p>\n<p>cu maxilarere str\u00e2nse \u2013<\/p>\n<p>aveam crengile cobor\u00e2te.<\/p>\n<p>&nbsp;<\/p>\n<p>Nu puteam vorbi t\u0103cutul.<\/p>\n<p>\u0218i-at\u00e2ta sculptam totul.<\/p>\n<p>Pe ascuns pl\u00e2ngeam<\/p>\n<p>iar \u00een v\u0103zul tuturor<\/p>\n<p>z\u00e2mbeam dar trist.<\/p>\n<p>R\u00e2deam dar nu era r\u00e2sul meu,<\/p>\n<p>vorbeam dar nu eram acolo \u2013<\/p>\n<p>un trup gol pe din\u0103untru<\/p>\n<p>care imita gesturi \u0219i vorbe,<\/p>\n<p>p\u0103truns de o s\u0103geat\u0103 ad\u00e2nc\u0103.<\/p>\n<p>&nbsp;<\/p>\n<p>Un perete era tot ce-aveam nevoie<\/p>\n<p>ca s\u0103 m\u0103 sprijin \u0219i s\u0103 uit de mine.<\/p>\n<p>Nu mai vream s\u0103 stau singur !<\/p>\n<p>&nbsp;<\/p>\n<p>Nu, nu puteam suporta singur\u0103tatea.<\/p>\n<p>Vream s\u0103 fiu \u021binut \u00een bra\u021be,<\/p>\n<p>s\u0103 stau str\u00e2ns \u2013 covrig,<\/p>\n<p>S\u0103 fiu m\u00e2ng\u00e2iat , m\u00e2ng\u00e2iat, m\u00e2ng\u00e2iat&#8230;<\/p>\n<p>\u0219i s\u0103 pl\u00e2ng mult&#8230;<\/p>\n<p>zile \u0219i nop\u021bi,<\/p>\n<p>s\u0103pt\u0103m\u00e2ini \u0219i luni,<\/p>\n<p>p\u00e2n\u0103 c\u00e2nd din lacrimi nu va mai r\u00e2m\u00e2ne dec\u00e2t uscatul&#8230;<\/p>\n<p>\u0219i m\u0103 voi usca precum \u00een de\u0219ert \u0219i voi a\u0219tepta ploaia.<\/p>\n<p>&nbsp;<\/p>\n<p>Vreau \u0219i eu s\u0103 cresc, s\u0103 fiu om \u2013 copac mare.<\/p>\n<p>Voi a\u0219tepta ploaia , voi a\u0219tepta&#8230; uscat.<\/p>\n<p>\u00cen g\u00e2nduri dune m\u0103 voi pierde,<\/p>\n<p>\u00een nisip voi c\u0103dea,<\/p>\n<p>cu v\u00e2ntul voi disp\u0103rea.<\/p>\n<p>&nbsp;<\/p>\n<p>Sunt plin de-o veche stare,<\/p>\n<p>m\u0103 b\u00e2ntuie ca o fantom\u0103<\/p>\n<p>dintr-un pod p\u0103r\u0103sit, uitat de lume.<\/p>\n<p>&nbsp;<\/p>\n<p>Bine-ai revenit vechi prieten !<\/p>\n<p>Prezint\u0103-te ! Arat\u0103-\u021bi pl\u00e2nsul !<\/p>\n<p>Nu te-ascunde !<\/p>\n<p>C\u00e2nt\u0103 doine \u0219i tr\u0103ie\u0219te !<\/p>\n<p>&nbsp;<\/p>\n<p><strong>Not\u0103 informativ\u0103<\/strong><\/p>\n<p><strong>\u00a0<\/strong><\/p>\n<p>&nbsp;<\/p>\n<p>Absolut instabil,<\/p>\n<p>complet gol \u2013<\/p>\n<p>haos perfect<\/p>\n<p>&nbsp;<\/p>\n<p><em>Satisfac\u021biile statutului de articulare a mediului<\/em><\/p>\n<p>&nbsp;<\/p>\n<p>dezordine \u00een detaliile ordinii generale<\/p>\n<p>ordine \u00een detaliile mai mici<\/p>\n<p>dezordine \u00een detaliile cele mai mici<\/p>\n<p>perfec\u021biune microscopic\u0103<\/p>\n<p>&nbsp;<\/p>\n<p><em>\u00eenainteaz\u0103 \u00eentr-o deplin\u0103 convergen\u021b\u0103 a unit\u0103\u021bii<\/em><\/p>\n<p>&nbsp;<\/p>\n<p>at\u00e2ta \u00eentuneric \u00eenc\u00e2t ajungi la lumin\u0103<\/p>\n<p>tot at\u00e2ta lumin\u0103 mascheaz\u0103 \u00eentunericul<\/p>\n<p>boal\u0103 \u00een v\u00e2rf<\/p>\n<p>san\u0103tate curat\u0103 la baz\u0103<\/p>\n<p>prea mult\u0103 minte \u00een top<\/p>\n<p>lini\u0219te \u00een dos \u0219i mini-top<\/p>\n<p>&nbsp;<\/p>\n<p><em>voin\u021belor exprimate liber la timpul potrivit <\/em><\/p>\n<p>&nbsp;<\/p>\n<p>n-ai ceva<\/p>\n<p>ai altceva<\/p>\n<p>ce dai prime\u0219ti,<\/p>\n<p>ce nu dai prime\u0219ti invers,<\/p>\n<p>direct \u0219i repede<\/p>\n<p>&nbsp;<\/p>\n<p><em>pentru a ac\u021biona eficace \u0219i a solu\u021biona<\/em><\/p>\n<p>&nbsp;<\/p>\n<p>ce vrei nu faci<\/p>\n<p>ce nu vrei, nu faci<\/p>\n<p>exact ce \u0219tii c\u0103 nu vrei s\u0103 faci, aia faci<\/p>\n<p>exact la timp a stat cornul \u00een zig-zag<\/p>\n<p>&nbsp;<\/p>\n<p><em>competen\u021bele prestabilite de coduri unilaterale \u0219i bilaterale, <\/em><\/p>\n<p><em>\u00eentr-un limbaj analog, asalt\u00e2nd b\u0103ncile rezervei parcului \u00a0<\/em><\/p>\n<p><em>\u0219i coada covrigului din c\u00e2ine ce se credea vedet\u0103 \u00een State.<\/em><\/p>\n<p>&nbsp;<\/p>\n<p>Mai poate spera regele\u00a0 s\u0103 se \u00eenv\u00e2rt\u0103<\/p>\n<p>\u00een ro\u021bile pupate pe-o parte de-o piatr\u0103<\/p>\n<p>ce-a cr\u0103pat efectivul \u00een patru de \u201dD\u201d ?<\/p>\n<p>&nbsp;<\/p>\n<p>R\u0103spunsul se cere a fi analizat de<\/p>\n<p>adunarea mesei la p\u0103trate \u201dpunct\u201d &#8230;<\/p>\n<p>&nbsp;<\/p>\n<p>&nbsp;<\/p>\n<p style=\"text-align: center;\"><strong>Victor Nicolae CIOBANU<\/strong><\/p>\n<p>&nbsp;<\/p>\n<p>&nbsp;<\/p>\n","protected":false},"excerpt":{"rendered":"<p>&nbsp; &nbsp; Dervish \u2013 fa\u021ba unui diamant &nbsp; \u00a0\u00a0\u00a0\u00a0\u00a0\u00a0\u00a0\u00a0\u00a0\u00a0\u00a0\u00a0\u00a0\u00a0\u00a0\u00a0\u00a0\u00a0\u00a0\u00a0\u00a0\u00a0\u00a0\u00a0 ,,Cine se cucereste pe sine, este luptatorul suprem&#8230;\u201d\u00a0\u00a0\u00a0\u00a0 Confucius &nbsp; De [&#038;hellip<\/p>\n","protected":false},"author":1,"featured_media":0,"comment_status":"closed","ping_status":"closed","sticky":false,"template":"","format":"standard","meta":{"footnotes":""},"categories":[3],"tags":[],"class_list":["post-22536","post","type-post","status-publish","format-standard","hentry","category-articole"],"_links":{"self":[{"href":"https:\/\/www.marianagurza.ro\/blog\/wp-json\/wp\/v2\/posts\/22536","targetHints":{"allow":["GET"]}}],"collection":[{"href":"https:\/\/www.marianagurza.ro\/blog\/wp-json\/wp\/v2\/posts"}],"about":[{"href":"https:\/\/www.marianagurza.ro\/blog\/wp-json\/wp\/v2\/types\/post"}],"author":[{"embeddable":true,"href":"https:\/\/www.marianagurza.ro\/blog\/wp-json\/wp\/v2\/users\/1"}],"replies":[{"embeddable":true,"href":"https:\/\/www.marianagurza.ro\/blog\/wp-json\/wp\/v2\/comments?post=22536"}],"version-history":[{"count":5,"href":"https:\/\/www.marianagurza.ro\/blog\/wp-json\/wp\/v2\/posts\/22536\/revisions"}],"predecessor-version":[{"id":22539,"href":"https:\/\/www.marianagurza.ro\/blog\/wp-json\/wp\/v2\/posts\/22536\/revisions\/22539"}],"wp:attachment":[{"href":"https:\/\/www.marianagurza.ro\/blog\/wp-json\/wp\/v2\/media?parent=22536"}],"wp:term":[{"taxonomy":"category","embeddable":true,"href":"https:\/\/www.marianagurza.ro\/blog\/wp-json\/wp\/v2\/categories?post=22536"},{"taxonomy":"post_tag","embeddable":true,"href":"https:\/\/www.marianagurza.ro\/blog\/wp-json\/wp\/v2\/tags?post=22536"}],"curies":[{"name":"wp","href":"https:\/\/api.w.org\/{rel}","templated":true}]}}