{"id":22558,"date":"2015-03-30T17:51:20","date_gmt":"2015-03-30T17:51:20","guid":{"rendered":"http:\/\/www.marianagurza.ro\/blog\/?p=22558"},"modified":"2015-03-30T17:51:20","modified_gmt":"2015-03-30T17:51:20","slug":"camelia-cristea-poesis-3","status":"publish","type":"post","link":"https:\/\/www.marianagurza.ro\/blog\/2015\/03\/30\/camelia-cristea-poesis-3\/","title":{"rendered":"Camelia CRISTEA: Poesis"},"content":{"rendered":"<p style=\"text-align: center;\"><a href=\"http:\/\/www.marianagurza.ro\/blog\/wp-content\/uploads\/2015\/03\/Camelia-Cristea10.jpeg\"><img loading=\"lazy\" decoding=\"async\" class=\"size-full wp-image-22559\" title=\"Camelia Cristea\" src=\"http:\/\/www.marianagurza.ro\/blog\/wp-content\/uploads\/2015\/03\/Camelia-Cristea10.jpeg\" alt=\"\" width=\"184\" height=\"184\" srcset=\"https:\/\/www.marianagurza.ro\/blog\/wp-content\/uploads\/2015\/03\/Camelia-Cristea10.jpeg 184w, https:\/\/www.marianagurza.ro\/blog\/wp-content\/uploads\/2015\/03\/Camelia-Cristea10-150x150.jpg 150w\" sizes=\"auto, (max-width: 184px) 100vw, 184px\" \/><\/a><\/p>\n<p><strong>Speran\u021ba<\/strong><\/p>\n<p>&nbsp;<\/p>\n<p>M-am \u00eemb\u0103tat de multe ori cu ap\u0103 chioar\u0103,<br \/>\nMin\u021bind c\u0103 este vinul cel de soi,<br \/>\n\u00cen inim\u0103 am pus arcu\u0219 dintr-o vioar\u0103<br \/>\nEa prim solist\u0103, \u00een concertul prim\u0103verilor.<\/p>\n<p>&nbsp;<\/p>\n<p>Am scris poeme, portativ stelar<br \/>\nM-am ag\u0103\u021bat de vis cu disperare,<br \/>\n\u00cen carje am alergat c\u00e2nd nu puteam<br \/>\nS\u0103 m\u0103 mai \u021bin drept pe picioare.<\/p>\n<p>&nbsp;<\/p>\n<p>\u00cen pror\u0103 v\u00e2ntul nu mai vrea s\u0103 bat\u0103,<br \/>\n\u0218i suflu eu speran\u021b\u0103 \u00een catarg,<br \/>\nO via\u021ba&#8230; fii binecuv\u00e2ntat\u0103\u2026 !<br \/>\nChiar \u0219i cu roua dimine\u021bii pe obraz.<\/p>\n<p>&nbsp;<\/p>\n<p>M\u0103 rog ca \u00eengerii s\u0103-mi dea putere,<br \/>\nS\u0103 m\u0103 ridic atunci c\u00e2nd sunt c\u0103zut<br \/>\nS\u0103-ngrop \u00een teac\u0103 lacrima durerii<br \/>\n\u0218i s\u0103 iubesc lumina ca semn de \u00eenceput!<\/p>\n<p>&nbsp;<\/p>\n<p><strong>Valul<\/strong><\/p>\n<p>&nbsp;<\/p>\n<p>Am cl\u0103dit \u00een grab\u0103 prea multe castele<br \/>\nDune \u00een\u0103l\u021bate, nisip mi\u0219c\u0103tor,<br \/>\nValul m\u0103rii trece toate-s spulberate<br \/>\nM\u00e2inile-mi sunt goale, sufletul\u2026nu-i gol!<\/p>\n<p>&nbsp;<\/p>\n<p>Din ad\u00e2ncul m\u0103rii scot pe r\u00e2nd \u0219i pietre<br \/>\nS\u0103 pun temelie iar\u0103\u0219i s\u0103 cl\u0103desc<br \/>\nArvunez \u00een ele, spuma mea de via\u021b\u0103<br \/>\n\u0218i \u00eenv\u0103\u021b din nou clipa s-o tr\u0103iesc.<\/p>\n<p>&nbsp;<\/p>\n<p>Dac\u0103 valul trece, pietrele r\u0103m\u00e2n,<br \/>\nDin cenu\u0219a ars\u0103, pulbere adun.<br \/>\nPasarea r\u0103nit\u0103 cere vindecare<br \/>\n\u0218i-nva\u021b\u0103 \u00eencet c\u0103tre cer s\u0103 zboare.<\/p>\n<p>&nbsp;<\/p>\n<p><strong>Aripi <\/strong><\/p>\n<p><strong>\u00a0<\/strong><\/p>\n<p>\u00centr-o candel\u0103 aprins\u0103<br \/>\nV\u0103d un \u00eenger cu credin\u021b\u0103<br \/>\nCum se roag\u0103 \u00een v\u0103paie,<br \/>\nIadul cade \u0219i se-ndoaie.<\/p>\n<p>&nbsp;<\/p>\n<p>\u0218i strivi\u021bi de m\u00e2na ploii<br \/>\nSunt \u00een lan\u021buri pu\u0219i c\u0103l\u0103ii<br \/>\nOs\u00e2ndi\u021bi la-ngrop\u0103ciune,<br \/>\nCu tot r\u0103ul de prin lume.<\/p>\n<p>&nbsp;<\/p>\n<p>Clipe seci \u0219i efemere<br \/>\nVor s\u0103 prind\u0103 iar putere,<br \/>\nFlorile de mucegai<br \/>\nCer parfum nou s\u0103 le dai!<\/p>\n<p>&nbsp;<\/p>\n<p>T\u00e2nguirea st\u0103 de paz\u0103<br \/>\nE orbit\u0103 de o raz\u0103&#8230;,<br \/>\nCeasul zilei num\u0103rat,<br \/>\nNu e om f\u0103r\u0103 p\u0103cat!<\/p>\n<p>&nbsp;<\/p>\n<p>Dar cu flac\u0103ra credin\u021bei<br \/>\nPrimim crucea biruin\u021bei,<br \/>\nPrin izvoarele de lacrimi<br \/>\nNe sp\u0103lam mereu de patimi.<\/p>\n<p>&nbsp;<\/p>\n<p>Drumu-i greu \u0219i noduros,<br \/>\nDar e cerul luminos,<br \/>\nC\u00e2nd treci valea cea de pl\u00e2ngeri<br \/>\n\u00ce\u021bi cresc aripi ca de \u00eengeri&#8230;<\/p>\n<p>&nbsp;<\/p>\n<p align=\"center\"><strong>Camelia CRISTEA<\/strong><\/p>\n<p>&nbsp;<\/p>\n<p><em>\u00a0<\/em><\/p>\n","protected":false},"excerpt":{"rendered":"<p>Speran\u021ba &nbsp; M-am \u00eemb\u0103tat de multe ori cu ap\u0103 chioar\u0103, Min\u021bind c\u0103 este vinul cel de soi, \u00cen inim\u0103 am [&#038;hellip<\/p>\n","protected":false},"author":1,"featured_media":0,"comment_status":"closed","ping_status":"closed","sticky":false,"template":"","format":"standard","meta":{"footnotes":""},"categories":[3],"tags":[],"class_list":["post-22558","post","type-post","status-publish","format-standard","hentry","category-articole"],"_links":{"self":[{"href":"https:\/\/www.marianagurza.ro\/blog\/wp-json\/wp\/v2\/posts\/22558","targetHints":{"allow":["GET"]}}],"collection":[{"href":"https:\/\/www.marianagurza.ro\/blog\/wp-json\/wp\/v2\/posts"}],"about":[{"href":"https:\/\/www.marianagurza.ro\/blog\/wp-json\/wp\/v2\/types\/post"}],"author":[{"embeddable":true,"href":"https:\/\/www.marianagurza.ro\/blog\/wp-json\/wp\/v2\/users\/1"}],"replies":[{"embeddable":true,"href":"https:\/\/www.marianagurza.ro\/blog\/wp-json\/wp\/v2\/comments?post=22558"}],"version-history":[{"count":2,"href":"https:\/\/www.marianagurza.ro\/blog\/wp-json\/wp\/v2\/posts\/22558\/revisions"}],"predecessor-version":[{"id":22561,"href":"https:\/\/www.marianagurza.ro\/blog\/wp-json\/wp\/v2\/posts\/22558\/revisions\/22561"}],"wp:attachment":[{"href":"https:\/\/www.marianagurza.ro\/blog\/wp-json\/wp\/v2\/media?parent=22558"}],"wp:term":[{"taxonomy":"category","embeddable":true,"href":"https:\/\/www.marianagurza.ro\/blog\/wp-json\/wp\/v2\/categories?post=22558"},{"taxonomy":"post_tag","embeddable":true,"href":"https:\/\/www.marianagurza.ro\/blog\/wp-json\/wp\/v2\/tags?post=22558"}],"curies":[{"name":"wp","href":"https:\/\/api.w.org\/{rel}","templated":true}]}}