{"id":22576,"date":"2015-03-31T07:05:31","date_gmt":"2015-03-31T07:05:31","guid":{"rendered":"http:\/\/www.marianagurza.ro\/blog\/?p=22576"},"modified":"2015-03-31T07:05:31","modified_gmt":"2015-03-31T07:05:31","slug":"florian-chelu-madeva-lansarea-volumului-sonet-%e2%80%93-numai-retrogradus%e2%80%9d","status":"publish","type":"post","link":"https:\/\/www.marianagurza.ro\/blog\/2015\/03\/31\/florian-chelu-madeva-lansarea-volumului-sonet-%e2%80%93-numai-retrogradus%e2%80%9d\/","title":{"rendered":"Florian CHELU MADEVA: Lansarea volumului ,,Sonet \u2013 numai retrogradus\u201d"},"content":{"rendered":"<p style=\"text-align: justify;\"><a href=\"http:\/\/www.marianagurza.ro\/blog\/wp-content\/uploads\/2015\/03\/AC-FCM-SONET-NUMAI-RETROGRADUS-wb.jpg\"><img loading=\"lazy\" decoding=\"async\" class=\"alignleft size-medium wp-image-22577\" title=\"AC-&amp;-FCM-&amp;-SONET-NUMAI-RETROGRADUS-wb\" src=\"http:\/\/www.marianagurza.ro\/blog\/wp-content\/uploads\/2015\/03\/AC-FCM-SONET-NUMAI-RETROGRADUS-wb-225x300.jpg\" alt=\"\" width=\"225\" height=\"300\" srcset=\"https:\/\/www.marianagurza.ro\/blog\/wp-content\/uploads\/2015\/03\/AC-FCM-SONET-NUMAI-RETROGRADUS-wb-225x300.jpg 225w, https:\/\/www.marianagurza.ro\/blog\/wp-content\/uploads\/2015\/03\/AC-FCM-SONET-NUMAI-RETROGRADUS-wb.jpg 600w\" sizes=\"auto, (max-width: 225px) 100vw, 225px\" \/><\/a>Cartea de fa\u0163\u0103 era, dintru \u00eenceput, conceput\u0103 ca o recuno\u015ftin\u0163\u0103 fa\u0163\u0103 de cel care ne-a fost frate \u015fi unchi, scriitorul or\u0103dean Marin Chelu \u2013 astfel o carte intim\u0103, de familie. Preocupa\u0163i \u00een genere de muzic\u0103, opera noastr\u0103 centr\u00e2ndu-se pe ideea de sonet muzical, abordarea noastr\u0103 a c\u0103p\u0103tat, iat\u0103, o imagine desprins\u0103 dintr-o alt\u0103 dimensiune cultural\u0103. Sonetul literar \u2013 inventat cu 800 de ani \u00een urm\u0103 de italieni, domin\u00e2nd prin idee \u015fi form\u0103 \u2013 a fost \u00eembr\u0103\u0163i\u015fat de mai toate valorile lumii, indiferent de ocupa\u0163iile sau profesiile autorilor. \u00cent\u00e2lnim, astfel, nume precum J.W.Goethe, Leonardo Da Vinci, Michelangelo Buonarroti sau Galileo Galilei, valori culturale care au ales s\u0103 scrie sonet, iar timp de secole, aceast\u0103 form\u0103 fix\u0103 de poezie a fost abordat\u0103 de aproape to\u0163i scriitorii, ca un reper \u00een lirica universal\u0103. \u00cen timp, sonetul a c\u0103p\u0103tat diferite forme de exprimare, devenind retrogradus, inversat, dublu, cu coad\u0103 etc, iar rigorile acestuia, legate de num\u0103rul de versuri, m\u0103sur\u0103, rim\u0103 sau ritm, au provocat numero\u015fi poe\u0163i, dornici s\u0103 ating\u0103 treptele perfec\u0163iunii.<\/p>\n<p style=\"text-align: justify;\">\n<p style=\"text-align: justify;\">Oradea vine, iat\u0103, prin Florian Chelu Madeva \u2013 cu o nou\u0103 form\u0103 fix\u0103 de exprimare prin sonet: muzical\u0103 \u2013 revenind, astfel, u\u015for, la origini (sonetul fiind, \u00een antichitate \u2013 c\u00e2ntecel). Sonetele muzicale sunt scrise pe doar dou\u0103 m\u0103suri din J.S.Bach \u2013 m\u0103surile 169\/170 ale fugii din Sonata a III-a pentru vioar\u0103, realiz\u00e2ndu-se astfel similitudinea form\u0103 fix\u0103 literar\u0103 \u2013 form\u0103 fix\u0103 muzical\u0103 \u015fi sonet literar \u2013 sonet muzical. Preocupa\u0163i mereu de construc\u0163ii \u015fi forme (de aceast\u0103 dat\u0103 literare, nu muzicale), c\u0103ci \u201es\u0103 cau\u0163i forme noi e-o datorie\u201c, spre a ne exprima cu Goethe, am ajuns la noi forme de exprimare artistic\u0103, \u00eentru sonet: sonetul retrogradus. Astfel, se pare c\u0103 venim cu prima propunere la nivel na\u0163ional de sonet retrogradus, \u00eentr-un volum \u00eentreg, tat\u0103-fiic\u0103. Despre aceast\u0103 carte ne vorbe\u015fte \u00een mod absolut maiestuos scriitorul Radu C\u00e2rneci, pe coperta IV a volumului:<\/p>\n<p style=\"text-align: justify;\">\n<p style=\"text-align: justify;\">&#8220;&#8230;Dorin\u0163a &#8211; dublat\u0103 de o nobil\u0103 ambi\u0163ie &#8211; de a zidi o asemenea carte de sonete (numai retrogradus, lucru deloc u\u015for!) face din cei doi autori, Alexandrina Chelu \u015fi Florian Chelu Madeva, o pereche paternal-filial\u0103 exemplar\u0103, demn\u0103 de admira\u0163ie. Cunosc\u00e2ndu-le str\u0103dania \u00eensumat\u0103 \u00eentru crearea sonetelor muzicale pe textele unor poe\u0163i rom\u00e2ni (dar \u015fi ale unor celebri creatori din afar\u0103), m\u0103 entuziasmeaz\u0103 d\u0103ruirea coautorilor &#8211; or\u0103deni de elit\u0103 &#8211; \u00een sui\u015ful c\u0103tre \u00eempliniri artistice superioare. Ei se \u00eenscriu, de altfel, \u00een mi\u015fcarea de \u00eennoire a poeziei cu form\u0103 fix\u0103 sonor\u0103 \u00eentr-un context modern, contemporan, care-\u015fi arat\u0103 deja roadele.<\/p>\n<p style=\"text-align: justify;\">\n<p style=\"text-align: justify;\">Sonet &#8211; cartea de fa\u0163\u0103 &#8211; cu titlul lapidar-provocator, se reclam\u0103 de la iubirea de iubire, cuprinz\u00e2nd o multitudine de st\u0103ri esen\u0163iale, temeinice \u00een con\u0163inut, armonioase \u00een exprimarea liric\u0103. Este, \u00eentr-adev\u0103r, o izb\u00e2nd\u0103 ce merit\u0103 a fi cunoscut\u0103 \u015fi considerat\u0103. M\u0103 bucur de acest sonet \u015fi vi-l recomand cu pre\u0163uire colegial\u0103. Este o carte aleas\u0103!&#8230;&#8221;<\/p>\n<p style=\"text-align: justify;\">\n<p style=\"text-align: justify;\">\u201eM\u00e2ng\u00e2ia\u0163i de dulcea\u0163a acestei glorii, nu ne pas\u0103 de surghiun\u201c \u2013 Dante Alighieri<\/p>\n<p style=\"text-align: justify;\">\n<p style=\"text-align: justify;\">Evenimentul va avea loc miercuri, 1 Aprilie, ora 18:00, la Sala Traian Mo\u015foiu a Prim\u0103riei Municipiului Oradea. V\u0103 a\u015ftept\u0103m cu drag.<\/p>\n<p>&nbsp;<\/p>\n<p style=\"text-align: center;\"><strong>Florian Chelu Madeva \u015fi Alexandrina Chelu<\/strong><\/p>\n<p style=\"text-align: center;\"><strong>Oradea, 30 martie 2015 <\/strong><\/p>\n","protected":false},"excerpt":{"rendered":"<p>Cartea de fa\u0163\u0103 era, dintru \u00eenceput, conceput\u0103 ca o recuno\u015ftin\u0163\u0103 fa\u0163\u0103 de cel care ne-a fost frate \u015fi unchi, scriitorul [&#038;hellip<\/p>\n","protected":false},"author":1,"featured_media":0,"comment_status":"closed","ping_status":"closed","sticky":false,"template":"","format":"standard","meta":{"footnotes":""},"categories":[3],"tags":[],"class_list":["post-22576","post","type-post","status-publish","format-standard","hentry","category-articole"],"_links":{"self":[{"href":"https:\/\/www.marianagurza.ro\/blog\/wp-json\/wp\/v2\/posts\/22576","targetHints":{"allow":["GET"]}}],"collection":[{"href":"https:\/\/www.marianagurza.ro\/blog\/wp-json\/wp\/v2\/posts"}],"about":[{"href":"https:\/\/www.marianagurza.ro\/blog\/wp-json\/wp\/v2\/types\/post"}],"author":[{"embeddable":true,"href":"https:\/\/www.marianagurza.ro\/blog\/wp-json\/wp\/v2\/users\/1"}],"replies":[{"embeddable":true,"href":"https:\/\/www.marianagurza.ro\/blog\/wp-json\/wp\/v2\/comments?post=22576"}],"version-history":[{"count":2,"href":"https:\/\/www.marianagurza.ro\/blog\/wp-json\/wp\/v2\/posts\/22576\/revisions"}],"predecessor-version":[{"id":22579,"href":"https:\/\/www.marianagurza.ro\/blog\/wp-json\/wp\/v2\/posts\/22576\/revisions\/22579"}],"wp:attachment":[{"href":"https:\/\/www.marianagurza.ro\/blog\/wp-json\/wp\/v2\/media?parent=22576"}],"wp:term":[{"taxonomy":"category","embeddable":true,"href":"https:\/\/www.marianagurza.ro\/blog\/wp-json\/wp\/v2\/categories?post=22576"},{"taxonomy":"post_tag","embeddable":true,"href":"https:\/\/www.marianagurza.ro\/blog\/wp-json\/wp\/v2\/tags?post=22576"}],"curies":[{"name":"wp","href":"https:\/\/api.w.org\/{rel}","templated":true}]}}