{"id":22580,"date":"2015-03-31T07:27:38","date_gmt":"2015-03-31T07:27:38","guid":{"rendered":"http:\/\/www.marianagurza.ro\/blog\/?p=22580"},"modified":"2015-03-31T07:27:38","modified_gmt":"2015-03-31T07:27:38","slug":"stefan-doru-dancus-sentinta","status":"publish","type":"post","link":"https:\/\/www.marianagurza.ro\/blog\/2015\/03\/31\/stefan-doru-dancus-sentinta\/","title":{"rendered":"\u0218tefan Doru D\u0102NCU\u0218: Sentin\u021ba"},"content":{"rendered":"<p style=\"text-align: center;\"><img loading=\"lazy\" decoding=\"async\" id=\"irc_mi\" src=\"http:\/\/www.ziaristionline.ro\/wp-content\/uploads\/2011\/08\/Stefan-Doru-Dancus-225x300.jpg\" alt=\"\" width=\"225\" height=\"300\" \/><\/p>\n<p><strong>SENTIN\u021aA<\/strong><strong><\/strong><\/p>\n<p>&nbsp;<\/p>\n<p>Eu caut un loc s\u0103 m\u0103 rog ori s\u0103 dorm<\/p>\n<p>\u015ei numai de ziduri \u00eenalte am parte<\/p>\n<p><strong>Sunt singur \u015fi-n juru-mi arid \u015fi enorm <\/strong><\/p>\n<p>Pustiul sur\u00e2de ironic a moarte<\/p>\n<p>&nbsp;<\/p>\n<p>Dar bat \u00eentr-o poart\u0103. \u201cNu-ai dreptul aici\u201d<\/p>\n<p>\u00cemi strig\u0103 str\u0103jerul. Eu plec mai departe<\/p>\n<p>\u00cen juru-mi sunt ziduri \u00eenalte \u015fi mici<\/p>\n<p>Mai vine o noapte \u015fi dorm ca \u00een moarte.<\/p>\n<p>&nbsp;<\/p>\n<p>Ceasul s-a oprit \u00een or\u0103<\/p>\n<p>Eu str\u0103in nu voi putea<\/p>\n<p>S\u0103 te mai g\u0103sesc o dat\u0103<\/p>\n<p>Dac\u0103-nchizi inima ta<\/p>\n<p>&nbsp;<\/p>\n<p>Alt\u0103 via\u0163\u0103 v\u0103 ofer<\/p>\n<p>Por\u0163ile se-nchid \u00een cer<\/p>\n<p>\u015ei se-nchid p\u0103m\u00e2nturi<\/p>\n<p>Bate v\u00e2ntul \u015fi-s furtuni<\/p>\n<p>Hai, deschide\u0163i, oameni buni<\/p>\n<p>Nu mai sta\u0163i pe g\u00e2nduri.<\/p>\n<p>&nbsp;<\/p>\n<p>A doua zi iar prin pustiul arid<\/p>\n<p>Biserica Mea a plecat undeva<\/p>\n<p>Decid s\u0103 o aflu. S-o caut decid<\/p>\n<p>Bat iar\u0103\u015fi \u00een poart\u0103: \u201cNu-i voie-a intra \u201c<\/p>\n<p>&nbsp;<\/p>\n<p>Mai vine o noapte. Dorm iar \u00een pustiu<\/p>\n<p>Au ziduri \u00eenalte, ospe\u0163e \u015fi vin<\/p>\n<p>Bat iar\u0103\u015fi \u00een por\u0163i. Nu m\u0103 las\u0103 s\u0103-nviu<\/p>\n<p>\u015ei inima Mea-i o cunun\u0103 de spini.<\/p>\n<p>&nbsp;<\/p>\n<p>Din nou \u00een pustiu. S\u0103 deschid\u0103 li-i greu<\/p>\n<p>Sunt siguri pe temple, pe Biblii, pe ei<\/p>\n<p>Li-i lene s\u0103 cread\u0103 c\u0103 iar Dumnezeu<\/p>\n<p>Descul\u0163 bate-n u\u015f\u0103. Au al\u0163i Dumnezei.<\/p>\n<p>&nbsp;<\/p>\n<p>Acum, Tat\u0103l meu, sunt singur pe munte<\/p>\n<p>E vremea s\u0103 iei Fiul T\u0103u din de\u015fert<\/p>\n<p>Cet\u0103\u0163i s\u0103 se sparg\u0103. N-au timp a se-ascunde<\/p>\n<p>\u015ei totu\u015fi, ascult\u0103, Eu iar\u0103\u015fi \u00eei iert<\/p>\n<p>&nbsp;<\/p>\n<p>Acum m\u0103 preumblu \u2013 pustiu peste mor\u0163i<\/p>\n<p>\u00cen mari catedrale picturile-s moarte<\/p>\n<p>Acum au deschis \u015fi ospe\u0163e \u015fi por\u0163i<\/p>\n<p>Dar cum de nu-i nimeni? O, por\u0163ile-s sparte!<\/p>\n<p>&nbsp;<\/p>\n<p>S-au dus fariseii. \u015ei Iuda s-a dus<\/p>\n<p>\u00cen bunc\u0103re stau tremur\u00e2nd. \u015ei se tem<\/p>\n<p>Caiafa e gol \u015fi Pillat s-a ascuns<\/p>\n<p>\u201cNu am tribunal dar eu totu\u015fi \u00eei chem!\u201d<\/p>\n<p>&nbsp;<\/p>\n<p>Nu ies la lumin\u0103 li-e fric\u0103 de cer<\/p>\n<p>Eu spun: \u201cAm venit\u201d dar e sala pustie<\/p>\n<p>\u201cNu-i nimeni aici? Am venit, m\u0103 ofer!\u201d<\/p>\n<p>Ei nu mai r\u0103spund pe vecie.<\/p>\n<p>&nbsp;<\/p>\n<p align=\"center\"><strong>\u0218tefan Doru D\u0102NCU\u0218<\/strong><\/p>\n","protected":false},"excerpt":{"rendered":"<p>SENTIN\u021aA &nbsp; Eu caut un loc s\u0103 m\u0103 rog ori s\u0103 dorm \u015ei numai de ziduri \u00eenalte am parte Sunt [&#038;hellip<\/p>\n","protected":false},"author":1,"featured_media":0,"comment_status":"closed","ping_status":"closed","sticky":false,"template":"","format":"standard","meta":{"footnotes":""},"categories":[3],"tags":[],"class_list":["post-22580","post","type-post","status-publish","format-standard","hentry","category-articole"],"_links":{"self":[{"href":"https:\/\/www.marianagurza.ro\/blog\/wp-json\/wp\/v2\/posts\/22580","targetHints":{"allow":["GET"]}}],"collection":[{"href":"https:\/\/www.marianagurza.ro\/blog\/wp-json\/wp\/v2\/posts"}],"about":[{"href":"https:\/\/www.marianagurza.ro\/blog\/wp-json\/wp\/v2\/types\/post"}],"author":[{"embeddable":true,"href":"https:\/\/www.marianagurza.ro\/blog\/wp-json\/wp\/v2\/users\/1"}],"replies":[{"embeddable":true,"href":"https:\/\/www.marianagurza.ro\/blog\/wp-json\/wp\/v2\/comments?post=22580"}],"version-history":[{"count":2,"href":"https:\/\/www.marianagurza.ro\/blog\/wp-json\/wp\/v2\/posts\/22580\/revisions"}],"predecessor-version":[{"id":22582,"href":"https:\/\/www.marianagurza.ro\/blog\/wp-json\/wp\/v2\/posts\/22580\/revisions\/22582"}],"wp:attachment":[{"href":"https:\/\/www.marianagurza.ro\/blog\/wp-json\/wp\/v2\/media?parent=22580"}],"wp:term":[{"taxonomy":"category","embeddable":true,"href":"https:\/\/www.marianagurza.ro\/blog\/wp-json\/wp\/v2\/categories?post=22580"},{"taxonomy":"post_tag","embeddable":true,"href":"https:\/\/www.marianagurza.ro\/blog\/wp-json\/wp\/v2\/tags?post=22580"}],"curies":[{"name":"wp","href":"https:\/\/api.w.org\/{rel}","templated":true}]}}