{"id":22594,"date":"2015-03-31T09:55:20","date_gmt":"2015-03-31T09:55:20","guid":{"rendered":"http:\/\/www.marianagurza.ro\/blog\/?p=22594"},"modified":"2015-03-31T09:55:20","modified_gmt":"2015-03-31T09:55:20","slug":"polidor-sommer-viata-lui-bismarck-in-12-cicluri-de-cate-7-ani-interpretari-interferentiale","status":"publish","type":"post","link":"https:\/\/www.marianagurza.ro\/blog\/2015\/03\/31\/polidor-sommer-viata-lui-bismarck-in-12-cicluri-de-cate-7-ani-interpretari-interferentiale\/","title":{"rendered":"Polidor SOMMER: Via\u021ba lui Bismarck \u00een 12 cicluri de c\u00e2te 7 ani (interpret\u0103ri interferen\u021biale)"},"content":{"rendered":"<p style=\"text-align: center;\"><a href=\"http:\/\/www.marianagurza.ro\/blog\/wp-content\/uploads\/2015\/03\/BISMARCK-wb.jpg\"><img loading=\"lazy\" decoding=\"async\" class=\"size-medium wp-image-22595\" title=\"BISMARCK-wb\" src=\"http:\/\/www.marianagurza.ro\/blog\/wp-content\/uploads\/2015\/03\/BISMARCK-wb-221x300.jpg\" alt=\"\" width=\"221\" height=\"300\" srcset=\"https:\/\/www.marianagurza.ro\/blog\/wp-content\/uploads\/2015\/03\/BISMARCK-wb-221x300.jpg 221w, https:\/\/www.marianagurza.ro\/blog\/wp-content\/uploads\/2015\/03\/BISMARCK-wb.jpg 600w\" sizes=\"auto, (max-width: 221px) 100vw, 221px\" \/><\/a><\/p>\n<p style=\"text-align: center;\"><strong>Bismarck: 200 de ani de la na\u015ftere <\/strong><\/p>\n<p style=\"text-align: center;\"><strong><em>(1 aprilie 1815 &#8211; 1 aprilie 2015)<\/em><\/strong><\/p>\n<p style=\"text-align: center;\">\n<p style=\"text-align: justify;\">Dup\u0103 primii \u015fapte ani ai copil\u0103riei (I=1815-1822), petrecu\u0163i pe mo\u015fia de la Kniephof, de care Otto\u00a0 \u00ee\u015fi va aminti\u00a0 toat\u0103 via\u0163a cu nostalgie \u015fi chiar cu emo\u0163ie, urm\u0103torul set de \u015fapte ani (II=1822-1829) \u00a0\u00eel \u00a0va g\u0103si pe acela\u015fi copil, Otto von Bismarck (\u00een urma unor demersuri ale mamei sale, Wilhelmine) \u00eenv\u0103\u0163\u00e2nd \u00een \u015fcoli cu copii aristocra\u0163i. Al treilea set de \u015fapte ani (III=1829-1836), adic\u0103 \u00eentre 14 \u015fi 21 de ani, \u00eel prinde finaliz\u00e2ndu-\u015fi studiile (\u00een primul r\u00e2nd bacalaureatul la 17 ani, apoi anii de facultate \u00een domeniul dreptului la G\u00f6ttingen \u015fi Berlin).<\/p>\n<p style=\"text-align: justify;\">\n<p style=\"text-align: justify;\">Al patrulea set de \u015fapte ani (IV=1836-1843), adic\u0103 \u00eentre 21 \u015fi 28 de ani, \u00eel g\u0103se\u015fte pe t\u00e2n\u0103rul Otto adapt\u00e2ndu-se cu greu activit\u0103\u0163ii de func\u0163ionar (\u201elucr\u0103tor cu h\u00e2r\u0163og\u0103raia\u201d), dar este \u015fi perioada av\u00e2ntului nebunesc \u00een escaladarea aventurilor amoroase \u015fi c\u0103utarea dragostei statornice. \u00cen al cincilea set de \u015fapte ani (V=1843-1850) Otto von Bismarck cultiv\u0103 mediile sociale cu \u015farm \u015fi dezinvoltur\u0103, pentru c\u0103 apare iubirea stabil\u0103, urmat\u0103 de \u00eentemeierea unei familii. Al \u015faselea set de \u015fapte ani (VI=1850-1857), \u00eentre 35 \u015fi 42 de ani, \u00eel consacr\u0103, a\u015fa cum \u00ee\u015fi dorise at\u00e2\u0163ia ani, \u015fi ca\u00a0 diplomat. Al \u015faptelea ciclu (VII=1857-1864) reprezint\u0103 anii accederii \u00een E\u015falonul \u00cent\u00e2i al Puterii, \u00een urma a\u015ftept\u0103rii tensionate, dar, mai ales, \u00een urma unor g\u0103selni\u0163e politico-militare, extrem de abile, care au condus la anexarea ducatelor daneze Schleswig \u015fi Holstein.<\/p>\n<p style=\"text-align: justify;\">\n<p style=\"text-align: justify;\">Ciclul Nr.8 al celor \u015fapte ani (VIII=1864-1871) se poate traduce prin perioada r\u0103zboaielor pentru unificarea Germaniei, fondarea celui de-Al Doilea Reich, evenimente care \u00eel transform\u0103 pe Bismarck practic \u00een adev\u0103ratul p\u0103rinte al na\u0163iunii germane \u015fi, f\u0103r\u0103 teama de-a gre\u015fi, sunt ani care pot fi considera\u0163i v\u00e2rful carierei sale politice \u015fi militare. Al nou\u0103lea ciclu de \u015fapte ani\u00a0 (IX=1871-1878) este perioada drumului diplomatico-managerial de imagine politic\u0103 a lui Bismarck \u00een pozi\u0163iile de: lider al na\u0163iunii germane; garant al p\u0103cii \u00een Europa; \u00a0mediator neutru (\u00een cadrul Congresului de pace de la Berlin) al conflictelor militare din Balcani datorit\u0103 mi\u015fc\u0103rilor de independen\u0163\u0103 ale popoarelor din sud-estul Europei, subjugate de Imperiul Otoman \u00een concuren\u0163\u0103 cu Rusia pentru domina\u0163ie zonal\u0103.<\/p>\n<p style=\"text-align: justify;\">\n<p style=\"text-align: justify;\">Al zecelea ciclu de \u015fapte ani (X =1878-1885) este ciclul unor reu\u015fite mari \u00een plan politic: reg\u00e2ndirea \u015fi \u00eent\u0103rirea alian\u0163elor, dar, mai ales, c\u00e2\u015ftigarea unui imperiu colonial. Al 11-lea ciclu de aproximativ \u015fapte ani (XI=1885-1891) este singurul set av\u00e2nd cifra diabolic\u0103 6. Dualitatea cifrei 11 (al 11-lea ciclu) \u015fi perioada cifrei satanice 6 nu prevesteau nimic bun: \u00een 1988 regele s\u0103u \u201ede suflet\u201d, Wilhelm I, moare; este urmat la tron de un rege deja \u00een ultima faz\u0103 cu cancer, Frederic al III-lea, care domne\u015fte doar 99 de zile (sub semnul blestemului, \u00eentr-o formul\u0103 diavoleasc\u0103, 99 \u00eentors va da 66; \u00a0al\u0103turi de cei 6 ani ca ciclu malefic al\u0103turarea duce la semnul Antihristului, 666, perioad\u0103 care coincide chiar cu sosirea acestuia pe tron: regele Wilhelm al II-lea este monarhul care \u00ee\u015fi concediaz\u0103 cancelarul \u00een interiorul aceleia\u015fi formule blestemate de 6 ani, \u00a0\u00een \u00a01890.<\/p>\n<p style=\"text-align: justify;\">\n<p style=\"text-align: justify;\">Al 12-lea ciclu de \u015fapte ani (XII=1891-1898), ultimul din via\u0163a liderului german, este \u00eencununat de recunoa\u015fterea meritelor lui Bismack de c\u0103tre na\u0163iunea german\u0103. Trece \u00een eternitate pe 30 ale lunii a \u015faptea, 1898. Destinul nu a vrut s\u0103 dep\u0103\u015feasc\u0103 prima decad\u0103 a unei alte zodii de foc: Bismarck dep\u0103\u015fise 83 de ani \u015fi se \u00eendrepta c\u0103tre formula celor 12 cicluri de c\u00e2te 7 ani.*<\/p>\n<p>&#8212;&#8212;&#8212;&#8211;<\/p>\n<div>\n<p style=\"text-align: justify;\"><em>*Extras din Nr.9 (Anul III) 2015:\u201ePersonalit\u0103\u0163i \u00een aria interferen\u0163elor interna\u0163ionale\u201d(Revist\u0103 de istorie \u015fi culturologie) ISSN:2286-2110 \/\/ Colec\u0163ia \u201ePaul Polidor. Antologie de interferen\u0163e culturale (119)<\/em><\/p>\n<\/div>\n<p><strong>\u00a0<\/strong><\/p>\n<p><strong>\u00a0<\/strong><\/p>\n<p><strong>\u00a0<\/strong><\/p>\n<p><strong>\u00a0<\/strong><\/p>\n<p style=\"text-align: center;\"><strong>Polidor SOMMER <\/strong><\/p>\n<p style=\"text-align: center;\"><strong>31 martie 2015<\/strong><\/p>\n<p style=\"text-align: center;\"><strong>Bucure\u015fti<\/strong><\/p>\n<p><strong>\u00a0<\/strong><\/p>\n<p><strong>\u00a0<\/strong><\/p>\n","protected":false},"excerpt":{"rendered":"<p>Bismarck: 200 de ani de la na\u015ftere (1 aprilie 1815 &#8211; 1 aprilie 2015) Dup\u0103 primii \u015fapte ani ai copil\u0103riei [&#038;hellip<\/p>\n","protected":false},"author":1,"featured_media":0,"comment_status":"closed","ping_status":"closed","sticky":false,"template":"","format":"standard","meta":{"footnotes":""},"categories":[3],"tags":[],"class_list":["post-22594","post","type-post","status-publish","format-standard","hentry","category-articole"],"_links":{"self":[{"href":"https:\/\/www.marianagurza.ro\/blog\/wp-json\/wp\/v2\/posts\/22594","targetHints":{"allow":["GET"]}}],"collection":[{"href":"https:\/\/www.marianagurza.ro\/blog\/wp-json\/wp\/v2\/posts"}],"about":[{"href":"https:\/\/www.marianagurza.ro\/blog\/wp-json\/wp\/v2\/types\/post"}],"author":[{"embeddable":true,"href":"https:\/\/www.marianagurza.ro\/blog\/wp-json\/wp\/v2\/users\/1"}],"replies":[{"embeddable":true,"href":"https:\/\/www.marianagurza.ro\/blog\/wp-json\/wp\/v2\/comments?post=22594"}],"version-history":[{"count":2,"href":"https:\/\/www.marianagurza.ro\/blog\/wp-json\/wp\/v2\/posts\/22594\/revisions"}],"predecessor-version":[{"id":22597,"href":"https:\/\/www.marianagurza.ro\/blog\/wp-json\/wp\/v2\/posts\/22594\/revisions\/22597"}],"wp:attachment":[{"href":"https:\/\/www.marianagurza.ro\/blog\/wp-json\/wp\/v2\/media?parent=22594"}],"wp:term":[{"taxonomy":"category","embeddable":true,"href":"https:\/\/www.marianagurza.ro\/blog\/wp-json\/wp\/v2\/categories?post=22594"},{"taxonomy":"post_tag","embeddable":true,"href":"https:\/\/www.marianagurza.ro\/blog\/wp-json\/wp\/v2\/tags?post=22594"}],"curies":[{"name":"wp","href":"https:\/\/api.w.org\/{rel}","templated":true}]}}