{"id":22627,"date":"2015-04-01T07:31:59","date_gmt":"2015-04-01T07:31:59","guid":{"rendered":"http:\/\/www.marianagurza.ro\/blog\/?p=22627"},"modified":"2015-04-01T11:26:08","modified_gmt":"2015-04-01T11:26:08","slug":"cand-timpul-iti-cuprinde-in-brate-radacinile","status":"publish","type":"post","link":"https:\/\/www.marianagurza.ro\/blog\/2015\/04\/01\/cand-timpul-iti-cuprinde-in-brate-radacinile\/","title":{"rendered":"C\u00e2nd Timpul \u00ee\u0163i cuprinde \u00een bra\u0163e r\u0103d\u0103cinile"},"content":{"rendered":"<p align=\"center\"><strong><a href=\"http:\/\/www.marianagurza.ro\/blog\/wp-content\/uploads\/2015\/04\/cabana.puscas1.page1_.jpg\"><img loading=\"lazy\" decoding=\"async\" class=\"alignleft size-medium wp-image-22628\" title=\"cabana.puscas1.page1\" src=\"http:\/\/www.marianagurza.ro\/blog\/wp-content\/uploads\/2015\/04\/cabana.puscas1.page1_-212x300.jpg\" alt=\"\" width=\"212\" height=\"300\" srcset=\"https:\/\/www.marianagurza.ro\/blog\/wp-content\/uploads\/2015\/04\/cabana.puscas1.page1_-212x300.jpg 212w, https:\/\/www.marianagurza.ro\/blog\/wp-content\/uploads\/2015\/04\/cabana.puscas1.page1_-725x1024.jpg 725w, https:\/\/www.marianagurza.ro\/blog\/wp-content\/uploads\/2015\/04\/cabana.puscas1.page1_.jpg 1748w\" sizes=\"auto, (max-width: 212px) 100vw, 212px\" \/><\/a>C\u00e2nd <em>Timpul<\/em> \u00ee\u0163i cuprinde \u00een bra\u0163e r\u0103d\u0103cinile<\/strong><\/p>\n<p align=\"center\"><strong>\u00a0<\/strong><\/p>\n<p style=\"text-align: justify;\">Dac\u0103 o parte din timpul \u00a0nostru ne este r\u0103pit, altul ne este sustras, altul se scurge, \u00een versul poetului Mugurel Pu\u015fca\u015f timpul devine avid \u2013 nu mai este acea p\u0103rticic\u0103 extrem de mic\u0103 a unei clipe &#8211; ci un remediu suveran al tuturor lucrurilor din jurul s\u0103u.<\/p>\n<p style=\"text-align: justify;\">Poesisul lui Mugurel Pu\u0219ca\u0219 devine o m\u0103rturisire de credin\u021b\u0103 literar\u0103, versul s\u0103u\u00a0 reface ceea ce timpul se str\u0103duie s\u0103 \u015ftearg\u0103. ,,<em>Elegiac cu m\u0103sur\u0103, nostalgic f\u0103r\u0103 ostenta\u021bie, patetic cu evlavie, versul lui Mugurel Pu\u0219ca\u0219 vine din retorica poetic\u0103 a lui Goga, \u00een poemele sale religioase<\/em>\u201d\u2026cobor\u00e2nd ,,<em>\u00een diminea\u021ba poe\u021bilor<\/em>\u201d (Eugen Simion) ,, <em>\u00eentr-un<\/em> <em>elan lipsit de complexe \u0219i deta\u0219at de mode poetice<\/em>\u201d- Nicolae B\u0103ciu\u021b<\/p>\n<p style=\"text-align: justify;\">Volumul <strong>Cabana de foc<\/strong>, Editura Tipomur, T\u00e2rgu Mure\u0219, 2002, purt\u00e2nd semn\u0103tura poetului <strong>Mugurel Pu\u0219ca\u0219<\/strong>, membru al Ligii Scriitorilor din Rom\u00e2nia, l-am primit cu bucuria <strong><em>darului <\/em><\/strong>clipei de fa\u0163\u0103.<\/p>\n<p style=\"text-align: justify;\">Este greu pentru un iubitor de poezie, de a nu r\u0103spunde prin g\u00e2nduri r\u0103zle\u021be dup\u0103 citirea atent\u0103 a poemelor sale.<\/p>\n<p style=\"text-align: justify;\">Sensibilitatea poetului, vizibil\u0103, cu o retoric\u0103 poetic\u0103 clasic\u0103, amprentat\u0103 de lirismul scriitorilor clasici este proiectat\u0103 \u00een lumina bl\u00e2nd\u0103 a unei existen\u0163e cotidiene \u00een care simbolul statorniciei \u015fi sacrificiului este \u00eemplinit cu fireasc\u0103 simplitate.<\/p>\n<p style=\"text-align: justify;\">Filonul religios, abund\u0103 paginile \u00eentr-un dialog personal cu divinitatea. ,,<em> Nihil Sine Deo\u201d. <\/em>Structura volumului, o trinitate<em>: Credo, Cabana iubirii, M\u0103\u0219ti \u0219i fard<\/em><em>. <\/em>Interesant acest triunghi, ca un fel de m\u0103rturisire de credin\u021b\u0103, pornind ca pe o scar\u0103 a vie\u021bii. Poemele lui se desf\u0103\u015foar\u0103 calm, \u00eendrept\u00e2ndu-se spre un final pilduitor.<\/p>\n<p style=\"text-align: justify;\">Iubitor de neam \u0219i de loc, simte nevoia aprig\u0103 de a cl\u0103di un trecut \u00eendep\u0103rtat, evoc\u00e2nd acest trecut prin fapte reale subliniate de imaginar, ca un reper, o \u00a0m\u0103rturie poetic\u0103 dedicat\u0103 Reghinului sau localit\u0103\u021bii natale, Ru\u0219ii Mun\u021bi.<em> ,,<\/em><em>D\u0103 Reghinului soare,\/Cl\u0103de\u0219te-i viitorul\/\u2026C\u0103l\u0103uze\u0219te-\u021bi turma\/ Spre cuget \u0219i iubire.\/S\u0103 nu \u00ee\u021bi piard\u0103 urma<\/em><em> (Rug\u0103ciuni pentru Reghin, pag. 8 )<br \/>\n<\/em><\/p>\n<p style=\"text-align: justify;\">Impresionant\u0103 dragostea sa fa\u021b\u0103 de satul s\u0103u, Ru\u0219ii Mun\u021bi, un loc binecuv\u00e2ntat. <em>La Ru\u015fii-Mun\u0163i se toarce ve\u015fnicia\u2026\/St\u0103 Bursuc\u0103u-n m\u00e2ini cu-n fus de timp\u2026\/Dumnezeiescul Scaun st\u0103 de veghe,\/La firul vie\u0163ii-n fiece-anotimp.\/La Ru\u015fii-Mun\u0163i e mai albastru cerul\u2026\/Str\u0103lucitoare stele-n nop\u0163i de jar,\/Par licurici \u00eempr\u0103\u015ftiind lumin\u0103\u2026\/Clipe de var\u0103-n vremuri de cle\u015ftar.\/Pe drum de care, mai aproape-i visul\u2026\/C\u00e2nd ostenit se-ntoarce de la c\u00e2mp,\/\u0162\u0103ranul, adormit, cu biciu-n m\u00e2n\u0103,\/Viseaz\u0103 holde mari pe-al s\u0103u p\u0103m\u00e2nt.\/Curg\u00e2nd \u00eencet, purific\u00e2nd prin ap\u0103,\/De la-nceput spre m\u00e2ine, vii si mor\u0163i\u2026\/E Mure\u015ful, etern\u0103 acolad\u0103!Ruseni au fost, vor fi, suntem cu to\u0163i! <\/em>(La Ru\u0219ii Mun\u021bi, pag. 87)<\/p>\n<p style=\"text-align: justify;\">Pentru el<em>, <strong>copacul vie\u0163ii<\/strong> <\/em>are doar dou\u0103 fructe dulci: <em>nectarul poeziei \u015fi rela\u0163ia cu Dumnezeu<\/em>. Preocupat de existen\u021bial\/existen\u0163\u0103, care st\u0103 \u00eenaintea lui, fericit se bucur\u0103 de fiecare clip\u0103 pe care timpul o\u00a0 a\u015fterne cu lumin\u0103 \u00een calea sa. \u00cen dialogul pe care autorul \u00eel are cu Dumnezeu, r\u0103zbate o sincer\u0103 \u015fi curat\u0103 strigare<em>: ,,<\/em><em>Clipe dragi adu-mi Doamne\u2026\/Clipe dragi ce vei arde\/Pe-al iubirii blestem\/Sunt t\u0103ciuni ce-or r\u0103m\u00e2ne,\/c\u00e2nd la mine te chem<\/em><em>\u201d. <\/em>Tema dragostei, dar si nostalgia, inund\u0103 paginile, \u00eentr-o suferin\u021b\u0103 t\u0103cut\u0103. <em>(Dialog, pag. 10). <\/em>Poetul se\u2019nal\u021b\u0103<em>,<\/em> cu<em> ,,aripi largi de fluturi<\/em><em>\u201d m\u00e2ng\u00e2iat \u00een lumin\u0103, \/&#8230;modelat de hum\u0103,\/ Din ap\u0103 vers \u0219i stele\u201d, <\/em><em>implor\u00e2nd cerul la o \u00eentoarcere. C\u00e2nd nu Te simt \u00een mine,\/\u00cendep\u0103rteaz\u0103 r\u0103ul\u2026\/\u00centoarce-te, SUBLIME\u2026(<\/em><em>\u00centoarcere, pag. 11)<\/em><\/p>\n<p style=\"text-align: justify;\">Poezia religioas\u0103 \u00eel situeaz\u0103 pe autor printre cei care r\u0103m\u00e2n s\u0103-\u0219i g\u0103seasc\u0103 calea<em>: ,,D\u0103-mi, Doamne\u201d<\/em>, <em>putere\/S\u0103 trec prin mine\/ A vie\u021bii v\u00e2ltoare\u2026.Necazuri, suspine\u2026\/S\u0103 pot \u00eemp\u0103r\u021bi fericire \u0219i p\u00e2ine\u2026\/A mea roat\u0103 a vie\u021bii\/S\u0103 fie curat\u0103,\/ A Ta suferin\u021b\u0103, Divin, nep\u0103tat\u0103,\/ S-o merit, St\u0103p\u00e2ne,\/C\u0103ci grea este crucea\/ Ce-mi pus-ai pe umeri.\/Bizar\u0103 r\u0103scrucea\/\u0218i nu g\u0103sesc CALEA\/S\u0103 vin c\u0103tre TINE, \/Dar TU e\u0219ti pe cruce,\/M\u0103-ndrum\u0103, SUBLIME<\/em>\u2026(Rug\u0103, pag. 28)<\/p>\n<p style=\"text-align: justify;\">Mugurel Pu\u0219ca\u0219, un poet ce-\u0219i las\u0103 instinctele, ideile, tr\u0103irile \u0219i medita\u021bia s\u0103 inunde paginile. O filozofie subtil\u0103 \u00een care reflexivitatea, fr\u0103m\u00e2ntarea, nelini\u0219tea metafizic\u0103 devin dominante. Este critic cu el \u00eensu\u0219i, c\u0103ut\u00e2nd perfec\u021biunea.<\/p>\n<p style=\"text-align: justify;\"><strong>Cabana de foc<\/strong> este cabana iubirii, poetul aduc\u00e2nd ofrand\u0103 pasiunii arz\u0103toare prin vers. Mugurel Pu\u0219ca\u0219 scrie dintr-un plin sufletesc ce se revars\u0103 cu generozitate \u00eentr-un <em>ro\u0219u tril, ,,mereu pribeag, drume\u021b spre alte zori\u201d. <\/em>(Cabana iubirii (I), pag. 45)<\/p>\n<p style=\"text-align: justify;\">Poetul tr\u0103ie\u0219te profund <em>clipa<\/em>, fiind \u00eentr-o permanent c\u0103utare \u0219i \u00eemp\u0103care cu sine. Decorurile anotimpurilor, <em>revin, sosesc, din ale vie\u021bii umbre.<\/em> A\u0219teptarea este creatoare \u00een cabana din mun\u021bi\u2026<em>Te-a\u0219tept\u2026\/privesc spre cer\/Cum constela\u021bii zboar\u0103-\/Te vreau din nou\u2026revino, deci,\/A mea dulce fecioar\u0103\/Se-aud t\u0103l\u0103ngi curg\u00e2nd celest\/Din vremuri ancestral,\/Coboar\u0103 turme dinspre mun\u021bi,\/Izvoare curg \u00een vale<\/em>\u2026(Cabana iubirii III, pag. 36)<\/p>\n<p style=\"text-align: justify;\">Mereu t\u00e2n\u0103r, poetul Mugurel Pu\u0219ca\u0219, vrea\u00a0 aripi s\u0103 zboare peste timp<em>,\/\u2026S\u0103 fiu iar\u0103\u0219i prim-anotimp.\/Pe veci, t\u00e2n\u0103r s\u0103 fiu a\u0219 vrea,\/Cu ochi de granit \u0219i de stea,\/Pe umeri cu mantii de flori\/S\u0103 gust ale vie\u021bii culori,\/S\u0103 gust din pocalul cu vin,\/Mereu t\u00e2n\u0103r, mereu senin\u2026Te-ntoarce\u2026tu vreme\u2019napoi,\/\u0218i uit\u0103 de CLIPA DE-APOI,\/Nu vreau b\u0103tr\u00e2ne\u021be \u0219i ger,\/Nu vreau s\u0103 devin efemer\u2026(<\/em>Mereu t\u00e2n\u0103r, pag. 76)<\/p>\n<p style=\"text-align: justify;\">Mugurel Pu\u0219ca\u0219 iube\u0219te <em>r\u0103d\u0103cinile timpului, soarele, imens\u0103 \u00eentoarcere spre \u00eenceputuri. <\/em><\/p>\n<p style=\"text-align: justify;\">Preocupat de via\u021ba CET\u0102\u021aII, semnaleaz\u0103 prin cuv\u00e2nt tot ce fr\u0103m\u00e2nt\u0103 de veacuri istoria neamului. Un bolnav de rom\u00e2nism, \u00eendr\u0103znesc a spune, acum, c\u00e2nd ar putea s\u0103 par\u0103 desuet\u0103 afirma\u021bia. Am convingerea, c\u0103 \u00een poezia sa, mai are multe de spus.<\/p>\n<p style=\"text-align: justify;\">Un autor ce merit\u0103 a p\u0103\u0219i spre alte <em>noi, neb\u0103nuite trepte.<\/em><\/p>\n<p style=\"text-align: justify;\"><em>\u00a0<\/em><\/p>\n<p style=\"text-align: justify;\"><em>\u00a0<\/em><\/p>\n<p style=\"text-align: justify;\"><em>Mariana Gurza<\/em><\/p>\n<p><em>Timi\u0219oara<\/em><\/p>\n<p><em>29 Martie 2015<\/em><\/p>\n<p>&nbsp;<\/p>\n","protected":false},"excerpt":{"rendered":"<p>C\u00e2nd Timpul \u00ee\u0163i cuprinde \u00een bra\u0163e r\u0103d\u0103cinile \u00a0 Dac\u0103 o parte din timpul \u00a0nostru ne este r\u0103pit, altul ne este [&#038;hellip<\/p>\n","protected":false},"author":1,"featured_media":0,"comment_status":"closed","ping_status":"closed","sticky":false,"template":"","format":"standard","meta":{"footnotes":""},"categories":[3],"tags":[],"class_list":["post-22627","post","type-post","status-publish","format-standard","hentry","category-articole"],"_links":{"self":[{"href":"https:\/\/www.marianagurza.ro\/blog\/wp-json\/wp\/v2\/posts\/22627","targetHints":{"allow":["GET"]}}],"collection":[{"href":"https:\/\/www.marianagurza.ro\/blog\/wp-json\/wp\/v2\/posts"}],"about":[{"href":"https:\/\/www.marianagurza.ro\/blog\/wp-json\/wp\/v2\/types\/post"}],"author":[{"embeddable":true,"href":"https:\/\/www.marianagurza.ro\/blog\/wp-json\/wp\/v2\/users\/1"}],"replies":[{"embeddable":true,"href":"https:\/\/www.marianagurza.ro\/blog\/wp-json\/wp\/v2\/comments?post=22627"}],"version-history":[{"count":7,"href":"https:\/\/www.marianagurza.ro\/blog\/wp-json\/wp\/v2\/posts\/22627\/revisions"}],"predecessor-version":[{"id":22630,"href":"https:\/\/www.marianagurza.ro\/blog\/wp-json\/wp\/v2\/posts\/22627\/revisions\/22630"}],"wp:attachment":[{"href":"https:\/\/www.marianagurza.ro\/blog\/wp-json\/wp\/v2\/media?parent=22627"}],"wp:term":[{"taxonomy":"category","embeddable":true,"href":"https:\/\/www.marianagurza.ro\/blog\/wp-json\/wp\/v2\/categories?post=22627"},{"taxonomy":"post_tag","embeddable":true,"href":"https:\/\/www.marianagurza.ro\/blog\/wp-json\/wp\/v2\/tags?post=22627"}],"curies":[{"name":"wp","href":"https:\/\/api.w.org\/{rel}","templated":true}]}}