{"id":22634,"date":"2015-04-01T08:32:40","date_gmt":"2015-04-01T08:32:40","guid":{"rendered":"http:\/\/www.marianagurza.ro\/blog\/?p=22634"},"modified":"2015-04-01T08:35:37","modified_gmt":"2015-04-01T08:35:37","slug":"culita-ioan-usurelu-interviu-cu-scriitorul-florentin-popescu","status":"publish","type":"post","link":"https:\/\/www.marianagurza.ro\/blog\/2015\/04\/01\/culita-ioan-usurelu-interviu-cu-scriitorul-florentin-popescu\/","title":{"rendered":"Culi\u0163\u0103 Ioan U\u015furelu: Interviu cu scriitorul Florentin Popescu"},"content":{"rendered":"<p style=\"text-align: justify;\"><img decoding=\"async\" class=\"alignleft\" src=\"http:\/\/melidonium.ro\/wp-content\/uploads\/2015\/03\/citit-toti-vol-131314.jpg\" alt=\"http:\/\/melidonium.ro\/wp-content\/uploads\/2015\/03\/citit-toti-vol-131314.jpg\" \/>Drag\u0103 domnule Florentin Popescu, iat\u0103, \u00eemplini\u0163i \u00een acest frumos aprilie o v\u00e2rst\u0103 rotund\u0103, o v\u00e2rst\u0103 a \u00eemplinirilor \u2026 <strong>Cu acest prilej v\u0103 urez MUL\u0162I ANI \u015fi MULTE C\u0102R\u0162I !<\/strong> Acum,v\u0103 rog s\u0103 accepta\u0163i s\u0103 v\u0103 pun c\u00e2teva \u00eentreb\u0103ri pentru ca to\u0163i cititorii revistei mele, ,,Salonul literar\u201d \u015fi cititorii c\u0103r\u0163ilor dv. s\u0103 cunoasc\u0103 \u015fi alte ipostaze ale scriitorului care sunte\u0163i.<\/p>\n<p style=\"text-align: justify;\"><strong>CULI\u0162\u0102 IOAN U\u015eURELU<\/strong>: <em>Sunte\u0163i considerat scriitorul buzoian care a f\u0103cut mult, dac\u0103 nu cel mai mult, pentru jude\u0163ul s\u0103u. Pe plan cultural, bine\u00een\u0163eles.Dac\u0103 am aminti doar cele \u015fase c\u0103r\u0163i despre Voiculescu \u015fi Troi\u0163a din comuna Chiojdu, la grani\u0163a dintre Buz\u0103u \u015fi Prahova, cred c\u0103 ar fi de ajuns. Ave\u0163i \u00eens\u0103 at\u00e2tea activit\u0103\u0163i \u00een folosul plaiurilor natale\u2026 ! Ce atitudine au autorit\u0103\u0163ile fa\u0163\u0103 de un scriitor valoros \u015fi devotat meleagurilor buzoiene ? Dar confra\u0163ii din aceste \u0163inut ?<\/em><\/p>\n<p style=\"text-align: justify;\"><strong>FLORENTIN POPESCU<\/strong>: Atitudinea autorit\u0103\u0163ilor buzoiene e discutabil\u0103. Spun asta fiindc\u0103 de\u015fi Prim\u0103ria municipiului mi-a conferit titlu de \u201eCet\u0103\u0163ean de onoare al ora\u015fului\u201d \u015fi mi-a sponsorizat o carte, totu\u015fi presa, revistele buzoiene nu cred c\u0103 ne acord\u0103 aten\u0163ia care s-ar cuveni \u2013 nici mie, nici lui Gheorghe Istrate, Ion Gheorghe, Ion Ro\u015fioru, Arthur Porumboiu \u015fi la al\u0163i scriitori originari de pe aceste meleaguri. S\u0103 observa\u0163i, de pild\u0103, c\u0103 \u015fi eu \u015fi Gheorghe Istrate \u015fi al\u0163ii ne-am \u201erefugiat\u201d pe la publica\u0163iile din alte jude\u0163e ( Vrancea, D\u00e2mbovi\u0163a, Teleorman, Constan\u0163a), cu toate c\u0103, \u00eendr\u0103znesc s\u0103 cred, am fi f\u0103cut cinste presei buzoiene dac\u0103 din c\u00e2nd \u00een c\u00e2nd am fi semnat \u015fi noi acolo articole, texte literare etc.<br \/>\nL\u0103s\u00e2ndu-se la voia curentului general din presa rom\u00e2neasc\u0103 a acestor vremuri, patronii de ziare \u015fi reviste mizeaz\u0103 pe spectacolul ieftin, pe cancanuri, pe evenimente banale, \u00een loc s\u0103-\u015fi aplece privirea asupra faptelor de cultur\u0103, cele care pot supravie\u0163ui efemerului. Confra\u0163ii din acest \u0163inut? Ei, s\u0103racii mai pot face c\u00e2te ceva. P\u00e2n\u0103 nu demult Dumitru Ion Dinic\u0103 \u015fi Marin Ifrim sus\u0163ineau s\u0103pt\u0103m\u00e2nal o pagin\u0103 literar\u0103 \u00een cotidianul buzoian cel mai citit, dar aud c\u0103 au fost \u00eenl\u0103tura\u0163i de acolo \u015fi , practic, scriitorii care locuiesc \u00een Buz\u0103u nu mai au unde publica. Ca \u015fi noi, cei pleca\u0163i \u00een lume, caut\u0103, s\u0103rmanii, s\u0103 mai publice pe unde pot, pe la R\u00e2mnicul S\u0103rat, pe la Foc\u015fani, pe la C\u00e2mpina. \u00cen ce m\u0103 prive\u015fte, pe vremea amintitei pagini literare mi s-au comentat c\u0103r\u0163ile cu simpatie, iar cu scriitorii locuitori ai Buz\u0103ului sunt \u00een termenii cei mai buni. C\u00e2nd pot, mai cu o cronica la volumele lor, mai cu recomandare de primire \u00een Uniunea Scriitorilor \u2013 \u00eei ajut \u015fi eu.<\/p>\n<p style=\"text-align: justify;\"><strong>C.I.U<\/strong>: <em>De la debutul cu ,,Obsesia p\u0103s\u0103rilor\u2019\u2019 a trecut mult\u0103 vreme, timp \u00een care a\u0163i urm\u0103rit, \u00een poezie, r\u0103d\u0103cinile ancestrale, sentimentul acelui at\u00e2t de c\u0103utat ,,acas\u0103\u2019\u2019, din toate eman\u00e2nd o mare delicate\u0163e \u015fi sensibilitate. A\u0163i avut mentori? Rela\u0163ia dintre ucenic \u015fi maestru a existat?<\/em><\/p>\n<p style=\"text-align: justify;\"><strong>Fl.P<\/strong>: Mentori? Nu unul \u00een mod special. Mentori mi-au fost \u2013 \u015fi mi-au r\u0103mas p\u00e2n\u0103 azi \u2013 Eminescu, Blaga, Bacovia, Voiculescu, Ion Pillat\u2026<\/p>\n<p style=\"text-align: justify;\"><strong>C.I.U<\/strong>: A<em>ve\u0163i o activitate prodigioas\u0103 \u00een aproape toate domeniile literare, cum s-ar spune, un scriitor total \u2026 Sigur c\u0103 la aceast\u0103 denumire (scriitor total) se vor g\u0103si unii c\u00e2rcota\u015fi \u2026 De unde at\u00e2ta putere de munc\u0103? Timpul pentru via\u0163a personal\u0103\u2026<\/em><\/p>\n<p style=\"text-align: justify;\"><strong>Fl.P<\/strong>: \u00centrebarea asta mi-au pus-o, \u00eenc\u0103 de prin 1988, Dorin S\u0103l\u0103jan \u015fi Valeriu B\u00e2rg\u0103u, \u00een cadrul unor interviuri ( pentru cei interesa\u0163i, \u201eFlac\u0103ra\u201d \u015fi \u201e Suplimentul literar \u2013 artistic al Sc\u00e2nteii tineretului\u201d) \u015fi le-am r\u0103spuns, ca \u015fi dumneavoastr\u0103 acum, cu un citat din Voltaire \u2013 \u201dTimpul este destul de lung pentru cine \u015ftie s\u0103 profite de el; muncind \u015fi g\u00e2ndind \u00eei extindem limita\u201d. Nu, s\u0103 nu crede\u0163i c\u0103 am un program foarte riguros \u015fi c\u0103 m\u0103 ocup \u00een exclusivitate de scris. Pe l\u00e2ng\u0103 activitatea literar\u0103 mai am fel de fel de obliga\u0163ii: gospod\u0103re\u015fti, legate de rela\u0163iile cu oameni, editurile \u015fi revistele, coresponden\u0163a. \u00cen plus, din c\u00e2nd \u00een c\u00e2nd mai dau c\u00e2te o fug\u0103 \u015fi pe la Lera-Chiojdu, satul meu natal, unde am o c\u0103su\u0163\u0103 \u015fi c\u00e2\u0163iva stupi de albine. Acolo, mai ales acum, prim\u0103vara, sunt multe de f\u0103cut de unul singur. \u015ei nu le pot nici neglija \u015fi nici am\u00e2na.<\/p>\n<p style=\"text-align: justify;\"><strong>C.I.U<\/strong>: <em>A\u0163i scris peste 40 de volume, \u015eerban Cioculescu v-a apreciat \u201einforma\u0163ia \u015fi devo\u0163iunea\u201d , Aureliu Goci a remarcat c\u0103 practica\u0163i enciclopedismul dar \u015fi monografismul mai apropiat de suflet \u2026 A\u0163i intrat \u015fi \u00een ,,aten\u0163ia\u2019\u2019 lui Nicolae Manolescu prin aceste calit\u0103\u0163i destul de rare\u2026? Sau este greu s\u0103 ajungi pe masa de lucru a marelui critic\u2026.?<\/em><\/p>\n<p style=\"text-align: justify;\"><strong>Fl.P<\/strong>: Eu nu am prejudecata care v\u0103d c\u0103 mai persist\u0103 printre scriitori \u015fi publici\u015fti, mai ales \u00een provincie: anume c\u0103 trebuie neap\u0103rat s\u0103 fii comentat de Nicolae Manolescu. Acest critic onorabil nu trebuie privit ca o instan\u0163\u0103 suprem\u0103 \u2013 \u015fi singura! \u2013 care asigur\u0103 intrarea \u00een istoria literaturii. V\u0103 m\u0103rturisesc c\u0103 n-am \u0163inut, nu \u0163in s\u0103 intru \u00een aten\u0163ia domnului Manolescu (\u00een \u201dIstoria \u201d sa m\u0103 citeaz\u0103 la bibliografia lui Bacovia \u015fi at\u00e2ta tot). Poate nu o s\u0103 m\u0103 crede\u0163i: de c\u00e2te ori mi-a ap\u0103rut o carte, n-am alergat, cum fac mul\u0163i, s\u0103 i-o ofer cu autograf domnului Manolescu. Poate c\u0103 de acea nici nu s-a ostenit s\u0103 scrie despre mine. C\u00e2ndva, \u00een urm\u0103 cu mul\u0163i ani, ajung\u00e2nd \u00een preajma fostului meu profesor de la Filologie, Alexandru Piru (care publica pe atunci recenzii la c\u0103r\u0163ile contemporanilor) l-am \u00eentrebat de ce nu scrie \u015fi despre mine. \u015fi mi-a r\u0103spuns: \u201e P\u0103i, Florentine, dac\u0103 nu mi-ai dat nici o carte, cum era s\u0103 scriu?\u201d<\/p>\n<p style=\"text-align: justify;\"><strong>C.I.U<\/strong>: <em>Nu sunte\u0163i un poet care vrea modernitatea cu orice pre\u0163. \u00cen poezia dv. nu exist\u0103 nici mimare, nici savantl\u00e2c penibil, nici false puneri \u00een scen\u0103 \u2026 Nu dori\u0163i s\u0103 fi\u0163i ,, la mod\u0103\u2019\u2019?<\/em><\/p>\n<p style=\"text-align: justify;\"><strong>Fl.P<\/strong>: Se spune c\u0103 moda, ca orice mod\u0103, trece repede. \u015ei eu nu vreau niciodat\u0103 s\u0103 scriu o poezie care s\u0103 treac\u0103, s\u0103 fie uitat\u0103 de \u00eendat\u0103 ce a fost citit\u0103.<\/p>\n<p style=\"text-align: justify;\"><strong>C.I.U:<\/strong> <em>Practica\u0163i curent critica literar\u0103 \u2026 Crede\u0163i c\u0103 \u015fi \u00een acest domeniu trebuie s\u0103 fii atins de harul divin?<\/em><\/p>\n<p style=\"text-align: justify;\"><strong>Fl.P:<\/strong> Poate c\u0103 e prea mult spus \u201ehar divin\u201d. Cred,mai degrab\u0103, c\u0103 trebuie s\u0103 ai voca\u0163ie, s\u0103 ai chemare. \u00cen fond, cunoa\u015fterea scrierilor confra\u0163ilor t\u0103i mi se pare un lucru firesc. Asta \u00ee\u0163i permite s\u0103 ai \u015fi o privire de ansamblu asupra modului \u00een care se scrie, asupra experimentelor \u015fi reu\u015fitelor din domeniu \u2013 ceea ce nu e lucru de ici, de colea.<\/p>\n<p style=\"text-align: justify;\"><strong>C.I.U<\/strong>: <em>Face\u0163i distinc\u0163ie dintre om \u015fi scriitor atunci c\u00e2nd analiza\u0163i opera? Unii, se pare, au fost, ca persoane, mult sub nivelul operei\u2026 Cazul Montaigne a r\u0103mas celebru\u2026<\/em><\/p>\n<p style=\"text-align: justify;\"><strong>Fl.P<\/strong>: O astfel de discu\u0163ie mi se pare a fi o condi\u0163ie sine que non a critici literare. Eu nu m\u0103 sfiesc s\u0103-i semnalez caren\u0163ele unui scriitor de notorietate, dup\u0103 cum nu mi se pare c\u0103 exagerez atunci c\u00e2nd pun \u00een lumin\u0103 virtu\u0163ile unui autor prea pu\u0163in sau deloc cunoscut, apreciindu-i acestuia valoarea \u015fi apropiindu-l chiar de scriitori mari, din perioada interbelic\u0103 ori mai de aproape.<\/p>\n<p style=\"text-align: justify;\"><strong>C.I.U<\/strong>: <em>Despre scriitori se spune c\u0103 sunt creatori\u2026 Nu-i prea mult orgoliu \u00een aceast\u0103 formulare? \u015etiu c\u0103 artistul rea\u015feaz\u0103 doar ceea ce a fost deja creat de divinitate, nu adaug\u0103 nimic, nu creeaz\u0103 nimic\u2026 Atunci\u2026 cum am defini scriitorul?<\/em><\/p>\n<p style=\"text-align: justify;\"><strong>Fl.P<\/strong>: Nu \u201e se spune\u201d, ci chiar sunt. Nu creeaz\u0103 ei lumii imaginare? Nu ne propun ei universuri particulare? Nu ne poart\u0103 ei pe aripile unor metafore menite s\u0103 emo\u0163ioneze, s\u0103 ne tulbure? Hot\u0103r\u00e2t lucru (\u015fi nu de mine, ci de istoria culturii universale): Scriitorul este un creator.<\/p>\n<p style=\"text-align: justify;\"><strong>C.I.U<\/strong>: <em>De\u015fi ave\u0163i o oper\u0103 care v-ar permite s\u0103 nu fi\u0163i modest, nu v-a v\u0103zut \u015fi nici nu v-a sim\u0163it nimeni c\u0103 dori\u0163i s\u0103 p\u0103re\u0163i mai mult dec\u00e2t sunte\u0163i. Cum de reu\u015fi\u0163i s\u0103 v\u0103 p\u0103stra\u0163i m\u0103sura, s\u0103 fi\u0163i punctual \u015fi onest chiar \u015fi \u00een provincie, c\u00e2nd \u015ftim c\u0103 anumi\u0163i scriitori bucure\u015fteni se cred deja semizei. Chiar dac\u0103, din punct de vedere literar, sunt submediocri\u2026<\/em><\/p>\n<p style=\"text-align: justify;\"><strong>Fl.P<\/strong>: Eu m-am autoeducat prin cultur\u0103 \u015fi \u015ftiu un adev\u0103r de la care caut s\u0103 nu abdic niciodat\u0103: modestia, decen\u0163a, bunul sim\u0163, echilibrul sunt atributele oamenilor mari. \u015ei \u00eencerc s\u0103 fiu (ori s\u0103 ajung) \u015fi eu, m\u0103car prin asta, un om mare. Consider c\u0103 o personalitate cu c\u00e2t se afirm\u0103 \u015fi este recunoscut\u0103 mai mult de c\u0103tre contemporanii ei cu at\u00e2t e musai s\u0103-\u015fi p\u0103streze virtu\u0163ile de care aminteam. De fapt opera conteaz\u0103 \u015fi peste cincizeci sau peste o sut\u0103 de ani pe nimeni nu-l va mai interesa cum era, cum se comporta, ce aere \u00ee\u015fi d\u0103dea cutare sau cutare scriitor. Sau m\u0103 rog, \u00eel va interesa doar ca fapt anecdotic ( cum m-a interesat pe mine, \u00een cartea O istorie anecdotic\u0103 a literaturii rom\u00e2ne, cazul Macedonski. Sau cazul Mateiu Caragiale. \u015ei al\u0163ii). Cine va fi interesat, dac\u0103 va fi c\u00e2ndva, de un scriitor va merge direct la oper\u0103 \u015fi nu la biografia lui. Ce relevan\u0163\u0103 mare are ast\u0103zi, de pild\u0103, faptul c\u0103 Victor Hugo a schimbat nu \u015ftiu c\u00e2te amante? Sau c\u0103 Verlaine era adunat de prin \u015fan\u0163uri de beat ce era? Ori c\u0103 Bacovia era \u00eencuiat \u00een cas\u0103 de c\u0103tre so\u0163ia sa, iar el s\u0103rea pe o fereastr\u0103 \u015fi se ducea la c\u00e2rciuma din cartier? \u00cen ceea ce m\u0103 prive\u015fte, nu mi-am dat, nu-mi dau niciodat\u0103 aere ( cum, de altfel, a\u0163i avut ocazia s\u0103 vede\u0163i \u015fi dvs., de c\u00e2te ori am venit la Foc\u015fani la \u201e Salonul literar \u201d).<\/p>\n<p style=\"text-align: justify;\"><strong>C.I.U<\/strong>: <em>Unor critici obiectivi nu le-au sc\u0103pat franciscanis-mul \u015fi chtonismul eseistului \u015fi talentul dv. de adev\u0103rat exeget literar\u2026 Or fi in\u015fi c\u0103rora nu le convine sau nu \u00een\u0163eleg cum pute\u0163i aborda at\u00e2tea genuri \u015fi specii literare?<\/em><\/p>\n<p style=\"text-align: justify;\"><strong>Fl.P<\/strong>: Probabil vor fi fiind. Dar eu \u00eemi v\u0103d \u00een continuare de cultivarea ogorului propriu. \u015eti\u0163i cum se zice: c\u00e2inii latr\u0103, ursul trece!\u2026<\/p>\n<p style=\"text-align: justify;\"><strong>C.I.U<\/strong>: <em>S\u0103 \u00eencerc\u0103m s\u0103 definim prolificitatea \u015fi grafomania\u2026 Unii confund\u0103 termenii\u2026.<\/em><\/p>\n<p style=\"text-align: justify;\"><strong>Fl.P<\/strong>: A\u0163i \u00eent\u00e2lnit dumneavoastr\u0103 astfel de in\u015fi? Nu cred c\u0103 e nimic de confundat. Cel pu\u0163in pentru cei ce se ostenesc s\u0103 citeasc\u0103 \u015fi au oarecari criterii de judecat\u0103, care \u015ftiu s\u0103 evalueze un text, o carte.<\/p>\n<p style=\"text-align: justify;\"><strong>C.I.U<\/strong>: <em>\u00cen ,,Portrete \u00een peni\u0163\u0103 \u2019\u2019 g\u0103sim nume de prestigiu din literatura noastr\u0103. Motoul c\u0103r\u0163ii mi-a atras privirea chiar de la \u00eenceput :,,Un prieten este un dar pe care \u0163i-l faci singur\u2019\u2019 ( I. L. Caragiale). Din c\u00e2te v\u0103 cunosc, simt c\u0103 ave\u0163i cultul prieteniei. Sunte\u0163i un alt fel de ,,om \u00eentre oameni\u201d\u2026 De unde vin bonomia, participarea din tot sufletul la bucuria \u015fi la durerea celorlal\u0163i? Este \u00een\u0163elepciune sau este un dat?<\/em><\/p>\n<p style=\"text-align: justify;\"><strong>Fl.P<\/strong>: Participarea mea la bucuriile sau necazurile altora, cultul prieteniei de care vorbi\u0163i (\u015fi, recunosc, m\u0103 flata\u0163i) cred c\u0103 \u0163in de structura, de firea mea, de respectul pe care \u00eel am fa\u0163\u0103 de oricine \u0163ine un condei \u00een m\u00e2n\u0103 \u015fi scrie, aspir\u0103 s\u0103 fac\u0103 literatur\u0103. Numai cine are tr\u0103iri \u015fi sim\u0163iri mai aparte dec\u00e2t al\u0163ii poate face a\u015fa ceva. \u015ei cum s\u0103 nu respec\u0163i acea persoan\u0103? Vreau s\u0103 v\u0103 spun (cum \u015fti\u0163i deja) c\u0103 primesc foarte multe c\u0103r\u0163i, unele remarcabile ca valoare,altele insignifiante. Niciodat\u0103 n-am desfiin\u0163at un volum, un autor. Dac\u0103 nu mi-a pl\u0103cut ce scrie, ori am considerat c\u0103 nu merit\u0103 o recenzie, am t\u0103cut, nu m-am pronun\u0163at. Este asta o la\u015fitate? Poate, dar de ce s\u0103 tai eu aripile unei p\u0103s\u0103ri care vrea s\u0103 zboare? Mai devreme sau mai t\u00e2rziu acel autor se va convinge singur dac\u0103 e cazul s\u0103 insiste sau, dimpotriv\u0103, s\u0103 se opreasc\u0103\u2026<\/p>\n<p style=\"text-align: justify;\"><strong>C.I.U<\/strong>: <em>Fiecare zi pe care o tr\u0103im ne aduce o nou\u0103 dezam\u0103gire, cel pu\u0163in\u2026A\u0163i avut, ave\u0163i mereu dezam\u0103giri\u2026 \u00eemi \u00eenchipui. V-au schimbat acestea \u00een vreun fel ? Sau trebuie s\u0103 \u00eencerc\u0103m noi schimbarea \u2026\u201domului recent\u201d, pentru ca acesta s\u0103 nu ne mai dezam\u0103geasc\u0103 ?<\/em><\/p>\n<p style=\"text-align: justify;\"><strong>Fl.P<\/strong>: O, \u015fi c\u00e2te dezam\u0103giri n-am avut! M-au dezam\u0103git oameni, m-au dezam\u0103git institu\u0163ii, m-au dezam\u0103git c\u00e2te-n lun\u0103 \u015fi-n stele, pentru c\u0103 tr\u0103im \u00eentr-o \u0163ar\u0103 a dezam\u0103girilor, mai ales dup\u0103 1990 \u00eencoace. \u015ei cu toate astea vreau s\u0103 v\u0103 spun c\u0103 nu m-a \u00eencercat niciodat\u0103 g\u00e2ndul de a pleca \u00eentr-alt\u0103 parte, \u00eentr-o alt\u0103 \u0163ar\u0103, la alte dezam\u0103giri. \u201cOmul recent\u201d nu-l putem schimba noi, dac\u0103 nu-l schimb\u0103 familia \u015fi societatea. Dar aici m-a\u0163i adus la un subiect care presupune lungi \u015fi poate interminabile discu\u0163ii \u2013 legate de defini\u0163ia omului recent, de forma\u0163ie, cultur\u0103 (ori mai bine zis incultur\u0103), orient\u0103rile, idealurile lui. Da\u0163i-mi voie s\u0103 m\u0103 ab\u0163in ca s\u0103 nu cad iar \u00eentr-o\u2026 dezam\u0103gire.<\/p>\n<p style=\"text-align: justify;\"><strong>C.I.U<\/strong>: <em>De ce la rom\u00e2ni se a\u015fteapt\u0103 \u00eentotdeauna prea mult, uneori secole, pentru a ajunge la acel ,,m\u00e2ine\u201d at\u00e2t de r\u00e2vnit ? C\u00e2t\u0103 risip\u0103 de timp\u2026 ! \u015ei c\u00e2nd vine ,,m\u00e2ine\u2019\u2019\u2026este mai r\u0103u ca\u2026 ieri\u2026, uneori\u2026<\/em><\/p>\n<p style=\"text-align: justify;\"><strong>Fl.P<\/strong>: N. Porsenna, c\u0103ruia i-am consacrat o monografie, a scris \u00eentre altele \u015fi o carte, \u201eRegenerarea neamului rom\u00e2nesc\u201d se cheam\u0103. \u015ei dup\u0103 ce analizeaz\u0103 tr\u0103s\u0103turile, virtu\u0163ile \u015fi defectele noastre, \u00ee\u015fi \u00eencheie studiul cu urm\u0103toarea concluzie: \u201eRom\u00e2nie, ajut\u0103-te singur\u0103!\u201d. Ori, la noi, azi se mizeaz\u0103 pe \u00eemprumuturi financiare externe. \u015ei se bate din palme atunci c\u00e2nd se ob\u0163in\u2026<\/p>\n<p style=\"text-align: justify;\"><strong>C.I.U<\/strong>: <em>A\u0163i cunoscut toate marile personalit\u0103\u0163i ale ultimilor 45 de ani\u2026Unele portrete sunt creionate \u00een ,,Fotoliul de onoare \u2018\u2019. Pute\u0163i s\u0103 evoca\u0163i dou\u0103 dintre aceste personalit\u0103\u0163i, care v-au marcat via\u0163a, cariera scriitoriceasc\u0103?<\/em><\/p>\n<p style=\"text-align: justify;\"><strong>Fl.P<\/strong>: \u00centr-un fel sau altul am avut de \u00eenv\u0103\u0163at c\u00e2te ceva de la mai toate personalit\u0103\u0163ile pe care le-am cunoscut, fie c\u0103 ele au apar\u0163inut \/ apar\u0163in literaturii, fie altor domenii. Toat\u0103 via\u0163a avem de \u00eenv\u0103\u0163at de la al\u0163ii \u015fi nu ne putem potoli p\u00e2n\u0103 la moarte, setea de a \u00eenv\u0103\u0163a. Dar eu am mai primit lec\u0163ii ca s\u0103 zic a\u0219a, \u015fi de la personalit\u0103\u0163ile pe care le-am cunoscut numai prin intermediul documentelor \u015fi operei lor. Cercet\u00e2nd, bun\u0103oar\u0103, biografia unui mare scriitor afli lucruri importante, afli cine i-a marcat lui personalitatea \u015fi mai apoi, te marcheaz\u0103 el pe tine \u00eentr-un grad mai mare sau mai mic. A\u0219a mi s-a \u00eent\u00e2mplat c\u00e2nd am studiat via\u0163a \u015fi opera lui V. Voiculescu, ori pe cele ale lui Macedonski, Labi\u015f, N. Porsenna.<\/p>\n<p style=\"text-align: justify;\"><strong>C.I.U<\/strong>:<em> \u00cen literatura rom\u00e2n\u0103 s-a scris un roman, ,,Femeia \u00een ro\u015fu\u2019\u2019, la trei m\u00e2ini : Mircea Nedelciu, Adriana Babe\u0163i \u015fi Mircea Mih\u0103ie\u015f. Are vreo relevan\u0163\u0103 un astfel de experiment ? V-ar tenta ? Ar merita ?<\/em><\/p>\n<p style=\"text-align: justify;\"><strong>Fl.P<\/strong>: Scrisul, crea\u0163ia \u00een general, reprezint\u0103 un act individual, cosmic pe m\u0103sura \u00eenzestr\u0103rii \u015fi talentului fiec\u0103ruia. Nu m-ar tenta un astfel de experiment. \u015ei dovada c\u0103 acela a fost \u015fi a r\u0103mas un experiment, interesant, desigur, dar experiment, este faptul c\u0103 n-a revolu\u0163ionat literatura, n-a intrat \u00een con\u015ftiin\u0163a public\u0103 precum un roman de Sadoveanu, de Zaharia Stancu, de Marin Preda sau Petru Dumitriu.<\/p>\n<p style=\"text-align: justify;\"><strong>C.I.U<\/strong>: <em>Geniu, genialitate\u2026 Cuvinte grele\u2026 \u015ei totu\u015fi\u2026 Eminescu, dac\u0103 ar fi scris doar ,,Luceaf\u0103rul\u2019\u2019, s-ar fi \u00eencadrat perfect, Creang\u0103 doar prin ,,Amintiri\u2026\u2019\u2019, Caragiale numai cu ,,O scrisoare pierdut\u0103\u2019\u2019, N. Labi\u015f prin ,,Moartea c\u0103prioarei\u2019\u2019, Alexei Mateevici cu ,, Limba noastr\u0103\u2019\u2019\u2026 Pute\u0163i defini no\u0163iunea de geniu? C\u00e2t de lung\u0103 ar putea fi lista rom\u00e2nilor atin\u015fi de m\u00e2na lui Dumnezeu ? Sau vorbim de cuvinte prea mari?<\/em><\/p>\n<p style=\"text-align: justify;\"><strong>Fl.P<\/strong>: Da, vorbim de cuvinte prea mari. Acela\u015fi Al. Piru, de care v\u0103 spuneam mai devreme, a venit odat\u0103 \u00een amfiteatrul Odobescu de la Facultatea de Litere \u015fi, intrigat de un student, a izbucnit: \u201eDomnilor, geniu n-a fost dec\u00e2t unul singur, Eminescu. Restul au fost, sunt versificatori.\u201d Fire\u015fte, profesorul exagera numind marele \u015fir al poe\u0163ilor rom\u00e2ni din toate timpurile \u201eversificatori\u201d. Oricum, de oriunde am privi lucrurile, un adev\u0103r mi se pare a fi de necontestat: literatura rom\u00e2n\u0103 are opere mari, valoroase. P\u0103cat c\u0103 n-avem nici m\u0103car un premiu Nobel\u2026<\/p>\n<p style=\"text-align: justify;\"><strong>C.I.U<\/strong>: <em>Apropo de Labi\u015f. Este declarat mai mereu un poet comunist\u2026 \u015etiu c\u0103 el credea \u00een ce scria, era devotat regimului \u00een care tr\u0103ia\u2026 chiar dac\u0103 a fost exclus din U.T.M \u015fi din ,,fabrica de scriitori\u2019\u2019\u2026 A\u015fadar, care este adev\u0103rul?<\/em><\/p>\n<p style=\"text-align: justify;\"><strong>Fl.P<\/strong>: Adev\u0103rul l-am spus (\u015fi l-am scris) \u00een Monografia mea, ap\u0103rut\u0103 \u00een anul 2006. Spuneam acolo, baz\u00e2ndu-m\u0103 pe o documenta\u0163ie serioas\u0103, c\u0103 acest poet a fost, poate, cel dint\u00e2i dizident de la noi. Asta dup\u0103 ce a crezut sincer \u00eentr-o ideologie care s-a dovedit a fi p\u00e2n\u0103 la urm\u0103 falimentar\u0103. Din p\u0103cate, via\u0163a i s-a curmat \u00eenainte de a se vedea cu putere acest fapt, adic\u0103 prin scrieri. (\u015etia\u0163i, de pild\u0103, c\u0103 s-a \u00eencercat marginalizarea lui prin repartizarea la o revist\u0103 ie\u015fean\u0103 care nici nu exist\u0103? C\u0103 la un moment dat i s-a interzis s\u0103 publice \u015fi c\u0103 dup\u0103 moarte, prietenii lui apropia\u0163i au fost ancheta\u0163i \u015fi \u00eenchi\u015fi?). Evenimentele trecute judecate cu luciditate \u015fi nep\u0103rtinitor, \u00een contextual social-politic de atunci \u2013 zguduit de Revolu\u0163ia din Ungaria. Numai cine este r\u0103u inten\u0163ionat \u015fi poart\u0103 o ur\u0103 funciar\u0103 fa\u0163\u0103 de acele vremuri poate pune eticheta de \u201epoet comunist\u201d lui Labi\u015f, pe c\u00e2nd un cititor deta\u015fat \u015fi neinflamat politic poate decela adev\u0103rul adev\u0103rat \u015fi abia apoi s\u0103-\u015fi formeze o imagine despre fiin\u0163a \u015fi opera acestui scriitor care, oricum, a intrat \u015fi va r\u0103m\u00e2ne pentru totdeauna \u00een istoria literaturii rom\u00e2ne. Ca s\u0103 se \u00eent\u00e2mple a\u015fa, Labi\u015f n-are\/n-a avut nevoie nici de acuzatori \u015fi nici de avoca\u0163i ca mine ori ca al\u0163ii\u2026<\/p>\n<p style=\"text-align: justify;\"><strong>C.I.U<\/strong>: <em>A\u0163i scris o ,,Istoria anecdotic\u0103 a literaturii rom\u00e2ne\u2019\u2019. Pe c\u00e2nd \u015fi o ,,Istorie a literaturii rom\u00e2ne de la \u2026 p\u00e2n\u0103 la\u2026\u2019\u2019 ? Modele recente ca \u201dIstoriile\u201d\u2026 scrise de Alex. \u015etef\u0103nescu \u015fi Nicolae Manolescu ar putea fi exemple de urmat pentru dv. , pentru al\u0163ii<\/em>?<\/p>\n<p style=\"text-align: justify;\"><strong>Fl.P<\/strong>: Am mai fost \u00eentrebat dac\u0103 nu cumva m\u0103 ispite\u015fte g\u00e2ndul de a scrie o istorie a literaturii rom\u00e2ne \u201ede la\u2026 p\u00e2n\u0103 la\u2026\u201d.V\u0103 r\u0103spund foarte tran\u015fant: Nu, nu m-am g\u00e2ndit. Cel pu\u0163in p\u00e2n\u0103 acum. \u00cen nici-un caz, \u00eens\u0103, n-a\u015f lua ca model istoriile lui N. Manolescu \u015fi Alex. \u015etef\u0103nescu. Prima mi se pare exclusivist\u0103, iar cea de a doua elitist\u0103 sau \u201eciupitativ\u0103\u201d, am\u00e2ndou\u0103 av\u00e2nd ca numitor comun o anume lips\u0103 de ad\u00e2ncime a analizei. Mai degrab\u0103 a\u015f opta la o formul\u0103 \u00eentre Ion Rotaru (f\u0103r\u0103 didacticismul lui), Marian Popa (l\u0103s\u00e2nd la o parte patimile politice, \u015fi Dumitru Micu care mi se pare ceva mai analitic \u015fi mai echilibrat).<\/p>\n<p style=\"text-align: justify;\"><strong>C.I.U<\/strong>: P<em>ute\u0163i numi cinci poe\u0163i, cinci prozatori \u015fi cinci critici reprezentativi pentru literatura de ast\u0103zi ?<\/em><\/p>\n<p style=\"text-align: justify;\"><strong>Fl.P<\/strong>: Grea \u00eentrebare. S\u0103 te opre\u015fti la cinci nume e o chestiune de gust, afinit\u0103\u0163i etc. Dintr-o repede ochire, poe\u0163i: Ion Gheorghe, Ion Brad, Radu C\u00e2rneci, Mircea Iv\u0103nescu, Dumitru Matcovschi; prozatori: Dumitru Radu Popescu, F\u0103nu\u015f Neagu, Mircea Horia Simionescu, George B\u0103l\u0103i\u0163\u0103, Constantin Stan; critici: C. St\u0103nescu, Cornel Ungureanu, Adrian Dinu Rachieru, Alexandru George, Aureliu Goci.<\/p>\n<p style=\"text-align: justify;\"><strong>C.I.U<\/strong>: <em>Scriitor bogat\u2026 Nu vi se pare un oximoron? A\u0163i v\u0103zut sau a\u0163i auzit totu\u015fi despre vreun scriitor realizat din punct de vedere material ?<\/em><\/p>\n<p style=\"text-align: justify;\"><strong>Fl.P<\/strong>: Da, cum s\u0103 nu ! Dinu S\u0103raru, Adrian P\u0103unescu, Paul Everac \u015fi poate \u015fi al\u0163ii. E adev\u0103rat, cei cita\u0163i (cu vile \u00een ora\u015f \u015fi la \u0163ar\u0103, cu ma\u015fini, cu fel de fel de \u00eenlesniri) \u015fi-au asigurat starea material\u0103 pe care o au nu din scris, ci din diverse func\u0163ii \u015fi posturi pe care le-au ocupat de-a lungul vremii. E treaba lor. Eu nu-i invidiez. \u00cei admir.<\/p>\n<p style=\"text-align: justify;\"><strong>C.I.U<\/strong>: <em>P\u00e2n\u0103 acum am citit ,,Divina Comedie\u2019\u2019, ,,Comedia uman\u0103\u2019\u2019\u2026 \u015fi cam at\u00e2t. O comedie permanenta avem \u015fi \u00een Rom\u00e2nia actuala. Cultural\u0103, politic\u0103\u2026 Dar o ,,Comedie a spiritului rom\u00e2nesc\u201d este posibil\u0103? Vede\u0163i vreun autor capabil s-o scrie?<\/em><\/p>\n<p style=\"text-align: justify;\"><strong>Fl.P<\/strong>: Da, de ce n-ar fi posibil\u0103 \u015fi o \u201eComedie a spiritului rom\u00e2nesc\u201d? Dar nu prea v\u0103d cine ar putea s-o scrie.<\/p>\n<p style=\"text-align: justify;\"><strong>C.I.U<\/strong>: <em>Are poporul nostru ni\u015fte idei ale rom\u00e2nismului, pe care, \u00een orice \u00eemprejurare, ar trebui s\u0103 le apere ? Deseori, in\u015fi certa\u0163i cu morala, cu legea, cu cuv\u00e2ntul sau cu muzica adev\u0103rat\u0103 au creat o imagine fals\u0103 a Rom\u00e2niei. Cum lupt\u0103m \u00eempotriva acestora, cum lupt\u0103m pentru promovarea adev\u0103ratelor valori, fie ele \u00een literatur\u0103, \u00een muzic\u0103, \u00een toate artele\u2026 ?<\/em><\/p>\n<p style=\"text-align: justify;\"><strong>Fl.P<\/strong>: Este o \u00eentrebare la care nu pot r\u0103spunde de unul singur. Cred c\u0103 ar trebui elaborat\u0103 o adev\u0103rat\u0103 strategie pentru promovarea adev\u0103ratelor valori, mai ales dac\u0103 e vorba de promovare \u00een str\u0103in\u0103tate. Pentru a\u015fa ceva ar fi, probabil, util un colocviu na\u0163ional, o dezbatere \u00een pres\u0103 \u015fi la televiziuni, cu participarea unor arti\u015fti, sociologi, politicieni, speciali\u015fti \u00een imagine, ziari\u015fti. La nivel mai restr\u00e2ns se poate lupta prin interven\u0163ii individuale \u00een pres\u0103, \u00eens\u0103 nu cred c\u0103 ar fi suficient. \u00cens\u0103 v\u0103 \u00eentreb, domnule Culi\u0163\u0103 Ioan U\u015furelu, pe cine crede\u0163i c\u0103 mai intereseaz\u0103 asta \u00een lumea diriguitorilor destinelor \u0163\u0103rii \u015fi \u00een cea a politicienilor, c\u00e2nd vede\u0163i ce se \u00eent\u00e2mpl\u0103 cu profesorii \u00een strad\u0103, cu medicii \u00een alert\u0103, cu al\u0163i intelectuali pe care nimeni nu mai d\u0103 nicio ceap\u0103 degerat\u0103 \u00een aceste vremuri tulburi? Nu observa\u0163i c\u0103 \u015fi no\u0163iuni alt\u0103dat\u0103 scumpe, proprii sufletului \u015fi spiritului rom\u00e2nesc, cum ar fi patriotismul \u015fi iubirea de mo\u015fie, de istorie, de tradi\u0163ie, de valori f\u0103urite de-a lungul a sute \u015fi sute de ani, au ajuns s\u0103 fie puse la st\u00e2lpul infamiei, s\u0103 fie voit ocolite?<\/p>\n<p style=\"text-align: justify;\"><strong>C.I.U<\/strong>: <em>Desacralizarea unor scriitori \u00een care am crezut este spre binele nostru , al cititorilor, sau pentru cunoa\u015fterea adev\u0103rului din literatura rom\u00e2neasc\u0103? Chiar este nevoie de a\u015fa ceva ?<\/em><\/p>\n<p style=\"text-align: justify;\"><strong>Fl.P<\/strong>: B\u0103nuiesc c\u0103 v\u0103 referi\u0163i la contestarea unor scriitori \u2013 cum s-a \u00eent\u00e2mplat acea abera\u0163ie cu \u201eEminescu, cadavrul din debara\u201d. E o prostie. S\u0103 ne uit\u0103m cine provoac\u0103 astfel de campanii \u015fi ne d\u0103m imediat seam\u0103 c\u0103 avem a face cu ceva neserios, de domeniul ridicolului. S\u0103 scrie \u015fi ei m\u0103car o pagin\u0103 la nivelul la care a scris Eminescu \u015fi atunci mai st\u0103m de vorb\u0103. P\u00e2n\u0103 atunci, \u00eens\u0103, se supun singuri penibilului.<\/p>\n<p style=\"text-align: justify;\"><strong>C.I.U<\/strong> : <em>Nihili\u015ftii spuneau c\u0103 \u201dtotul este permis\u201d\u2026Chiar \u015fi \u00een literatur\u0103? Pun \u00eentrebarea g\u00e2ndindu-m\u0103 la unele \u201dcapodopere\u201d\u2026 ce apar \u00een industria c\u0103r\u0163ii\u2026<\/em><\/p>\n<p style=\"text-align: justify;\"><strong>Fl.P<\/strong>: Da, libertatea de crea\u0163ie nu cunoa\u015fte limite. C\u0103 apar fel de fel de \u201ecapodopere\u201d (licen\u0163ionate, scabroase, de un sexualism violent etc.) e adev\u0103rat, dar asta nu \u00eenseamn\u0103 c\u0103 ele vor \u015fi \u00eensemna ceva, vor intra \u00een patrimoniul literar na\u0163ional.<\/p>\n<p style=\"text-align: justify;\"><strong>C.I.U<\/strong>: <em>Poezia este o z\u0103d\u0103rnicie (cum a fost adesea definit\u0103 ) sau are un rol major \u00een indentitatea unui om, a unui popor ?<\/em><\/p>\n<p style=\"text-align: justify;\"><strong>Fl.P<\/strong>: Nu, poezia nu este o z\u0103d\u0103rnicie. O z\u0103d\u0103rnicie o pot considera cel mult oamenii care \u00een toat\u0103 via\u0163a lor n-au deschis alt\u0103 carte dec\u00e2t pe cea de telefoane, ori nu \u015ftiu care patroni de firme care nu-\u015fi evalueaz\u0103 propria via\u0163\u0103 dec\u00e2t printr-un lung bilan\u0163 de cifre, de c\u00e2\u015ftiguri \u015fi pierderi \u015fi care au uitat (dac\u0103 au \u015ftiut vreodat\u0103) ce este aceea o floare, cum e prim\u0103vara \u00eentr-o p\u0103dure sau iarna \u00eentr-un sat. Degeaba au ei vile peste vile, c\u0103 pe scara social\u0103 si biologic\u0103 tot spre jungl\u0103 se \u00eendreapt\u0103. Nu \u00eencape discu\u0163ie c\u0103 poezia \u00ee\u015fi are rolul ei \u00een identificarea unui popor. Cu deosebire \u00een ce ne prive\u015fte acest rol mi se pare a nu fi unul oarecare, dac\u0103 m\u0103 g\u00e2ndesc ce a \u00eensemnat, \u00eenseamn\u0103 pentru noi lirica eminescian\u0103, apoi Blaga, Arghezi, Bacovia, Voiculescu, Pillat\u2026<\/p>\n<p style=\"text-align: justify;\"><strong>C.I.U<\/strong>: <em>Ave\u0163i, a\u0163i avut un jurnal? Mai are sens \u00een zilele noastre?<\/em><\/p>\n<p style=\"text-align: justify;\"><strong>Fl.P<\/strong>: Eu am apreciat \u00eentotdeauna jurnalele. Le-am v\u0103zut ca pe ni\u015fte ferestre larg deschise c\u0103tre via\u0163a \u015fi sufletul unui om. De aceea le-am\/le citesc cu mare pl\u0103cere. Din p\u0103cate eu n-am \u0163inut unul. Ca o compensa\u0163ie, desigur, am consemnat \u2013 pe c\u00e2t a fost posibil \u2013 multe fapte, evenimente, \u00eent\u00e2mpl\u0103ri cu anume sens \u00een c\u0103r\u0163ile mele de reportaj \u015fi de memorialistic\u0103. Un ochi ceva mai atent cred c\u0103 poate distinge acolo mare parte din traseele biografiei autorului, din meandrele \u015fi firidele ei.<\/p>\n<p style=\"text-align: justify;\"><strong>C.I.U<\/strong>: <em>Roland Barthes afirma: \u201dCorpul meu g\u00e2nde\u015fte altfel dec\u00e2t mine\u201d. La v\u00e2rsta pe care o ave\u0163i, ce crede\u0163i?<\/em><\/p>\n<p style=\"text-align: justify;\"><strong>Fl.P<\/strong>: Nu mi-am pus problema raportului dintre corp \u015fi creier. E posibil s\u0103 aib\u0103 dreptate Roland Barthes dac\u0103 m\u0103 g\u00e2ndesc c\u0103 suflete\u015fte \u015fi spiritual putem r\u0103m\u00e2ne \u00eentr-o v\u00e2rst\u0103 mai t\u00e2n\u0103r\u0103 dec\u00e2t corpul. Astfel de fine\u0163uri filosofice nu prea m\u0103 intereseaz\u0103. Cel pu\u0163in deocamdat\u0103 c\u00e2nd m\u0103 simt \u00eenc\u0103 \u00een putere, c\u00e2nd pot g\u00e2ndi \u015fi lucra a\u015fa cum mi-am propus. Cine \u015ftie, poate mai \u00eencolo m\u0103 vor interesa\u2026<\/p>\n<p style=\"text-align: justify;\"><strong>C.I.U<\/strong>: <em>Acum, care crede\u0163i c\u0103 v\u0103 este pozi\u0163ia \u00een literatura rom\u00e2n\u0103 ?<\/em><\/p>\n<p style=\"text-align: justify;\"><strong>Fl.P<\/strong>: Asta-i o \u00eentrebare la care trebuia s\u0103-i l\u0103s\u0103m pe al\u0163ii s\u0103 r\u0103spund\u0103. \u00cen orice caz, indiferent de pozi\u0163ie pe care mi-o vor fixa istoricii \u015fi criticii literari de azi (\u015fi mai ales cei din viitor) eu am con\u015ftiin\u0163a \u00eemp\u0103cat\u0103 c\u0103 mi-am f\u0103cut datoria, c\u0103 nu fac degeaba umbr\u0103 p\u0103m\u00e2ntului, c\u0103 mi-am\/\u00eemi \u00eendeplinesc menirea h\u0103r\u0103zit\u0103 mie de Dumnezeu \u015fi c\u0103 prin c\u0103r\u0163ile pe care le-am publicat p\u00e2n\u0103 acum am comunicat ceva cititorului de azi \u015fi celui de m\u00e2ine. E mult? E pu\u0163in? \u00cei las pe al\u0163ii s\u0103 spun\u0103.<\/p>\n<p style=\"text-align: center;\">Interviu realizat de <strong>CULI\u0162\u0102 IOAN U\u015eURELU<\/strong><\/p>\n","protected":false},"excerpt":{"rendered":"<p>Drag\u0103 domnule Florentin Popescu, iat\u0103, \u00eemplini\u0163i \u00een acest frumos aprilie o v\u00e2rst\u0103 rotund\u0103, o v\u00e2rst\u0103 a \u00eemplinirilor \u2026 Cu acest [&#038;hellip<\/p>\n","protected":false},"author":1,"featured_media":0,"comment_status":"closed","ping_status":"closed","sticky":false,"template":"","format":"standard","meta":{"footnotes":""},"categories":[3],"tags":[],"class_list":["post-22634","post","type-post","status-publish","format-standard","hentry","category-articole"],"_links":{"self":[{"href":"https:\/\/www.marianagurza.ro\/blog\/wp-json\/wp\/v2\/posts\/22634","targetHints":{"allow":["GET"]}}],"collection":[{"href":"https:\/\/www.marianagurza.ro\/blog\/wp-json\/wp\/v2\/posts"}],"about":[{"href":"https:\/\/www.marianagurza.ro\/blog\/wp-json\/wp\/v2\/types\/post"}],"author":[{"embeddable":true,"href":"https:\/\/www.marianagurza.ro\/blog\/wp-json\/wp\/v2\/users\/1"}],"replies":[{"embeddable":true,"href":"https:\/\/www.marianagurza.ro\/blog\/wp-json\/wp\/v2\/comments?post=22634"}],"version-history":[{"count":3,"href":"https:\/\/www.marianagurza.ro\/blog\/wp-json\/wp\/v2\/posts\/22634\/revisions"}],"predecessor-version":[{"id":22636,"href":"https:\/\/www.marianagurza.ro\/blog\/wp-json\/wp\/v2\/posts\/22634\/revisions\/22636"}],"wp:attachment":[{"href":"https:\/\/www.marianagurza.ro\/blog\/wp-json\/wp\/v2\/media?parent=22634"}],"wp:term":[{"taxonomy":"category","embeddable":true,"href":"https:\/\/www.marianagurza.ro\/blog\/wp-json\/wp\/v2\/categories?post=22634"},{"taxonomy":"post_tag","embeddable":true,"href":"https:\/\/www.marianagurza.ro\/blog\/wp-json\/wp\/v2\/tags?post=22634"}],"curies":[{"name":"wp","href":"https:\/\/api.w.org\/{rel}","templated":true}]}}