{"id":22638,"date":"2015-04-01T09:49:17","date_gmt":"2015-04-01T09:49:17","guid":{"rendered":"http:\/\/www.marianagurza.ro\/blog\/?p=22638"},"modified":"2015-04-01T09:52:53","modified_gmt":"2015-04-01T09:52:53","slug":"jianu-liviu-florian-poesis","status":"publish","type":"post","link":"https:\/\/www.marianagurza.ro\/blog\/2015\/04\/01\/jianu-liviu-florian-poesis\/","title":{"rendered":"Jianu Liviu-Florian: poesis"},"content":{"rendered":"<p style=\"text-align: center;\"><img loading=\"lazy\" decoding=\"async\" id=\"irc_mi\" src=\"http:\/\/www.samanatorul.ro\/editura-online\/assets\/images\/Florin-Jianu.jpg\" alt=\"\" width=\"160\" height=\"200\" \/><\/p>\n<p style=\"text-align: left;\" align=\"center\"><strong>ULTIMA OR\u0102<\/strong><\/p>\n<p>&nbsp;<\/p>\n<p>Este adev\u0103rat c\u0103 fusese \u00eengr\u0103m\u0103dit\u0103<\/p>\n<p>\u00cen propria cas\u0103 boiereasc\u0103,<\/p>\n<p>Cu toat\u0103 familia ei,<\/p>\n<p>\u00centr-o camer\u0103 \u015fi o buc\u0103t\u0103rie,<\/p>\n<p>Dar primise de la comuni\u015fti<\/p>\n<p>Un loc de munc\u0103:<\/p>\n<p>\u00cen spa\u0163iul care va s\u0103 devin\u0103<\/p>\n<p>CLF,<\/p>\n<p>Centrul de legume \u015fi fructe,<\/p>\n<p>F\u0103cea l\u0103di\u0163e de lemn.<\/p>\n<p>Primise un ciocan,<\/p>\n<p>\u015eipci,<\/p>\n<p>Cuie,<\/p>\n<p>\u015ei o norm\u0103 zilnic\u0103 de l\u0103di\u0163e.<\/p>\n<p>De pe urma acestui loc asigurat de munc\u0103,<\/p>\n<p>\u00ce\u015fi pl\u0103teau toate cele,<\/p>\n<p>\u015ei familia ei<\/p>\n<p>Avea \u00een fiecare zi<\/p>\n<p>M\u00e2ncare de cartofi pe mas\u0103,<\/p>\n<p>Iar duminica,<\/p>\n<p>Carne \u015fi p\u00e2ine.<\/p>\n<p>Dup\u0103 treizeci de ani,<\/p>\n<p>\u00cen spa\u0163iul aceluia\u015fi Centru de Legume \u015fi Fructe,<\/p>\n<p>\u00cen anul I de liceu,<\/p>\n<p>F\u0103ceam\u00a0 practica.<\/p>\n<p>Magaziile erau pline ochi cu varz\u0103,<\/p>\n<p>\u00cen mare parte<\/p>\n<p>Stricat\u0103.<\/p>\n<p>\u015ei distinsele doamne profesoare,<\/p>\n<p>\u015ei distinsele domni\u015foare eleve,<\/p>\n<p>\u015ei distin\u015fii elevi,<\/p>\n<p>Afi\u015f\u00e2nd cele mai elegante \u0163inute,<\/p>\n<p>Se a\u015fezau pe c\u00e2te o lad\u0103,<\/p>\n<p>Cu cu\u0163itul \u00een m\u00e2n\u0103,<\/p>\n<p>\u015ei alegeau din verze<\/p>\n<p>P\u0103r\u0163ile bune.<\/p>\n<p>Ce paradis al frumuse\u0163ilor \u00een plin\u0103 floare,<\/p>\n<p>Sau at\u00e2t de mature,<\/p>\n<p>\u00cen mirosul pestilen\u0163ial de varz\u0103 stricat\u0103,<\/p>\n<p>Nu ciripea vesel,<\/p>\n<p>Zi dup\u0103 zi,<\/p>\n<p>Semn\u00e2nd prezen\u0163a<\/p>\n<p>\u00cen condica hranei<\/p>\n<p>Unor cantine!<\/p>\n<p>&nbsp;<\/p>\n<p>\u00cen zilele noastre,<\/p>\n<p>Acum dou\u0103 s\u0103pt\u0103m\u00e2ni \u015fi ceva<\/p>\n<p>Am primit o tem\u0103<\/p>\n<p>Banal\u0103.<\/p>\n<p>S\u0103 g\u0103sesc un loc de munc\u0103<\/p>\n<p>Unei mame<\/p>\n<p>De cincizeci de ani \u015fi ceva,<\/p>\n<p>Trimis\u0103 \u00een \u015fomaj, odat\u0103 cu \u00eenchiderea Combinatul Chimic.<\/p>\n<p>Nu mi s-a dat<\/p>\n<p>O tem\u0103 major\u0103:<\/p>\n<p>S\u0103 g\u0103sesc de lucru<\/p>\n<p>Tuturor oamenilor Combinatului Chimic.<\/p>\n<p>Asta st\u0103 la fiecare mas\u0103<\/p>\n<p>\u00cen g\u00e2tul guvernului.<\/p>\n<p>Al parlamentului.<\/p>\n<p>Al ministerelor,<\/p>\n<p>Al partidelor,<\/p>\n<p>Al televiziunilor \u015fi presei.<\/p>\n<p>Al tuturor angaja\u0163ilor \u0163\u0103rii.<\/p>\n<p>Al\u00a0 tuturor sindicatelor, patronatelor \u015fi\u00a0 puterilor.<\/p>\n<p>&nbsp;<\/p>\n<p>Am trimis mail-uri<\/p>\n<p>Colegilor,<\/p>\n<p>Prietenilor,<\/p>\n<p>\u015ei lui Dumnezeu.<\/p>\n<p>Dumnezeu mi-a spus c\u0103 nu are cuno\u015ftin\u0163e pentru angaj\u0103ri.<\/p>\n<p>Un singur coleg mi-a r\u0103spuns<\/p>\n<p>C\u0103 \u00eemi va da de \u015ftire c\u00e2nd va putea s\u0103-mi r\u0103spund\u0103 solicitarii.<\/p>\n<p>&nbsp;<\/p>\n<p>Timpul trece,<\/p>\n<p>\u015ei mama iese din \u015fomaj,<\/p>\n<p>A\u015ftept\u00e2nd\u00a0 cu \u00eenfrigurare o veste.<\/p>\n<p>Facturile lunare \u00eencep s\u0103 curg\u0103.<\/p>\n<p>Foamea \u00eencepe s\u0103 cear\u0103 p\u00e2inea fiec\u0103rei zile.<\/p>\n<p>Fata s\u0103 cear\u0103\u00a0 banii<\/p>\n<p>De\u00a0 \u015fcoal\u0103.<\/p>\n<p>&nbsp;<\/p>\n<p>Eu,<\/p>\n<p>Din salariul Uzinei Viselor,<\/p>\n<p>\u00cei trimit o p\u00e2ine pe zi.<\/p>\n<p>Exact c\u00e2t scrie \u00een c\u0103r\u0163ile Sfinte.<\/p>\n<p>Suficient s\u0103 m\u0103n\u00e2nce,<\/p>\n<p>Insuficient\u00a0 s\u0103-\u015fi pl\u0103teasc\u0103 \u015fi apa.<\/p>\n<p>&nbsp;<\/p>\n<p>Traiectoria navetei spa\u0163iale<\/p>\n<p>Mama \u015fomer la cincizeci \u015fi ceva de ani,<\/p>\n<p>Cu\u00a0 copil,<\/p>\n<p>este deviat\u0103 \u00een strad\u0103,<\/p>\n<p>dac\u0103 nu are \u00een\u0163elepciunea<\/p>\n<p>s\u0103 v\u00e2nd\u0103 tot,<\/p>\n<p>\u015fi s\u0103-\u015fi cumpere o gospod\u0103rie la \u0163ar\u0103,<\/p>\n<p>cultiv\u00e2nd \u00een gr\u0103din\u0103<\/p>\n<p>cartofi.<\/p>\n<p>&nbsp;<\/p>\n<p>V\u0103d un \u00eentreg Combinat Chimic,<\/p>\n<p>La \u0163ar\u0103.<\/p>\n<p>Cultiv\u00e2nd cartoful fiec\u0103rei zile.<\/p>\n<p>Ce aer bun!<\/p>\n<p>Ce munc\u0103 \u00een\u0103l\u0163\u0103toare!<\/p>\n<p>Dar de unde \u015fi bani<\/p>\n<p>S\u0103 pl\u0103te\u015fti impozitul de 50 de p\u00e2ini<\/p>\n<p>Pe proprietate?<\/p>\n<p>Se \u015ftie c\u0103 la \u0163ar\u0103,<\/p>\n<p>Economia func\u0163ioneaz\u0103<\/p>\n<p>\u00cen cel mai deplin comunism:<\/p>\n<p>F\u0103r\u0103 bani.<\/p>\n<p>Pe baz\u0103 de troc.<\/p>\n<p>&nbsp;<\/p>\n<p>\u015ei mama cu copilul,<\/p>\n<p>\u00ce\u015fi vinde \u015fi gospod\u0103ria falimentar\u0103.<\/p>\n<p>&nbsp;<\/p>\n<p>Pleac\u0103 pe c\u00e2mp.<\/p>\n<p>Se hr\u0103nesc ca p\u0103s\u0103rile cerului,<\/p>\n<p>Le \u00eembraca iarb\u0103<\/p>\n<p>Mai frumos dec\u00e2t crinii,<\/p>\n<p>Le \u00eenvele\u015fte cerul.<\/p>\n<p>&nbsp;<\/p>\n<p>\u015ei eu,<\/p>\n<p>Din spatele unui calculator<\/p>\n<p>Al Uzinei Viselor,<\/p>\n<p>Am rezolvat<\/p>\n<p>Cazul unei mame,<\/p>\n<p>\u015ei al tuturor concet\u0103\u0163enilor<\/p>\n<p>Combinatului Chimic.<\/p>\n<p>&nbsp;<\/p>\n<p>Simplu.<\/p>\n<p>&nbsp;<\/p>\n<p>F\u0103r\u0103 nicio gre\u015feal\u0103.<\/p>\n<p>&nbsp;<\/p>\n<p>Cu toat\u0103 dragostea<\/p>\n<p>De care sunt \u00een stare.<\/p>\n<p>&nbsp;<\/p>\n<p>De ce nu s-a votat Fondul de Solidaritate?<\/p>\n<p>Ce \u00eentrebare este asta,<\/p>\n<p>Pentru timpuri \u00een care<\/p>\n<p>Partidul\u00a0 le rezolv\u0103 pe toate?!&#8230;<\/p>\n<p style=\"text-align: left;\" align=\"right\"><em>29 mai 2012<\/em><\/p>\n<p>&nbsp;<\/p>\n<p><strong>C\u00e2ntecul izvorului<\/strong><\/p>\n<p>&nbsp;<\/p>\n<p>De cand asteapta &#8211;\u00a0 sus, pe Dealul Spirii &#8211;<\/p>\n<p>Fantana &#8211; indelung necuratita<\/p>\n<p>Si oferind laditele iubirii &#8211;<\/p>\n<p>O mana dintr-o tara &#8211; \u00a0siluita?<\/p>\n<p>&nbsp;<\/p>\n<p>Ca i-au murit\u00a0 demult, de tot,\u00a0 martirii<\/p>\n<p>Nerazbunarii, pacii, amintirii \u2013<\/p>\n<p>Si au venit barbarii nemuririi,<\/p>\n<p>Ca sa comande\u00a0 legea pustiirii-<\/p>\n<p>&nbsp;<\/p>\n<p>De unde sa mai bei, din tara, apa?<\/p>\n<p>Cand lacrima, si ea, de-asa agape,<\/p>\n<p>Si cata nesimtire nu incape<\/p>\n<p>Pe lume, n-are\u00a0 plata, nici in groapa!?<\/p>\n<p>&nbsp;<\/p>\n<p>Fantana veche, oare ce otrava<\/p>\n<p>Ti-a dat sa bei, si ce securitate?<\/p>\n<p>De ai ramas in zoaie, ca o sclava,<\/p>\n<p>Si nici pe gratis, n-ai sa dai, din toate?<\/p>\n<p>&nbsp;<\/p>\n<p>Si am\u00a0 putea, sentintele de-s date,<\/p>\n<p>Pe cand procese nici n-au dat a-ncepe,<\/p>\n<p>Sa mai traim, si noi, in libertate?<\/p>\n<p>Calcand &#8211; \u00a0rom\u00e2ni &#8211; \u00a0pe serpi, si pe otrepe?<\/p>\n<p>&nbsp;<\/p>\n<p>De-aceea, peste mari insingurate,<\/p>\n<p>Voi cobori din nou,\u00a0 cu carje-ncete,<\/p>\n<p>Sa mi te curat, bun\u00a0 izvor \u2013 tu , poate,<\/p>\n<p>Vei darui din lacrima-ti, poete\u2026<\/p>\n<p>&nbsp;<\/p>\n<p>Ce-i de iubit, traind,\u00a0 din bunatate\u2026<\/p>\n<p>&nbsp;<\/p>\n<p style=\"text-align: left;\" align=\"right\"><em>1 aprilie 2015<\/em><\/p>\n<p>&nbsp;<\/p>\n<p>&nbsp;<\/p>\n<p style=\"text-align: center;\"><strong>Jianu Liviu-Florian<\/strong><\/p>\n<p>&nbsp;<\/p>\n<p>&nbsp;<\/p>\n","protected":false},"excerpt":{"rendered":"<p>ULTIMA OR\u0102 &nbsp; Este adev\u0103rat c\u0103 fusese \u00eengr\u0103m\u0103dit\u0103 \u00cen propria cas\u0103 boiereasc\u0103, Cu toat\u0103 familia ei, \u00centr-o camer\u0103 \u015fi o [&#038;hellip<\/p>\n","protected":false},"author":1,"featured_media":0,"comment_status":"closed","ping_status":"closed","sticky":false,"template":"","format":"standard","meta":{"footnotes":""},"categories":[3],"tags":[],"class_list":["post-22638","post","type-post","status-publish","format-standard","hentry","category-articole"],"_links":{"self":[{"href":"https:\/\/www.marianagurza.ro\/blog\/wp-json\/wp\/v2\/posts\/22638","targetHints":{"allow":["GET"]}}],"collection":[{"href":"https:\/\/www.marianagurza.ro\/blog\/wp-json\/wp\/v2\/posts"}],"about":[{"href":"https:\/\/www.marianagurza.ro\/blog\/wp-json\/wp\/v2\/types\/post"}],"author":[{"embeddable":true,"href":"https:\/\/www.marianagurza.ro\/blog\/wp-json\/wp\/v2\/users\/1"}],"replies":[{"embeddable":true,"href":"https:\/\/www.marianagurza.ro\/blog\/wp-json\/wp\/v2\/comments?post=22638"}],"version-history":[{"count":5,"href":"https:\/\/www.marianagurza.ro\/blog\/wp-json\/wp\/v2\/posts\/22638\/revisions"}],"predecessor-version":[{"id":22640,"href":"https:\/\/www.marianagurza.ro\/blog\/wp-json\/wp\/v2\/posts\/22638\/revisions\/22640"}],"wp:attachment":[{"href":"https:\/\/www.marianagurza.ro\/blog\/wp-json\/wp\/v2\/media?parent=22638"}],"wp:term":[{"taxonomy":"category","embeddable":true,"href":"https:\/\/www.marianagurza.ro\/blog\/wp-json\/wp\/v2\/categories?post=22638"},{"taxonomy":"post_tag","embeddable":true,"href":"https:\/\/www.marianagurza.ro\/blog\/wp-json\/wp\/v2\/tags?post=22638"}],"curies":[{"name":"wp","href":"https:\/\/api.w.org\/{rel}","templated":true}]}}