{"id":22644,"date":"2015-04-01T10:14:37","date_gmt":"2015-04-01T10:14:37","guid":{"rendered":"http:\/\/www.marianagurza.ro\/blog\/?p=22644"},"modified":"2015-04-01T14:43:22","modified_gmt":"2015-04-01T14:43:22","slug":"la-ceas-aniversar-florentin-popescu-un-mesteacan-ratacit-in-campie%e2%80%9d","status":"publish","type":"post","link":"https:\/\/www.marianagurza.ro\/blog\/2015\/04\/01\/la-ceas-aniversar-florentin-popescu-un-mesteacan-ratacit-in-campie%e2%80%9d\/","title":{"rendered":"La ceas aniversar: Florentin Popescu &#8211; ,,un mesteac\u0103n r\u0103t\u0103cit \u00een c\u00e2mpie\u201d"},"content":{"rendered":"<p style=\"text-align: center;\"><a href=\"http:\/\/www.marianagurza.ro\/blog\/wp-content\/uploads\/2015\/04\/FlorentinPopescu.jpg\"><img loading=\"lazy\" decoding=\"async\" class=\"size-medium wp-image-22645\" title=\"FlorentinPopescu!!!\" src=\"http:\/\/www.marianagurza.ro\/blog\/wp-content\/uploads\/2015\/04\/FlorentinPopescu-300x261.jpg\" alt=\"\" width=\"300\" height=\"261\" srcset=\"https:\/\/www.marianagurza.ro\/blog\/wp-content\/uploads\/2015\/04\/FlorentinPopescu-300x261.jpg 300w, https:\/\/www.marianagurza.ro\/blog\/wp-content\/uploads\/2015\/04\/FlorentinPopescu.jpg 1002w\" sizes=\"auto, (max-width: 300px) 100vw, 300px\" \/><\/a><\/p>\n<p><strong>GRIFON<\/strong><\/p>\n<p>&nbsp;<\/p>\n<p>&nbsp;<\/p>\n<p>Clipa mea sub form\u0103 de inim\u0103<\/p>\n<p>nelini\u015ftit\u0103, ad\u00e2nc\u0103<\/p>\n<p>\u00eemi adast\u0103-ntre gene<\/p>\n<p>\u015fi vine grifonul<\/p>\n<p>\u015fi mi-o m\u0103n\u00e2nc\u0103;<\/p>\n<p>suie din piatr\u0103 \u015fi st\u00e2nc\u0103<\/p>\n<p>cire\u015ful cu g\u00e2nduri<\/p>\n<p>\u015fi vine grifonul<\/p>\n<p>\u015fi mi-l m\u0103n\u00e2nc\u0103;<\/p>\n<p>pe\u015fti de argint \u015fi de aur<\/p>\n<p>fulger\u0103-n r\u00e2ul din mine<\/p>\n<p>ca o iubire, ca o patim\u0103-ad\u00e2nc\u0103<\/p>\n<p>ori ca un dor de albastru<\/p>\n<p>\u015fi vine grifonul<\/p>\n<p>\u015fi le m\u0103n\u00e2nc\u0103.<\/p>\n<p>Singur, de t\u0103cere-argintat<\/p>\n<p>strig, copac singuratic sub lun\u0103:<\/p>\n<p>Grifonule, fugi \u015fi nu m\u0103 m\u00e2nca!<\/p>\n<p>dar numai ecoul<\/p>\n<p>t\u00e2rziu \u00eemi r\u0103spunde:<\/p>\n<p>Grifonul, grifonul e-n inima ta!<\/p>\n<p>&nbsp;<\/p>\n<p>&nbsp;<\/p>\n<p><strong>TESTAMENTUL IMAGINAR AL OSTA\u015eULUI<\/strong><\/p>\n<p>&nbsp;<\/p>\n<p>&nbsp;<\/p>\n<p>Din propria-mi armur\u0103 ca dintr-o carapace de broasc\u0103 \u0163estoas\u0103<\/p>\n<p>\u015fi din g\u00e2ndul \u015fi rostul \u015fi datoria mea<\/p>\n<p>ca dintr-o mare, pentru veci voi ie\u015fi<\/p>\n<p>f\u0103r\u0103 durere \u2013 cum iese din p\u00e2lnia de corn sunetul<\/p>\n<p>ori alb\u0103, dintre nouri, luna<\/p>\n<p>\u015fi f\u0103r\u0103 s\u0103-mi pese c\u0103-ncet vor veni<\/p>\n<p>pedepsitorii trupu-mi s\u0103-l deie la zei<\/p>\n<p>ori focului ori sp\u00e2nzur\u0103torii s\u0103-l deie!<\/p>\n<p>O f\u0103r\u0103 de seam\u0103n pas\u0103re alb\u0103<\/p>\n<p>se va face sufletul meu<\/p>\n<p>\u015fi-i ve\u0163i sim\u0163i lumina b\u0103t\u00e2nd \u00een ferestre<\/p>\n<p>pe c\u00e2nd ve\u0163i fi \u00eendurera\u0163i \u015fi singuri,<\/p>\n<p>pe c\u00e2nd ve\u0163i pleca la-nt\u00e2lnirea cu moartea<\/p>\n<p>ori poate la-nt\u00e2lnirea cu gloria<\/p>\n<p>totuna fiindu-v\u0103 care din ele<\/p>\n<p>v\u0103 va fi mai aproape de inim\u0103.<\/p>\n<p>&nbsp;<\/p>\n<p>A\u015fa-mi vorbi, \u00eensingurat, soldatul<\/p>\n<p>\u015fi-a\u015fa-mi vorbir\u0103 \u00eentr-o noapte-n tain\u0103<\/p>\n<p>arcurile \u015fi s\u0103ge\u0163ile lui<\/p>\n<p>pe c\u00e2nd se-auzeau revolt\u00e2ndu-se<\/p>\n<p>\u00een fierul dinl\u0103untrul acelor unelte<\/p>\n<p>atomii-nl\u0103n\u0163ui\u0163i ca ni\u015fte b\u0103rba\u0163i la galere<\/p>\n<p>\u015fi f\u0103r\u0103 putere eram<\/p>\n<p>f\u0103r\u0103 de al\u0163ii eram<\/p>\n<p>s\u0103 poat\u0103 martori mai t\u00e2rziu s\u0103-mi fie<\/p>\n<p>c\u00e2nd povestind m-ar fi crezut nebun<\/p>\n<p>cu min\u0163ile plecate pe pustie.<\/p>\n<p>&nbsp;<\/p>\n<p>A\u015fa-mi vorbir\u0103 \u015fi se-nt\u00e2mpl\u0103 a\u015fa.<\/p>\n<p>La r\u0103s\u0103ritul soarelui, \u00een zori<\/p>\n<p>o pas\u0103re se rezema de stela soldatului<\/p>\n<p>acolo r\u0103m\u00e2n\u00e2nd, c\u00e2nd el nu mai era;<\/p>\n<p>dup\u0103 veacul din veac, p\u00e2n\u0103 azi<\/p>\n<p>pas\u0103rea c\u00e2nt\u0103 \u00een inima mea<\/p>\n<p>&nbsp;<\/p>\n<p>&nbsp;<\/p>\n<p><strong>ELEGIA CAILOR PIERDU\u0162I (I)<\/strong><\/p>\n<p>&nbsp;<\/p>\n<p>&nbsp;<\/p>\n<p>\u015fi se face c-ascult\u0103m \u00een vise<\/p>\n<p>trist \u015fi dureros \u015fi mustr\u0103tor<\/p>\n<p>cum e goana m\u00e2njilor ucis\u0103,<\/p>\n<p>cum ne ceart\u0103 caii-n graiul lor<\/p>\n<p>&nbsp;<\/p>\n<p>fii de iarb\u0103, singuri \u00een cetate<\/p>\n<p>pustii\u0163i, prin vis, ne-ntoarcem \u00een copii<\/p>\n<p>\u015fi se face c\u0103-i gonim pe \u00eenserate<\/p>\n<p>\u015fi se face c\u0103 sunt caii vii<\/p>\n<p>&nbsp;<\/p>\n<p>sunet lung ne lunec\u0103 prin s\u00e2nge<\/p>\n<p>&#8211; tropotul \u015fi coamele-n alai<\/p>\n<p>\u015fi se face c\u0103 p\u0103m\u00e2ntul pl\u00e2nge<\/p>\n<p>\u00eentr-un dor nepotolit de cai<\/p>\n<p>&nbsp;<\/p>\n<p>\u015fi se face, se mai face c\u0103-n cetate<\/p>\n<p>ad\u0103st\u00e2nd c\u00e2mpiile c\u00e2t zarea<\/p>\n<p>dau n\u0103val\u0103-n noi ca o dreptate<\/p>\n<p>caii d\u0103ruindu-ne iertarea<\/p>\n<p>&nbsp;<\/p>\n<p>&nbsp;<\/p>\n<p>&nbsp;<\/p>\n<p><strong>Florentin Popescu<\/strong>, <em>Obsesia p\u0103s\u0103rilor, <\/em>colec\u0163ia Opera Omnia, Poezie contemporan\u0103 (Antologie complet\u0103 de autor),\u00a0Editura Tipo Moldova, Ia\u015fi, 2012.<\/p>\n<p>&nbsp;<\/p>\n<p align=\"center\">\u00a0<a href=\"http:\/\/www.marianagurza.ro\/blog\/wp-content\/uploads\/2015\/04\/OBSESIA-P\u0102S\u0102RII.jpg\"><img loading=\"lazy\" decoding=\"async\" class=\"size-medium wp-image-22646 aligncenter\" title=\"OBSESIA P\u0102S\u0102RII\" src=\"http:\/\/www.marianagurza.ro\/blog\/wp-content\/uploads\/2015\/04\/OBSESIA-P\u0102S\u0102RII-265x300.jpg\" alt=\"\" width=\"265\" height=\"300\" srcset=\"https:\/\/www.marianagurza.ro\/blog\/wp-content\/uploads\/2015\/04\/OBSESIA-P\u0102S\u0102RII-265x300.jpg 265w, https:\/\/www.marianagurza.ro\/blog\/wp-content\/uploads\/2015\/04\/OBSESIA-P\u0102S\u0102RII-905x1024.jpg 905w, https:\/\/www.marianagurza.ro\/blog\/wp-content\/uploads\/2015\/04\/OBSESIA-P\u0102S\u0102RII.jpg 1655w\" sizes=\"auto, (max-width: 265px) 100vw, 265px\" \/><\/a><\/p>\n<p>&nbsp;<\/p>\n<p>&nbsp;<\/p>\n<p style=\"text-align: justify;\"><strong>Florentin POPESCU &#8211; Fi\u015f\u0103 biobibliografic\u0103<\/strong><\/p>\n<p style=\"text-align: justify;\">3 aprilie 1945 (\u015fi nu 8 aprilie, cum apare \u00een acte): \u00cen satul Lera, al comunei Corbu din fosta regiune Ploie\u015fti (din 1968 sat component al comunei Chiojdu, jude\u0163ul Buz\u0103u) se na\u015fte Florentin Popescu, primul din cei trei copii ai Floric\u0103i, descendent\u0103 a unei familii de mo\u015fneni, \u015fi ai lui Octavian Popescu, tehnician veterinar.<\/p>\n<p style=\"text-align: justify;\">Copilul, \u00eempreun\u0103 cu cele dou\u0103 surori mai mici, Agripina \u015fi Mariana, \u00ee\u015fi petrece primii ani \u00een localitatea natal\u0103, unde urmeaz\u0103 \u015fi cursurile \u015fcolii primare (1952-1956).<\/p>\n<p style=\"text-align: justify;\">1956: P\u0103rin\u0163ii viitorului scriitor \u00eel \u00eenscriu pe acesta la \u015ecoala pedagogic\u0103 din Buz\u0103u, \u00een cadrul c\u0103reia absolv\u0103 clasele de gimnaziu \u00een 1959. \u00cen acela\u015fi an, d\u00e2nd examen de admitere la \u015ecoala Pedagogic\u0103 nu reu\u015fe\u015fte \u015fi se \u00eentoarce \u00een satul natal.<\/p>\n<p style=\"text-align: justify;\">1960: D\u0103 examen de admitere la liceul din P\u0103t\u00e2rlagele \u015fi timp de un an urmeaz\u0103 cursurile acestuia.<\/p>\n<p style=\"text-align: justify;\">1961: \u00cen fa\u0163a pericolului iminent al colectiviz\u0103rii \u015fi al \u00eenchiderii oric\u0103rei perspective de realizare \u00een sat a copiilor lor, p\u0103rin\u0163ii se mut\u0103 \u00een ora\u015ful Buz\u0103u \u015fi viitorul scriitor este transferat la renumitul liceu \u201eB. P. Hasdeu\u201d, de unde se ridicaser\u0103, de-a lungul timpului mari personalit\u0103\u0163i ale \u015ftiin\u0163ei \u015fi culturii rom\u00e2ne\u015fti: \u015etefan Vencov, Vladimir Maximilian, tenorul Leonard, V. Voiculescu, George Emil Palade \u015f.a.<\/p>\n<p style=\"text-align: justify;\">\u00cen cadrul liceului Florentin Popescu este remarcat de profesorii de literatur\u0103, care-i stimuleaz\u0103 pasiunea pentru scris \u015fi-i \u00eencredin\u0163eaz\u0103 al\u0103turi de al\u0163i doi colegi, Nicolae Iacob \u015fi Aurelian Mare\u015f, redactarea revistei \u015fcolare \u201eMunc\u0103 \u015fi talent\u201d, \u00een care public\u0103 reportaje, recenzii, versuri. Totodat\u0103 \u00eencepe s\u0103 frecventeze Cenaclul literar \u201eAl. Sahia\u201d de pe l\u00e2ng\u0103 Casa de Cultur\u0103 or\u0103\u015feneasc\u0103, pe unde trecuser\u0103 cu pu\u0163ini ani \u00een urm\u0103 \u015fi Ion Gheorghe, Ion B\u0103ie\u015fu, A. I. Z\u0103inescu \u015f.a.<\/p>\n<p style=\"text-align: justify;\">1962: Debuteaz\u0103 cu poezia \u201eEternitate\u201d (Dedica\u0163ie lui N. Labi\u015f) \u00een ziarul local \u201eVia\u0163a Buz\u0103ului\u201d, dar debutul propriu-zis \u015fi-l consider\u0103 pe cel din revista \u201eLuceaf\u0103rul\u201d din 14 septembrie 1963.<\/p>\n<p style=\"text-align: justify;\">1963: Debuteaz\u0103 al\u0103turi de Dumitru M. Ion \u015fi Gabriela Vasilache (Negreanu) \u00een revista \u201eLuceaf\u0103rul\u201d.<\/p>\n<p style=\"text-align: justify;\">1964: Dup\u0103 examenul de maturitate (Bacalaureatul de azi) se \u00eenscrie la Facultatea de Limba \u015fi Literatura Rom\u00e2n\u0103 a Universit\u0103\u0163ii din Bucure\u015fti.<\/p>\n<p style=\"text-align: justify;\">1964-1967: Viitorul scriitor \u00ee\u015fi tr\u0103ie\u015fte din plin noua lui condi\u0163ie &#8211; aceea de student: frecventeaz\u0103 muzeele, bibliotecile \u015fi anticariatele, colind\u0103 Bucure\u015ftiul pentru a-i cunoa\u015fte monumentele \u015fi a-i descoperi atmosfera. Capitala mai p\u0103stra \u00eenc\u0103, pe atunci, ceva din culoarea \u015fi arhitectura deceniilor interbelice. De asemenea, merge la cercurile \u015fi cenaclurile literare (\u00een primul r\u00e2nd Cenaclul \u201eNicolae Labi\u015f\u201d de la Uniunea Scriitorilor, condus de Eugen Barbu) \u015fi cite\u015fte versuri la Cenaclul facult\u0103\u0163ii.<\/p>\n<p style=\"text-align: justify;\">1967: \u00cencepe s\u0103 colaboreze cu materiale diverse (reportaje, eseuri, versuri, recenzii \u015f.a) la revistele \u201eVia\u0163a Studen\u0163easc\u0103\u201d (condus\u0103 de Niculae Stoian) \u015fi \u201eAmfiteatru\u201d (redactor \u015fef Ion B\u0103ie\u015fu). Aici \u00eei cunoa\u015fte pe cei mai mul\u0163i dintre scriitorii pe care istoria literar\u0103 i-a arondat ulterior \u201eGenera\u0163iei &#8217;60\u201d: Ana Blandiana, Cezar Baltag, Adrian P\u0103unescu, Gheorghe Pitu\u0163, Octavian Stoica, Dumitru Dinulescu, Daniel Turcea, George \u0162\u0103rnea \u015f.a., unii dintre ei fiindu-i \u015fi colegi de facultate.<\/p>\n<p style=\"text-align: justify;\">1968: Este angajat cu \u00bd de norm\u0103 pe postul de \u015fef al subredac\u0163iei Bucure\u015fti a revistei \u201eVia\u0163a studen\u0163easc\u0103\u201d. Tot \u00een acest an prime\u015fte Premiul pentru poezie ale revistelor \u201eVia\u0163a studen\u0163easc\u0103\u201d \u015fi \u201eAmfiteatru\u201d \u015fi un alt premiu, tot pentru poezie, din partea ziarului \u201eSc\u00e2nteia tineretului\u201d.<\/p>\n<p style=\"text-align: justify;\">\u00ce\u015fi extinde colabor\u0103rile \u015fi \u00eencepe s\u0103 publice \u015fi la nou \u00eenfiin\u0163atele ziare jude\u0163ene: \u201eVia\u0163a Buz\u0103ului\u201d, \u201eMilcovul\u201d (Foc\u015fani), \u201eCuv\u00e2ntul Nou\u201d (Covasna), \u201eDelta\u201d (Tulcea), precum \u015fi la mai multe reviste culturale din Capital\u0103 \u015fi din \u0163ar\u0103: \u201eLuceaf\u0103rul\u201d, \u201eRom\u00e2nia Literar\u0103\u201d, \u201eAteneu\u201d, \u201eOrizont\u201d, \u201eCronica\u201d.<\/p>\n<p style=\"text-align: justify;\">1969: Ob\u0163ine licen\u0163a Facult\u0103\u0163ii de Limba \u015fi Literatura Rom\u00e2n\u0103 \u015fi, contrar a\u015ftept\u0103rilor, redac\u0163ia \u201eVie\u0163ii studen\u0163e\u015fti\u201d nu-i ofer\u0103 un post de redactor, fiind repartizat ca profesor \u00een satul S\u00e2ngeru (Prahova), locul natal al poetului Lucian Avramescu.<\/p>\n<p style=\"text-align: justify;\">Face o tentativ\u0103 de angajare la ziarul \u201eFlamura Prahovei\u201d, dar, nonconformist \u015fi nepl\u0103c\u00e2ndu-i atmosfera cazon\u0103 din redac\u0163ie, pleac\u0103 dup\u0103 numai trei zile la Buz\u0103u, unde este angajat la \u201eVia\u0163a Buz\u0103ului\u201d. Acolo tr\u0103ie\u015fte momente ce \u0163in de anecdotica profesiei (pe care le va rememora mai t\u00e2rziu \u00een volumul Un mesteac\u0103n r\u0103t\u0103cit \u00een c\u00e2mpie, 2007)<\/p>\n<p style=\"text-align: justify;\">1970, februarie: Debuteaz\u0103 editorial cu volumul Obsesia p\u0103s\u0103rilor (versuri) \u00een colec\u0163ia \u201eLuceaf\u0103rul\u201d (redactor de carte Nicolae Ioana, cu care, peste ani, va ajunge coleg de editur\u0103).<\/p>\n<p style=\"text-align: justify;\">\u015etiind c\u0103, potrivit legilor \u00een vigoare dup\u0103 stagiul militar va beneficia de un concediu de trei luni de zile, r\u0103gaz \u00een care sper\u0103 s\u0103 g\u0103seasc\u0103 un transfer \u00een Capital\u0103, merge \u00een audien\u0163\u0103 la Marele Stat Major al Armatei \u015fi solicit\u0103 s\u0103 fie \u00eencorporat.<\/p>\n<p style=\"text-align: justify;\">1970, martie-septembrie: \u00ce\u015fi face stagiul militar \u00een garnizoana Bac\u0103u, timp \u00een care \u00eel cunoa\u015fte pe Radu C\u00e2rneci (pe atunci redactor \u015fef al revistei \u201eAteneu\u201d), care \u00eei comenteaz\u0103 favorabil volumul de debut \u015fi-i solicit\u0103 colaborarea la revista pe care o conduce, solicitare pe care Florentin Popescu o onoreaz\u0103 cu grupaje de versuri.<\/p>\n<p style=\"text-align: justify;\">1970, septembrie: Dup\u0103 \u00eentoarcerea din armat\u0103 \u015fi dup\u0103 mai multe taton\u0103ri ale ziarelor din Capital\u0103 se transfer\u0103 la \u201eInforma\u0163ia Bucure\u015ftiului\u201d. \u00a0\u00a0\u00a0\u00a0 1971, prim\u0103vara: Se transfer\u0103 la nou \u00eenfiin\u0163ata Editur\u0103 pentru turism, unde lucreaz\u0103 ca redactor al\u0103turi de Pop Simion, Toma George Maiorescu, Valentin Hossu-Longin \u015fi al\u0163ii. Sec\u0163ia Propagand\u0103 \u015fi pliante \u00een care a fost repartizat \u00eei prilejuie\u015fte efectuarea multor deplas\u0103ri prin \u0163ar\u0103, ocazii \u00een care se documenteaz\u0103 pentru noi, viitoare c\u0103r\u0163i de reportaj.<\/p>\n<p style=\"text-align: justify;\">1972: Public\u0103 la Editura Cartea Rom\u00e2neasc\u0103 volumul de versuri Mereu peregrinul, iar la editura \u00een care lucreaz\u0103 \u0162ara f\u00e2nt\u00e2nilor, (reportaje).<\/p>\n<p style=\"text-align: justify;\">1975: Este primit \u00een Uniunea Scriitorilor, cu recomand\u0103ri de la Pop Simion, Toma George Maiorescu \u015fi Radu C\u00e2rneci.<\/p>\n<p style=\"text-align: justify;\">\u00cei solicit\u0103 lui Lauren\u0163iu Fulga, secretar al Uniunii Scriitorilor \u015fi loc\u0163iitor al lui Zaharia Stancu, atunci bolnav, sprijinul pentru ob\u0163inerea Buletinului de Bucure\u015fti &#8211; condi\u0163ie sine qua non pentru a putea contracta construirea unui apartament \u00een Capital\u0103. Merg\u00e2nd s\u0103-i mul\u0163umeasc\u0103 pentru sprijin lui Lauren\u0163iu Fulga, acesta \u00eei sugereaz\u0103 scrierea unei cereri pentru a primi o locuin\u0163\u0103 \u00een viitorul bloc pe care Uniunea Scriitorilor urmeaz\u0103 s\u0103-l construiasc\u0103 \u00een strada Apolodor.<\/p>\n<p style=\"text-align: justify;\">1975, vara: Prime\u015fte o garsonier\u0103 \u00een blocul din Apolodor \u015fi astfel iau sf\u00e2r\u015fit trambal\u0103rile de la o gazd\u0103 la alta, dintr-un cartier \u00een altul. Toat\u0103 odiseea locuin\u0163elor o va povesti mai t\u00e2rziu \u00een volumul Scriitorii din strada Apolodor.<\/p>\n<p style=\"text-align: justify;\">1975-1983: Scrie \u015fi public\u0103 volume de poezie, de evoc\u0103ri \u015fi reportaje: Cuvinte de gr\u00e2u (versuri, 1975), Ctitorii br\u00e2ncovene\u015fti, 1976, Contemporan cu visul; Oameni, locuri \u015fi tradi\u0163ii din \u0162inutul Buz\u0103ului (1978), Re\u00eent\u00e2lnire cu cetatea adolescen\u0163ei (reportaje, 1979), \u0162\u0103rmul uitat \u015fi alte poeme (1981), Diligen\u0163e cu p\u0103s\u0103ri (versuri, 1983).<\/p>\n<p style=\"text-align: justify;\">1984: Apare volumul Pe urmele lui Vasile Voiculescu, \u00eent\u00e2mpinat cu cronici favorabile de c\u0103tre \u015eerban Cioculescu, Mihai Ungheanu, Ion Apetroaie, Radu C\u00e2rneci, Aureliu Goci, Emil Manu. Cartea este distins\u0103 cu Diploma de Onoare a Uniunii Scriitorilor \u015f va fi urmat\u0103 de alte studii consacrate acestui mare poet.<\/p>\n<p style=\"text-align: justify;\">1985: Dup\u0103 un conflict cu directorul Editurii Sport-Turism, Gheorghe Constantinescu, at\u00e2t el c\u00e2t \u015fi colegul Nicolae Ioana sunt transfera\u0163i la alte edituri: Florentin Popescu la Albatros, iar Nicolae Ioana la Eminescu.<\/p>\n<p style=\"text-align: justify;\">1985: Apare volumul Carte de dragoste pentru Bucure\u015fti (publicistic\u0103). Prime\u015fte Premiul pentru poezie al ziarului \u201eSc\u00e2nteia tineretului\u201d.<\/p>\n<p style=\"text-align: justify;\">Prime\u015fte Marele Premiu rezervat membrilor Uniunii Scriitorilor la Festivalul \u201eMo\u015ftenirea V\u0103c\u0103re\u015ftilor\u201d.<\/p>\n<p style=\"text-align: justify;\">Continu\u0103 s\u0103 desf\u0103\u015foare o bogat\u0103 activitate publicistic\u0103, sus\u0163in\u00e2nd rubrici permanente la \u201eSuplimentul literar-artistic al Sc\u00e2nteii Tineretului\u201d, la \u201eVia\u0163a Militar\u0103\u201d \u015fi la Radio Rom\u00e2nia.<\/p>\n<p style=\"text-align: justify;\">1986: Apare volumul Carte de dragoste pentru Bucure\u015fti (reportaje)<\/p>\n<p style=\"text-align: justify;\">1987: Apare volumul Povarna \u015fi alte povestiri.<\/p>\n<p style=\"text-align: justify;\">Toamna, la 19 septembrie se c\u0103s\u0103tore\u015fte cu Iuliana Paloda, poet\u0103 \u015fi artist plastic, pe care a cunoscut-o la Cenaclul \u201eG. Bacovia\u201d, al c\u0103rui conduc\u0103tor era \u00een acea perioad\u0103. Na\u015fi de cununie: Virginia \u015fi Titus V\u00e2jeu.<\/p>\n<p style=\"text-align: justify;\">1987-1989: Intens\u0103 activitate literar\u0103 \u015fi publicistic\u0103. Apar volumele Fl\u0103c\u0103ri \u015fi porumbei (versuri, 1989) \u015fi Puii de urs nu merg cu automobilul (roman pentru copii, 1989).<\/p>\n<p style=\"text-align: justify;\">1990, 1 martie: \u00cen entuziasmul \u015fi speran\u0163ele create de schimbarea regimului politic \u00een decembrie 1989, \u00eenfiin\u0163eaz\u0103, \u00eempreun\u0103 cu so\u0163ia sa, Iuliana Paloda-Popescu revista \u201eColibri\u201d, bilunar cultural-distractiv, una dintre primele publica\u0163ii cu acest caracter de dup\u0103 1989. \u00cen sumarul publica\u0163iei \u00ee\u015fi fac loc, al\u0103turi de scriitorii rom\u00e2ni, mari nume ale literaturii universale: Octavio Paz, Gabriel Garcia Marquez, Ernest Hemingwey, William Saroyan \u015f.a. Din lips\u0103 de fonduri revista \u00ee\u015fi \u00eenceteaz\u0103 apari\u0163ia \u00een vara anului urm\u0103tor la nr. 21. O monografie a publica\u0163iei (Colibri, un zbor \u00eentrerupt) va fi tip\u0103rit\u0103 \u00een anul 2007.<\/p>\n<p style=\"text-align: justify;\">1992: Apare \u00een edi\u0163ie bibliofil\u0103, nepus\u0103 \u00een comer\u0163, antologia Cele mai frumoase poezii. \u015ei tot acum iese de sub tipar Antologia poeziei religioase rom\u00e2ne\u015fti de la \u00eenceputuri p\u00e2n\u0103 \u00een prezent (antologie, note bibliografice \u015fi cuv\u00e2nt \u00eenainte de&#8230;), una dintre primele antologii de acest tip de dup\u0103 1989. Cartea va cunoa\u015fte ulterior alte dou\u0103 edi\u0163ii, \u00eentre care una \u00een col. \u201eBiblioteca pentru to\u0163i\u201d, \u00een 2 volume (1999).<\/p>\n<p style=\"text-align: justify;\">La 1 decembrie se transfer\u0103 la ziarul \u201eTineretul Liber\u201d, unde, al\u0103turi de \u015etefan Mitroi \u015fi Victor Atanasiu editeaz\u0103 suplimentul \u201eWeek-end\u201d.<\/p>\n<p style=\"text-align: justify;\">1993, 15 decembrie: \u00centruc\u00e2t noul patron al ziarului \u201eTineretul Liber\u201d d\u0103 faliment, se transfer\u0103 la \u201eVocea Rom\u00e2niei\u201d.<\/p>\n<p style=\"text-align: justify;\">1994: Public\u0103 la Editura Albatros antologia Satul rom\u00e2nesc \u00een poezie.<\/p>\n<p style=\"text-align: justify;\">1995: Apare O istorie anecdotic\u0103 a literaturii rom\u00e2ne, care e lansat\u0103 la 28 noiembrie la libr\u0103ria \u201eMihai Eminescu\u201d din Bucure\u015fti, fiind prezentat\u0103 de c\u0103tre Academicianul Dan Grigorescu \u015fi George Sb\u00e2rcea.<\/p>\n<p style=\"text-align: justify;\">1995, septembrie-octombrie: C\u0103l\u0103tore\u015fte \u00een Irak, ca trimis al ziarului \u201eVocea Rom\u00e2niei\u201d la Festivalul Interna\u0163ional de Folclor de la Babilon. Se \u00eentoarce fascinat de cele v\u0103zute acolo, cu numeroase materiale documentare, pe baza c\u0103rora va scrie un ciclu de cinci volume intitulat Divinit\u0103\u0163i, simboluri \u015fi mistere orientale (1999-2003), o monografie, Babilonul, ora\u015ful blestemat (1998) \u015fi un volum de proz\u0103 pentru copii, Pove\u015ftile Babilonului (2000).<\/p>\n<p style=\"text-align: justify;\">Apare volumul Al. I. Odobescu \u015fi Buz\u0103ul.<\/p>\n<p style=\"text-align: justify;\">1996: Apar volumele V. Voiculescu la Parscov \u015fi Cele mai frumoase colinde (antologie \u015fi prefa\u0163\u0103 de&#8230;).<\/p>\n<p style=\"text-align: justify;\">1997: \u201eVocea Rom\u00e2niei\u201d \u00eencet\u00e2ndu-\u015fi apari\u0163ia, este nevoit s\u0103-\u015fi caute un transfer. \u00cel g\u0103se\u015fte la Editura Scripta, unde nu st\u0103 dec\u00e2t dou\u0103 s\u0103pt\u0103m\u00e2ni \u00eentruc\u00e2t angajatorul nu \u015fi-a respectat promisiunea privind salarizarea. De la 1 octombrie se angajeaz\u0103 publicist comentator la revista \u201eManuscriptum\u201d.<\/p>\n<p style=\"text-align: justify;\">Public\u0103 volumele Cafeneaua literar\u0103 \u015fi boemii ei \u015fi Dic\u0163ionar de literatur\u0103 rom\u00e2n\u0103 pentru elevi.<\/p>\n<p style=\"text-align: justify;\">1998, 1 noiembrie: Este angajat, prin concurs, la Consiliul Na\u0163ional al Audiovizualului, cu sarcina de a alc\u0103tui zilnic o \u201eRevist\u0103 a presei\u201d. Nesuport\u00e2nd, \u00eens\u0103, disciplina cazon\u0103 de aici, la 1 iulie 2000 se \u00eentoarce la Muzeul Literaturii Rom\u00e2ne, unde lucreaz\u0103 \u00een redac\u0163ia editurii \u015fi la revista \u201eManuscriptum\u201d.<\/p>\n<p style=\"text-align: justify;\">2000: Apare volumul Deten\u0163ia \u015fi sf\u00e2r\u015fitul lui V. Voiculescu \u015fi Pove\u015ftile Babilonului.<\/p>\n<p style=\"text-align: justify;\">Este inclus cu date despre via\u0163\u0103 \u015fi oper\u0103 \u00een dic\u0163ionarele 2000 de scriitori de excep\u0163ie ai secolului XX \u015fi 2000 de intelectuali de excep\u0163ie ai secolului XX, editate de International Biographecal din Cambridge (Anglia), precum \u015fi \u00een Who&#8217;s who \u00een Rom\u00e2nia (Edi\u0163ia a I-a).<\/p>\n<p style=\"text-align: justify;\">2001: Apare volumul Romanul vie\u0163ii \u015fi operei lui Alexandru Odobescu, distins cu Premiul revistei Tomis \u015fi al Filialei Dobrogea a Uniunii Scriitorilor.<\/p>\n<p style=\"text-align: justify;\">2002: Apar volumele Cafeneaua literar\u0103 \u015fi boema din Rom\u00e2nia de la \u00eenceputuri p\u00e2n\u0103 azi (antologia de texte), Amintirea care ne r\u0103m\u00e2ne (convorbiri \u015fi evoc\u0103ri).<\/p>\n<p style=\"text-align: justify;\">Din aprilie, de la nr. 3 al revistei \u201eSud\u201d, editat\u0103 de prietenul Constantin Carbar\u0103u \u00eencepe o colaborare permanent\u0103 cu aceast\u0103 publica\u0163ie, unde semneaz\u0103 cronica literar\u0103 p\u00e2n\u0103 \u00een anul 2012. \u00centre 2011 \u015fi 2012 este \u015fi redactor \u015fef adjunct, apoi redactor \u015fef al revistei. Decesul prematur al lui Constantin Carbar\u0103u \u015fi lipsa de fonduri duc la \u00eencetarea apari\u0163iei publica\u0163iei la nr. 4 din 2012. Ulterior, o alt\u0103 funda\u0163ie tot din Bolintin Vale va ini\u0163ia o nou\u0103 serie, unde Florentin Popescu este senior editor \u015fi titular al rubricii Am citit despre&#8230;<\/p>\n<p style=\"text-align: justify;\">2003: Apare volumul Via\u0163a lui V. Voiculescu.<\/p>\n<p style=\"text-align: justify;\">2004: Apar volumele V. Voiculescu \u015fi contemporanii lui (antologie de texte) \u015fi Antologia poeziei rom\u00e2ne\u015fti de dragoste.<\/p>\n<p style=\"text-align: justify;\">2005: Apare volumul Necunoscutul Macedonski.<\/p>\n<p style=\"text-align: justify;\">Se pensioneaz\u0103 cu anticipa\u0163ie pentru a se consacra \u00een totalitate scrisului.<\/p>\n<p style=\"text-align: justify;\">La 11 aprilie, la numai o s\u0103pt\u0103m\u00e2n\u0103 dup\u0103 \u00eemplinirea v\u00e2rstei de 60 de ani Prim\u0103ria Municipiului Buz\u0103u \u00eei confer\u0103 titlul de Cet\u0103\u0163ean de Onoare al Municipiului Buz\u0103u.<\/p>\n<p style=\"text-align: justify;\">Apare Dic\u0163ionar de mitologie oriental\u0103 (compediul celor cinci volume de mai \u00eenainte).<\/p>\n<p style=\"text-align: justify;\">2006: Apar volumele Nicolae Labi\u015f (monografie) \u015fi Fotoliul de Onoare (convorbiri, evoc\u0103ri, amintiri).<\/p>\n<p style=\"text-align: justify;\">2007: Apar volumele Colibri, un zbor \u00eentrerupt (monografie), Bucure\u015ftii cafenelelor literare (evoc\u0103ri), Semne \u015fi simboluri, Un mesteac\u0103n r\u0103t\u0103cit \u00een c\u00e2mpie (amintiri), Elegia cailor pierdu\u0163i (versuri, edi\u0163ie bilingv\u0103 rom\u00e2n\u0103-albanez\u0103), Eu v-am citit pe to\u0163i (vol. I) (cronici literare), Florin Mugur \u00een 37 de lecturi critice.<\/p>\n<p style=\"text-align: justify;\">2008: Apar N. Porsenna. O via\u0163\u0103, un destin, o oper\u0103 (monografie), O istorie cultural\u0103 \u00een imagini. De la G. C\u0103linescu la Nichita St\u0103nescu \u015fi Dic\u0163ionar de literatur\u0103 universal\u0103.<\/p>\n<p style=\"text-align: justify;\">2009: Apar E v-am citit pe to\u0163i (vol. II), Siluete pe plajele timpului, Portrete \u00een peni\u0163\u0103.<\/p>\n<p style=\"text-align: justify;\">2010: Apar Noi portrete \u00een peni\u0163\u0103, Scrijelind pe nisipurile Universului (documentar biobibliografic).<\/p>\n<p style=\"text-align: justify;\">2011: Apar Scriitorii din Strada Apolodor, G\u00e2nduri de scriitor (interviuri acordate), Eu v-am citit pe to\u0163i (III), Epigrame cu materialul clientului.<\/p>\n<p style=\"text-align: justify;\">Emil Lungeanu public\u0103 vol. C\u0103l\u0103tor \u00een Parnas. Odiseea literar\u0103 a lui Florentin Popescu, monografie critic\u0103 \u00een versuri, bine primit\u0103 de critica literar\u0103, cunosc\u00e2nd ulterior \u00eenc\u0103 dou\u0103 edi\u0163ii.<\/p>\n<p style=\"text-align: justify;\">La 1 octombrie fondeaz\u0103, \u00eempreun\u0103 cu poetul Coman \u015eova revista lunar\u0103 Bucure\u015ftiul literar \u015fi artistic, al c\u0103rei redactor \u015fef este, semn\u00e2nd \u00een fiecare num\u0103r al acestui lunar editorialul, cronica literar\u0103 \u015fi interviurile publicate sub genericul Seniorii literaturii noastre.<\/p>\n<p style=\"text-align: justify;\">2012: Apar Salonul cu portrete \u00een peni\u0163\u0103, Obsesia p\u0103s\u0103rilor (antologie, Col. Opera Omnia).<\/p>\n<p style=\"text-align: justify;\">2013: Apar Pe simezele memoriei (memorialistic\u0103), Eu v-am citit pe to\u0163i (vol. IV), Coman \u015eova. Omul \u015fi scriitorul.<\/p>\n<p style=\"text-align: justify;\">2014: Apare volumul Seniorii literaturii noastre (I).<\/p>\n<p style=\"text-align: justify;\">Apare volumul Convorbiri cu Corneliu Leu.<\/p>\n<p style=\"text-align: justify;\">2015: Apar volumele De patruzeci de ori \u00een pagina-nt\u00e2ia (editoriale din revista Bucure\u015ftiul literar \u015fi artistic) \u015fi Cheia de aur, Cire\u015ful din copil\u0103rie (dou\u0103 scenarii)<\/p>\n<p style=\"text-align: justify;\"><strong>Florentin Popescu<\/strong> este o prezen\u0163\u0103 apreciat\u0103 \u00een via\u0163a literar\u0103 de azi, particip\u00e2nd la diverse festivaluri \u015fi manifest\u0103ri culturale (din juriul Festivalului de Literatur\u0103 \u201eMo\u015ftenirea V\u0103c\u0103re\u015ftilor\u201d de la T\u00e2rgovi\u015fte face parte de peste trei decenii), prezent\u00e2nd c\u0103r\u0163ile confra\u0163ilor \u00een cadrul unor lans\u0103ri \u015fi t\u00e2rguri. Este de asemenea, solicitat la simpozioane \u015fi colocvii.<\/p>\n<p>&nbsp;<\/p>\n<p align=\"center\">\u00a0<strong><\/strong><\/p>\n<p style=\"text-align: center;\">\u00a0<img loading=\"lazy\" decoding=\"async\" src=\"http:\/\/melidonium.ro\/wp-content\/uploads\/2015\/03\/page.jpg\" alt=\"page\" width=\"404\" height=\"404\" \/><\/p>\n<p>&nbsp;<\/p>\n<p style=\"text-align: center;\"><strong>LA MUL\u021aI ANI !<\/strong><\/p>\n<p style=\"text-align: center;\">Aprilie , 2015<\/p>\n","protected":false},"excerpt":{"rendered":"<p>GRIFON &nbsp; &nbsp; Clipa mea sub form\u0103 de inim\u0103 nelini\u015ftit\u0103, ad\u00e2nc\u0103 \u00eemi adast\u0103-ntre gene \u015fi vine grifonul \u015fi mi-o m\u0103n\u00e2nc\u0103; [&#038;hellip<\/p>\n","protected":false},"author":1,"featured_media":0,"comment_status":"closed","ping_status":"closed","sticky":false,"template":"","format":"standard","meta":{"footnotes":""},"categories":[3],"tags":[],"class_list":["post-22644","post","type-post","status-publish","format-standard","hentry","category-articole"],"_links":{"self":[{"href":"https:\/\/www.marianagurza.ro\/blog\/wp-json\/wp\/v2\/posts\/22644","targetHints":{"allow":["GET"]}}],"collection":[{"href":"https:\/\/www.marianagurza.ro\/blog\/wp-json\/wp\/v2\/posts"}],"about":[{"href":"https:\/\/www.marianagurza.ro\/blog\/wp-json\/wp\/v2\/types\/post"}],"author":[{"embeddable":true,"href":"https:\/\/www.marianagurza.ro\/blog\/wp-json\/wp\/v2\/users\/1"}],"replies":[{"embeddable":true,"href":"https:\/\/www.marianagurza.ro\/blog\/wp-json\/wp\/v2\/comments?post=22644"}],"version-history":[{"count":4,"href":"https:\/\/www.marianagurza.ro\/blog\/wp-json\/wp\/v2\/posts\/22644\/revisions"}],"predecessor-version":[{"id":22648,"href":"https:\/\/www.marianagurza.ro\/blog\/wp-json\/wp\/v2\/posts\/22644\/revisions\/22648"}],"wp:attachment":[{"href":"https:\/\/www.marianagurza.ro\/blog\/wp-json\/wp\/v2\/media?parent=22644"}],"wp:term":[{"taxonomy":"category","embeddable":true,"href":"https:\/\/www.marianagurza.ro\/blog\/wp-json\/wp\/v2\/categories?post=22644"},{"taxonomy":"post_tag","embeddable":true,"href":"https:\/\/www.marianagurza.ro\/blog\/wp-json\/wp\/v2\/tags?post=22644"}],"curies":[{"name":"wp","href":"https:\/\/api.w.org\/{rel}","templated":true}]}}