{"id":22653,"date":"2015-04-01T19:22:27","date_gmt":"2015-04-01T19:22:27","guid":{"rendered":"http:\/\/www.marianagurza.ro\/blog\/?p=22653"},"modified":"2015-04-01T19:23:47","modified_gmt":"2015-04-01T19:23:47","slug":"mi-e-dor-de-dulcea-bucovina","status":"publish","type":"post","link":"https:\/\/www.marianagurza.ro\/blog\/2015\/04\/01\/mi-e-dor-de-dulcea-bucovina\/","title":{"rendered":"Mi-e dor de dulcea Bucovin\u0103"},"content":{"rendered":"<p style=\"text-align: center;\"><a href=\"http:\/\/www.marianagurza.ro\/blog\/wp-content\/uploads\/2015\/04\/mariana-gurza.jpg\"><img loading=\"lazy\" decoding=\"async\" class=\"size-medium wp-image-22655\" title=\"mariana gurza\" src=\"http:\/\/www.marianagurza.ro\/blog\/wp-content\/uploads\/2015\/04\/mariana-gurza-224x300.jpg\" alt=\"\" width=\"224\" height=\"300\" srcset=\"https:\/\/www.marianagurza.ro\/blog\/wp-content\/uploads\/2015\/04\/mariana-gurza-224x300.jpg 224w, https:\/\/www.marianagurza.ro\/blog\/wp-content\/uploads\/2015\/04\/mariana-gurza.jpg 600w\" sizes=\"auto, (max-width: 224px) 100vw, 224px\" \/><\/a><\/p>\n<p><strong>Mi-e dor de dulcea Bucovin\u0103<\/strong><\/p>\n<p>&nbsp;<\/p>\n<p>Privirea se ca\u0163\u0103r\u0103 spre piscuri,<br \/>\nM\u00e2ng\u00e2ind \u00eenaltul \u00een ve\u015fm\u00e2nt.<br \/>\nA\u015f vrea s\u0103 strig, s\u0103 am putere,<br \/>\nS\u0103-mi chem str\u0103mo\u015fii \u00een morm\u00e2nt.<br \/>\nMi-e dor de dulcea Bucovin\u0103,<br \/>\nDe fra\u0163ii mei \u00eensingura\u0163i<br \/>\nCe nu au nici o vin\u0103,<br \/>\nC-am fost de al\u0163ii alunga\u0163i.<br \/>\nSperam, s\u0103 primesc lumina<br \/>\n\u00cen \u0163ara mea, binecuv\u00e2ntat\u0103<br \/>\nDar m-am trezit str\u0103in\u0103,<br \/>\nCu inima-mi \u00eens\u00e2ngerat\u0103.<br \/>\nUit\u0103m s\u0103 fim rom\u00e2ni.<br \/>\nEgoismul ne \u00eempresoar\u0103.<br \/>\nS\u0103rmani bucovineni,<br \/>\nR\u0103t\u0103ci\u0163i prin \u0163ar\u0103,<br \/>\nDe ce simt c\u0103 totul e povar\u0103?<\/p>\n<p>&nbsp;<\/p>\n<p><em>Mariana Gurza<\/em><\/p>\n","protected":false},"excerpt":{"rendered":"<p>Mi-e dor de dulcea Bucovin\u0103 &nbsp; Privirea se ca\u0163\u0103r\u0103 spre piscuri, M\u00e2ng\u00e2ind \u00eenaltul \u00een ve\u015fm\u00e2nt. A\u015f vrea s\u0103 strig, s\u0103 [&#038;hellip<\/p>\n","protected":false},"author":1,"featured_media":0,"comment_status":"closed","ping_status":"closed","sticky":false,"template":"","format":"standard","meta":{"footnotes":""},"categories":[3],"tags":[],"class_list":["post-22653","post","type-post","status-publish","format-standard","hentry","category-articole"],"_links":{"self":[{"href":"https:\/\/www.marianagurza.ro\/blog\/wp-json\/wp\/v2\/posts\/22653","targetHints":{"allow":["GET"]}}],"collection":[{"href":"https:\/\/www.marianagurza.ro\/blog\/wp-json\/wp\/v2\/posts"}],"about":[{"href":"https:\/\/www.marianagurza.ro\/blog\/wp-json\/wp\/v2\/types\/post"}],"author":[{"embeddable":true,"href":"https:\/\/www.marianagurza.ro\/blog\/wp-json\/wp\/v2\/users\/1"}],"replies":[{"embeddable":true,"href":"https:\/\/www.marianagurza.ro\/blog\/wp-json\/wp\/v2\/comments?post=22653"}],"version-history":[{"count":4,"href":"https:\/\/www.marianagurza.ro\/blog\/wp-json\/wp\/v2\/posts\/22653\/revisions"}],"predecessor-version":[{"id":22658,"href":"https:\/\/www.marianagurza.ro\/blog\/wp-json\/wp\/v2\/posts\/22653\/revisions\/22658"}],"wp:attachment":[{"href":"https:\/\/www.marianagurza.ro\/blog\/wp-json\/wp\/v2\/media?parent=22653"}],"wp:term":[{"taxonomy":"category","embeddable":true,"href":"https:\/\/www.marianagurza.ro\/blog\/wp-json\/wp\/v2\/categories?post=22653"},{"taxonomy":"post_tag","embeddable":true,"href":"https:\/\/www.marianagurza.ro\/blog\/wp-json\/wp\/v2\/tags?post=22653"}],"curies":[{"name":"wp","href":"https:\/\/api.w.org\/{rel}","templated":true}]}}