{"id":22664,"date":"2015-04-01T22:19:06","date_gmt":"2015-04-01T22:19:06","guid":{"rendered":"http:\/\/www.marianagurza.ro\/blog\/?p=22664"},"modified":"2015-04-01T22:19:06","modified_gmt":"2015-04-01T22:19:06","slug":"anna-nora-rotaru-cu-trupul-tau","status":"publish","type":"post","link":"https:\/\/www.marianagurza.ro\/blog\/2015\/04\/01\/anna-nora-rotaru-cu-trupul-tau\/","title":{"rendered":"Anna Nora Rotaru: Cu trupul t\u0103u"},"content":{"rendered":"<p style=\"text-align: center;\"><a href=\"http:\/\/www.marianagurza.ro\/blog\/wp-content\/uploads\/2015\/04\/nora.jpg\"><img loading=\"lazy\" decoding=\"async\" class=\"size-medium wp-image-22665\" title=\"nora\" src=\"http:\/\/www.marianagurza.ro\/blog\/wp-content\/uploads\/2015\/04\/nora-221x300.jpg\" alt=\"\" width=\"221\" height=\"300\" srcset=\"https:\/\/www.marianagurza.ro\/blog\/wp-content\/uploads\/2015\/04\/nora-221x300.jpg 221w, https:\/\/www.marianagurza.ro\/blog\/wp-content\/uploads\/2015\/04\/nora-754x1024.jpg 754w, https:\/\/www.marianagurza.ro\/blog\/wp-content\/uploads\/2015\/04\/nora.jpg 883w\" sizes=\"auto, (max-width: 221px) 100vw, 221px\" \/><\/a><\/p>\n<p><strong>Cu trupul\u00a0t\u0103u<\/strong><\/p>\n<p>&nbsp;<\/p>\n<p>Cu trupul t\u0103u, penel\u2026 am s\u0103 pictez vreo frunz\u0103\u2026<\/p>\n<p>\u0218i-o voi stropi-n culori, din cele vii de toamn\u0103!<\/p>\n<p>O voi a\u0219terne pe ochiu-mi vis\u0103tor, pe arsa buz\u0103<\/p>\n<p>S\u0103-i simt ce gustul \u0219i culoarea-n mine-nseamn\u0103.<\/p>\n<p>&nbsp;<\/p>\n<p>Cu trupul t\u0103u\u2026 la frunz\u0103-i voi picta \u0219i-o floare\u2026<\/p>\n<p>Poate vreun trandafir de foc, sau poate-o garofi\u021b\u0103!<\/p>\n<p>Din inima-\u021bi aprins\u0103, c\u00e2\u021biva stropi s\u0103-i dau culoare,<\/p>\n<p>S-o pun la butonier\u0103, legat\u0103 cu-a ta de p\u0103r \u0219uvi\u021b\u0103!<\/p>\n<p>&nbsp;<\/p>\n<p>Cu trupul t\u0103u\u2026 am s\u0103-i pictez \u0219i-un petic de p\u0103m\u00e2nt\u2026<\/p>\n<p>Voi face \u0219i-un copac, ca umbra lui s-o r\u0103coreasc\u0103!<\/p>\n<p>Cu-a ta iubire-am s-ocrotesc, cu-al t\u0103u dulce cuv\u00e2nt,<\/p>\n<p>Mai mult spre cer s\u0103 se \u00eenal\u021be \u0219i-apoi s\u0103-mboboceas\u0103!<\/p>\n<p>&nbsp;<\/p>\n<p>Cu trupul t\u0103u\u2026 am s\u0103-i pictez prin preajm-un izvora\u0219\u2026<\/p>\n<p>S\u0103-i clipoceasc-al\u0103turi, \u00eembietor, precum a tale \u0219oapte!<\/p>\n<p>Pe petale-i voi picta, f\u0103c\u00e2ndu-\u0219i culcu\u0219 vreun flutura\u0219,<\/p>\n<p>De-ur\u00e2t s\u0103-i \u021bie, c\u00e2nd s-o l\u0103sa perdeaua grea, de noapte!<\/p>\n<p>&nbsp;<\/p>\n<p>Cu trupul t\u0103u\u2026 am s\u0103 pictez pe bolta cereasc\u0103 Aurora\u2026<\/p>\n<p>De prin ea, poate voi z\u0103ri chipul t\u0103u iubit, de ZEU!<\/p>\n<p>Cu stropi de rou\u0103, pe garofi\u021b\u0103-n zori, voi boteza-o NORA,<\/p>\n<p>Iar tu cu ea r\u0103m\u00e2i\u2026 trup \u0219i suflet, la bine \u0219i la greu!<\/p>\n<p><strong>\u00a0<\/strong><\/p>\n<p align=\"center\"><strong>Anna Nora Rotaru<\/strong><\/p>\n<p>&nbsp;<\/p>\n","protected":false},"excerpt":{"rendered":"<p>Cu trupul\u00a0t\u0103u &nbsp; Cu trupul t\u0103u, penel\u2026 am s\u0103 pictez vreo frunz\u0103\u2026 \u0218i-o voi stropi-n culori, din cele vii de [&#038;hellip<\/p>\n","protected":false},"author":1,"featured_media":0,"comment_status":"closed","ping_status":"closed","sticky":false,"template":"","format":"standard","meta":{"footnotes":""},"categories":[3],"tags":[],"class_list":["post-22664","post","type-post","status-publish","format-standard","hentry","category-articole"],"_links":{"self":[{"href":"https:\/\/www.marianagurza.ro\/blog\/wp-json\/wp\/v2\/posts\/22664","targetHints":{"allow":["GET"]}}],"collection":[{"href":"https:\/\/www.marianagurza.ro\/blog\/wp-json\/wp\/v2\/posts"}],"about":[{"href":"https:\/\/www.marianagurza.ro\/blog\/wp-json\/wp\/v2\/types\/post"}],"author":[{"embeddable":true,"href":"https:\/\/www.marianagurza.ro\/blog\/wp-json\/wp\/v2\/users\/1"}],"replies":[{"embeddable":true,"href":"https:\/\/www.marianagurza.ro\/blog\/wp-json\/wp\/v2\/comments?post=22664"}],"version-history":[{"count":2,"href":"https:\/\/www.marianagurza.ro\/blog\/wp-json\/wp\/v2\/posts\/22664\/revisions"}],"predecessor-version":[{"id":22667,"href":"https:\/\/www.marianagurza.ro\/blog\/wp-json\/wp\/v2\/posts\/22664\/revisions\/22667"}],"wp:attachment":[{"href":"https:\/\/www.marianagurza.ro\/blog\/wp-json\/wp\/v2\/media?parent=22664"}],"wp:term":[{"taxonomy":"category","embeddable":true,"href":"https:\/\/www.marianagurza.ro\/blog\/wp-json\/wp\/v2\/categories?post=22664"},{"taxonomy":"post_tag","embeddable":true,"href":"https:\/\/www.marianagurza.ro\/blog\/wp-json\/wp\/v2\/tags?post=22664"}],"curies":[{"name":"wp","href":"https:\/\/api.w.org\/{rel}","templated":true}]}}