{"id":22690,"date":"2015-04-02T19:30:53","date_gmt":"2015-04-02T19:30:53","guid":{"rendered":"http:\/\/www.marianagurza.ro\/blog\/?p=22690"},"modified":"2015-04-02T21:22:23","modified_gmt":"2015-04-02T21:22:23","slug":"la-aniversara-cristian-tirlea-lumea-ta-franco-roumain","status":"publish","type":"post","link":"https:\/\/www.marianagurza.ro\/blog\/2015\/04\/02\/la-aniversara-cristian-tirlea-lumea-ta-franco-roumain\/","title":{"rendered":"La aniversar\u0103 &#8211; Cristian \u021a\u00eerlea: Lumea ta  (franco-roumain)"},"content":{"rendered":"<p style=\"text-align: center;\"><a href=\"http:\/\/www.marianagurza.ro\/blog\/wp-content\/uploads\/2015\/04\/cristian-t\u00eerlea1.jpg\"><img loading=\"lazy\" decoding=\"async\" class=\"size-medium wp-image-22691\" title=\"cristian t\u00eerlea1\" src=\"http:\/\/www.marianagurza.ro\/blog\/wp-content\/uploads\/2015\/04\/cristian-t\u00eerlea1-216x300.jpg\" alt=\"\" width=\"216\" height=\"300\" srcset=\"https:\/\/www.marianagurza.ro\/blog\/wp-content\/uploads\/2015\/04\/cristian-t\u00eerlea1-216x300.jpg 216w, https:\/\/www.marianagurza.ro\/blog\/wp-content\/uploads\/2015\/04\/cristian-t\u00eerlea1.jpg 358w\" sizes=\"auto, (max-width: 216px) 100vw, 216px\" \/><\/a><\/p>\n<p><strong>LUMEA TA<br \/>\n<\/strong><em>\u00a0\u00a0\u00a0\u00a0\u00a0\u00a0\u00a0\u00a0\u00a0 iubitei mele, Ioana Manolache !<\/em><\/p>\n<p>&nbsp;<\/p>\n<p>\u00cen bra\u021bele tale sunt peste tot.<\/p>\n<p>&nbsp;<\/p>\n<p>M\u0103 simt ca un Negru \u00een z\u0103pad\u0103&#8230;<br \/>\nContrariat.<br \/>\nPerplex.<br \/>\nS\u0103n\u0103tos.<br \/>\nFrumos.<br \/>\nFericit.<\/p>\n<p>&nbsp;<\/p>\n<p>\u00cemi place \u0219i m\u0103 doare.<br \/>\nM\u0103 doare foarte tare.<\/p>\n<p>&nbsp;<\/p>\n<p>Poate c\u0103 nu te \u00een\u0219eli prea mult&#8230;<br \/>\nDac\u0103 r\u0103zuim, un pic, vedem raiul.<\/p>\n<p>&nbsp;<\/p>\n<p>\u00cemi re\u021bin lacrimile.<\/p>\n<p>&nbsp;<\/p>\n<p>Iubirea este&#8230;tu.<\/p>\n<p>&nbsp;<\/p>\n<p>Miroase a margarete.<br \/>\nEste v\u00e2njoas\u0103.<br \/>\nEste.<br \/>\nCe bine c\u0103 este!<\/p>\n<p>&nbsp;<\/p>\n<p>Iubesc!<br \/>\nIubesc c\u00e2t pot!<\/p>\n<p>&nbsp;<\/p>\n<p>Florile m\u0103-nc\u00e2nt\u0103.<br \/>\nSoarele m\u0103-nc\u00e2nt\u0103.<br \/>\nLuna m\u0103-nc\u00e2nt\u0103.<\/p>\n<p>Tu m\u0103-nc\u00e2n\u021bi.<\/p>\n<p>&nbsp;<\/p>\n<p>M\u0103-mb\u0103t cu sentimente.<\/p>\n<p>&nbsp;<\/p>\n<p>Poezia, rima, s\u0103rutul, dorul,<br \/>\nsunt alia\u021bii mei.<\/p>\n<p>&nbsp;<\/p>\n<p>Sunt un tot \u00een&#8230;<\/p>\n<p>Lumea ta.<\/p>\n<p>&nbsp;<\/p>\n<p>&nbsp;<\/p>\n<p><strong>TON MONDE<\/strong><br \/>\n<em>\u00a0\u00a0\u00a0\u00a0\u00a0\u00a0\u00a0\u00a0\u00a0\u00a0\u00a0\u00a0 \u00e0 ma bien-aim\u00e9e, Ioana Manolache !<\/em><\/p>\n<p><em>\u00a0<\/em><\/p>\n<p><strong>\u00a0<\/strong><\/p>\n<p>Dans tes bras je suis partout.<\/p>\n<p>&nbsp;<\/p>\n<p>Je me sens comme un Noir dans la neige&#8230;<br \/>\nContrari\u00e9.<br \/>\nPerplexe.<br \/>\nSain.<br \/>\nBeau.<br \/>\nHeureux.<\/p>\n<p>&nbsp;<\/p>\n<p>J&#8217;aime et \u00e7a me fait mal.<br \/>\nTr\u00e8s mal.<\/p>\n<p>&nbsp;<\/p>\n<p>Peut-\u00eatre tu n&#8217;as pas tout \u00e0 fait tort&#8230;<br \/>\nSi nous grattons, un peu, on aper\u00e7oit le paradis.<\/p>\n<p>&nbsp;<\/p>\n<p>Je retiens mes larmes.<\/p>\n<p>L&#8217;amour c&#8217;est&#8230;toi.<\/p>\n<p>&nbsp;<\/p>\n<p>\u00c7a sent les marguerites.<br \/>\nIl est vigoureux.<br \/>\nIl est!<br \/>\nComme c&#8217;est bien qu&#8217;il est!<\/p>\n<p>&nbsp;<\/p>\n<p>J&#8217;aime!<br \/>\nJ&#8217;aime autant que je peux!<\/p>\n<p>&nbsp;<\/p>\n<p>Les fleurs m&#8217; enchantent.<br \/>\nLe Soleil m&#8217;enchante.<br \/>\nLa Lune m&#8217;enchante.<\/p>\n<p>&nbsp;<\/p>\n<p>Tu m&#8217;enchantes.<\/p>\n<p>&nbsp;<\/p>\n<p>Je m&#8217;enivre avec des sentiments.<\/p>\n<p>&nbsp;<\/p>\n<p>La po\u00e9sie, la rime, le baiser, le d\u00e9sir,<br \/>\nsont mes alli\u00e9s.<\/p>\n<p>&nbsp;<\/p>\n<p>Je suis un tout dans&#8230;<\/p>\n<p>&nbsp;<\/p>\n<p>Ton monde!<\/p>\n<p>&nbsp;<\/p>\n<p align=\"center\"><strong>Cristian \u0162\u00eerlea<\/strong><\/p>\n<p align=\"center\"><strong>La mul\u021bi ani!<\/strong><\/p>\n<p align=\"center\">Aprilie, 2015<\/p>\n<p align=\"center\"><strong>\u00a0<\/strong><\/p>\n","protected":false},"excerpt":{"rendered":"<p>LUMEA TA \u00a0\u00a0\u00a0\u00a0\u00a0\u00a0\u00a0\u00a0\u00a0 iubitei mele, Ioana Manolache ! &nbsp; \u00cen bra\u021bele tale sunt peste tot. &nbsp; M\u0103 simt ca un [&#038;hellip<\/p>\n","protected":false},"author":1,"featured_media":0,"comment_status":"closed","ping_status":"closed","sticky":false,"template":"","format":"standard","meta":{"footnotes":""},"categories":[3],"tags":[],"class_list":["post-22690","post","type-post","status-publish","format-standard","hentry","category-articole"],"_links":{"self":[{"href":"https:\/\/www.marianagurza.ro\/blog\/wp-json\/wp\/v2\/posts\/22690","targetHints":{"allow":["GET"]}}],"collection":[{"href":"https:\/\/www.marianagurza.ro\/blog\/wp-json\/wp\/v2\/posts"}],"about":[{"href":"https:\/\/www.marianagurza.ro\/blog\/wp-json\/wp\/v2\/types\/post"}],"author":[{"embeddable":true,"href":"https:\/\/www.marianagurza.ro\/blog\/wp-json\/wp\/v2\/users\/1"}],"replies":[{"embeddable":true,"href":"https:\/\/www.marianagurza.ro\/blog\/wp-json\/wp\/v2\/comments?post=22690"}],"version-history":[{"count":6,"href":"https:\/\/www.marianagurza.ro\/blog\/wp-json\/wp\/v2\/posts\/22690\/revisions"}],"predecessor-version":[{"id":22693,"href":"https:\/\/www.marianagurza.ro\/blog\/wp-json\/wp\/v2\/posts\/22690\/revisions\/22693"}],"wp:attachment":[{"href":"https:\/\/www.marianagurza.ro\/blog\/wp-json\/wp\/v2\/media?parent=22690"}],"wp:term":[{"taxonomy":"category","embeddable":true,"href":"https:\/\/www.marianagurza.ro\/blog\/wp-json\/wp\/v2\/categories?post=22690"},{"taxonomy":"post_tag","embeddable":true,"href":"https:\/\/www.marianagurza.ro\/blog\/wp-json\/wp\/v2\/tags?post=22690"}],"curies":[{"name":"wp","href":"https:\/\/api.w.org\/{rel}","templated":true}]}}