{"id":22734,"date":"2015-04-05T14:40:09","date_gmt":"2015-04-05T14:40:09","guid":{"rendered":"http:\/\/www.marianagurza.ro\/blog\/?p=22734"},"modified":"2015-04-05T14:40:09","modified_gmt":"2015-04-05T14:40:09","slug":"roxana-cristian-ramura-de-salcie","status":"publish","type":"post","link":"https:\/\/www.marianagurza.ro\/blog\/2015\/04\/05\/roxana-cristian-ramura-de-salcie\/","title":{"rendered":"Roxana CRISTIAN: Ramura de salcie"},"content":{"rendered":"<p style=\"text-align: center;\"><a href=\"http:\/\/www.marianagurza.ro\/blog\/wp-content\/uploads\/2015\/04\/ramura-de-salcie.jpg\"><img loading=\"lazy\" decoding=\"async\" class=\"size-medium wp-image-22735\" title=\"ramura de salcie\" src=\"http:\/\/www.marianagurza.ro\/blog\/wp-content\/uploads\/2015\/04\/ramura-de-salcie-300x168.jpg\" alt=\"\" width=\"300\" height=\"168\" srcset=\"https:\/\/www.marianagurza.ro\/blog\/wp-content\/uploads\/2015\/04\/ramura-de-salcie-300x168.jpg 300w, https:\/\/www.marianagurza.ro\/blog\/wp-content\/uploads\/2015\/04\/ramura-de-salcie.jpg 800w\" sizes=\"auto, (max-width: 300px) 100vw, 300px\" \/><\/a><\/p>\n<p style=\"text-align: justify;\">Cum s\u0103 s\u0103rb\u0103torim Duminica Floriilor c\u00e2nd \u015ftim c\u0103 orice s\u0103rb\u0103toare, orice zi, orice or\u0103 din via\u0163a cre\u015ftin\u0103 este \u00eens\u0103\u015fi via\u0163a Logosului \u00eentrupat?<\/p>\n<p style=\"text-align: justify;\">\n<p style=\"text-align: justify;\">S\u0103rb\u0103toarea cuprinde deodat\u0103 slava, frumu\u00adse\u0163ea \u015fi m\u0103rirea lui Dumnezeu, dar \u015fi patimile kenozei Sale p\u00e2n\u0103 la moartea pe cruce. De dureri \u015fi de necazuri \u015ftim s\u0103 ne pl\u00e2ngem \u015fi s\u0103 le respingem, dar ne ferim s\u0103 preschimb\u0103m \u00eentrist\u0103rile noastre, dup\u0103 f\u0103g\u0103duin\u0163a Domnului, \u00een Bucurie: \u201cV\u0103 ve\u0163i \u00eentrista, dar \u00eentristarea voastr\u0103 se va preface \u00een bucurie\u201d(Ioan 16, 24) \u015fi iar\u0103\u015fi \u00een \u201cbucurie\u201d(Ioan 16, 21-22) \u015fi \u00eenc\u0103 \u00een \u201cbucurie deplin\u0103\u201d (Ioan 16, 24).<\/p>\n<p style=\"text-align: justify;\">\n<p style=\"text-align: justify;\">Cum s\u0103 urm\u0103m \u00eendemnul de azi al Apostolului: \u201cBucura\u0163i-v\u0103 totdeauna \u00een Domnul! \u015ei iar\u0103\u015fi zic: Bucura\u0163i-v\u0103!\u201d (Filipeni 4,4)? Cum s\u0103 ie\u015fim din egoismul nostru contraf\u0103cut care ne opre\u015fte respira\u0163ia, cum s\u0103 ie\u015fim \u00een \u00eent\u00e2mpinarea Domnului nostru Iisus Hristos cu ramuri de finic? Cum s\u0103 \u00eenflorim \u00een ziua Floriilor dup\u0103 c\u00e2ntarea psalmistului: \u201cDreptul ca finicul va \u00eenflori\u201d? Cum s\u0103 ne altoim ml\u0103di\u0163a de salcie \u2013 semnul de recunoa\u015ftere \u2013 \u00eentru asem\u0103narea sceptrului purtat de \u00cengerii de l\u00e2ng\u0103 stejarul de la Mamvri? Cum s\u0103 ie\u015fim din h\u0103\u0163i\u015ful unde se ascunde vechiul Adam? Cum s\u0103 ie\u015fim din \u015ferpuirea des-fiin\u0163\u0103rii \u015fi s\u0103 ne \u00eentoarcem \u00een Lumina \u00een-Fiin\u0163\u0103rii, l\u00e2ng\u0103 Arborele Vie\u0163ii din gr\u0103dina Duhului?<\/p>\n<p style=\"text-align: justify;\">\n<p style=\"text-align: justify;\">Seva salciei \u00ee\u015fi \u00eempr\u0103\u015ftie mireasma asemenea miru\u00adlui de nard cu care ast\u0103zi Maria a uns picioarele M\u00e2ntuitorului \u2013 urmele indelebile ale Fiin\u0163ei \u2013 \u015fi le-a \u015fters cu p\u0103rul capului ei (Ioan 12, 3), astfel alipindu-se la Iubirea des\u0103v\u00e2r\u015fit\u0103. Seva aceasta sfin\u0163it\u0103 s\u0103 o l\u0103s\u0103m s\u0103 se r\u0103sp\u00e2ndeasc\u0103 \u015fi p\u00e2n\u0103 la marginile fiin\u0163ei noastre \u015fi s\u0103 ne cuprind\u0103 statura duhovniceasc\u0103. Ni s-a d\u0103ruit \u00een m\u00e2ini ramura fraged\u0103 \u2013 replica fragil\u0103 \u2013 a sabiei \u00eenv\u0103p\u0103iate a Heruvimului care p\u0103ze\u015fte u\u015fa interzis\u0103. La adierea bl\u00e2nd\u0103 a ripidei \u00eenverzite v\u0103paia se r\u0103core\u015fte \u015fi u\u015fa se deschide c\u0103ci avem Arhiereu mare care S-a f\u0103cut pentru noi u\u015f\u0103, dup\u0103 cum \u00censu\u015fi m\u0103r\u00adturise\u015fte: \u201eEu sunt u\u015fa; de va intra cineva prin Mine se va m\u00e2ntui \u2026\u201d (Ioan 10, 9).<\/p>\n<p style=\"text-align: justify;\">\n<p style=\"text-align: justify;\">S\u0103 consim\u0163im azi ca sceptrul pe care l-am primit \u00een Biseric\u0103 s\u0103 ne r\u0103neasc\u0103 inima cu tremurul lui necreat, cu dumnezeiescul fior de Florii. S\u0103 deschidem cu curaj por\u0163ile ferecate ale inimii ca s\u0103 intre \u00cemp\u0103ratul slavei c\u0103ci ast\u0103zi ne veste\u015fte Duhul: \u201cNu te teme fiica Sionului! Iat\u0103 \u00cemp\u0103ratul t\u0103u vine la tine!\u201d<\/p>\n<p style=\"text-align: justify;\">\n<p>&nbsp;<\/p>\n<p style=\"text-align: center;\"><strong>Roxana CRISTIAN<\/strong><\/p>\n<p style=\"text-align: center;\"><strong>Ziua de Florii<\/strong><\/p>\n<p style=\"text-align: center;\"><strong>Duminic\u0103, 5 aprilie 2015<\/strong><\/p>\n<p style=\"text-align: center;\"><strong>Bucuresti<\/strong><\/p>\n<p>&nbsp;<\/p>\n","protected":false},"excerpt":{"rendered":"<p>Cum s\u0103 s\u0103rb\u0103torim Duminica Floriilor c\u00e2nd \u015ftim c\u0103 orice s\u0103rb\u0103toare, orice zi, orice or\u0103 din via\u0163a cre\u015ftin\u0103 este \u00eens\u0103\u015fi via\u0163a [&#038;hellip<\/p>\n","protected":false},"author":1,"featured_media":0,"comment_status":"closed","ping_status":"closed","sticky":false,"template":"","format":"standard","meta":{"footnotes":""},"categories":[3],"tags":[],"class_list":["post-22734","post","type-post","status-publish","format-standard","hentry","category-articole"],"_links":{"self":[{"href":"https:\/\/www.marianagurza.ro\/blog\/wp-json\/wp\/v2\/posts\/22734","targetHints":{"allow":["GET"]}}],"collection":[{"href":"https:\/\/www.marianagurza.ro\/blog\/wp-json\/wp\/v2\/posts"}],"about":[{"href":"https:\/\/www.marianagurza.ro\/blog\/wp-json\/wp\/v2\/types\/post"}],"author":[{"embeddable":true,"href":"https:\/\/www.marianagurza.ro\/blog\/wp-json\/wp\/v2\/users\/1"}],"replies":[{"embeddable":true,"href":"https:\/\/www.marianagurza.ro\/blog\/wp-json\/wp\/v2\/comments?post=22734"}],"version-history":[{"count":2,"href":"https:\/\/www.marianagurza.ro\/blog\/wp-json\/wp\/v2\/posts\/22734\/revisions"}],"predecessor-version":[{"id":22737,"href":"https:\/\/www.marianagurza.ro\/blog\/wp-json\/wp\/v2\/posts\/22734\/revisions\/22737"}],"wp:attachment":[{"href":"https:\/\/www.marianagurza.ro\/blog\/wp-json\/wp\/v2\/media?parent=22734"}],"wp:term":[{"taxonomy":"category","embeddable":true,"href":"https:\/\/www.marianagurza.ro\/blog\/wp-json\/wp\/v2\/categories?post=22734"},{"taxonomy":"post_tag","embeddable":true,"href":"https:\/\/www.marianagurza.ro\/blog\/wp-json\/wp\/v2\/tags?post=22734"}],"curies":[{"name":"wp","href":"https:\/\/api.w.org\/{rel}","templated":true}]}}