{"id":22738,"date":"2015-04-05T14:48:00","date_gmt":"2015-04-05T14:48:00","guid":{"rendered":"http:\/\/www.marianagurza.ro\/blog\/?p=22738"},"modified":"2015-04-05T14:48:57","modified_gmt":"2015-04-05T14:48:57","slug":"parintele-justin-interesul-national-este-invierea-la-multi-ani-florilor-neamului-romanesc-din-gradina-maicii-domnului","status":"publish","type":"post","link":"https:\/\/www.marianagurza.ro\/blog\/2015\/04\/05\/parintele-justin-interesul-national-este-invierea-la-multi-ani-florilor-neamului-romanesc-din-gradina-maicii-domnului\/","title":{"rendered":"P\u0103rintele Justin: INTERESUL NA\u0162IONAL ESTE \u00ceNVIEREA! La Mul\u0163i Ani florilor neamului rom\u00e2nesc din Gr\u0103dina Maicii Domnului"},"content":{"rendered":"<p style=\"text-align: justify;\"><em><a href=\"http:\/\/www.marianagurza.ro\/blog\/wp-content\/uploads\/2015\/04\/Parintele-Justin-Parvu-Marturisitorul-Foto-de-Cristina-Nichitus-Roncea-Un-An-Nou-binecuvantat-2014.jpg\"><img loading=\"lazy\" decoding=\"async\" class=\"alignleft size-medium wp-image-22739\" title=\"Parintele-Justin-Parvu-Marturisitorul-Foto-de-Cristina-Nichitus-Roncea-Un-An-Nou-binecuvantat-2014\" src=\"http:\/\/www.marianagurza.ro\/blog\/wp-content\/uploads\/2015\/04\/Parintele-Justin-Parvu-Marturisitorul-Foto-de-Cristina-Nichitus-Roncea-Un-An-Nou-binecuvantat-2014-181x300.jpg\" alt=\"\" width=\"181\" height=\"300\" srcset=\"https:\/\/www.marianagurza.ro\/blog\/wp-content\/uploads\/2015\/04\/Parintele-Justin-Parvu-Marturisitorul-Foto-de-Cristina-Nichitus-Roncea-Un-An-Nou-binecuvantat-2014-181x300.jpg 181w, https:\/\/www.marianagurza.ro\/blog\/wp-content\/uploads\/2015\/04\/Parintele-Justin-Parvu-Marturisitorul-Foto-de-Cristina-Nichitus-Roncea-Un-An-Nou-binecuvantat-2014-620x1024.jpg 620w, https:\/\/www.marianagurza.ro\/blog\/wp-content\/uploads\/2015\/04\/Parintele-Justin-Parvu-Marturisitorul-Foto-de-Cristina-Nichitus-Roncea-Un-An-Nou-binecuvantat-2014.jpg 700w\" sizes=\"auto, (max-width: 181px) 100vw, 181px\" \/><\/a>&#8211; Care ar fi acum, p\u0103rinte, la ceas de derut\u0103, interesul na\u0163ional pentru neamul rom\u00e2nesc?<\/em><\/p>\n<p style=\"text-align: justify;\">\u2013 Redresarea moral\u0103, lupta \u00eempotriva patimilor din noi, re\u00eennoirea vie\u0163ii noastre spirituale \u015fi revenirea la f\u0103ga\u015ful nostru de origine.<\/p>\n<p style=\"text-align: justify;\"><em>&#8211; De\u0163inem oare noi, rom\u00e2nii, vre-o comoar\u0103 de se \u00eenver\u015funeaz\u0103 to\u0163i \u015fi toate \u00eempotriva noastr\u0103? <\/em><\/p>\n<p style=\"text-align: justify;\">\u2013 Comoara rom\u00e2nilor este credin\u0163a ortodox\u0103. Toat\u0103 lucrarea r\u0103ului este \u00eendreptat\u0103 \u00eempotriva ei. C\u00e2t\u0103 vreme exist\u0103 via\u0163\u0103 monahal\u0103 nu e totul pierdut. Cei \u00eenver\u015funa\u0163i \u00eempotriv\u0103 nu ne vor neap\u0103rat numai teritoriile, ci, mai ales, distrugerea spiritului rom\u00e2nesc, sec\u0103tuirea lui pic\u0103tur\u0103 cu pic\u0103tur\u0103. Se lucreaz\u0103 extrem de subtil la aceasta!<\/p>\n<p style=\"text-align: justify;\"><em>&#8211; T\u0103v\u0103lugul vie\u0163ii moderne de consum cu orice pre\u0163, nu mai poate fi oprit! <\/em><\/p>\n<p style=\"text-align: justify;\">\u2013 Via\u0163a modern\u0103 este cu at\u00e2t mai periculoas\u0103 cu c\u00e2t noi ne \u00eendep\u0103rt\u0103m de originea noastr\u0103. Nu mai avem tradi\u0163ii, obiceiuri, straiele noastre, \u0163inuta noastr\u0103\u2026 Le-am anulat, \u00eembr\u0103\u0163i\u015f\u00e2nd tot ceea ce este str\u0103in spiritului nostru. Aceasta este o sl\u0103biciune \u2013 s\u0103 iei mai \u00eent\u00e2i tot r\u0103ul de la celelalte popoare.<\/p>\n<p style=\"text-align: justify;\"><em>&#8211; \u00cen cine st\u0103 n\u0103dejdea salv\u0103rii?<\/em><\/p>\n<p style=\"text-align: justify;\">\u2013 Tinerii! \u015ecoala trebuie s\u0103-i rec\u00e2\u015ftige pentru via\u0163a moral\u0103 spre regenerarea spiritual\u0103. \u015ei familia! Dac\u0103 un t\u00e2n\u0103r cre\u015fte \u00eentr-o familie s\u0103n\u0103toas\u0103, el va putea, prin \u015fcoal\u0103 \u015fi biseric\u0103, s\u0103 se \u00eemplineasc\u0103 \u015fi \u00een societate.<\/p>\n<p style=\"text-align: justify;\"><em>&#8211; Dar tinerii au nevoie de modele! <\/em><\/p>\n<p style=\"text-align: justify;\">\u2013 Vie\u0163ile sfin\u0163ilor \u015fi modelele de via\u0163\u0103 ale \u00eenainta\u015filor no\u015ftri, de la \u015etefan cel Mare, dac\u0103 nu mai dinainte \u015fi p\u00e2n\u0103 \u00een zilele noastre. Altele nu pot fi!<\/p>\n<p style=\"text-align: justify;\"><em>&#8211; Pe ce ar trebui s\u0103 se sprijine \u0163ara \u015fi omul?<\/em><\/p>\n<p style=\"text-align: justify;\">\u2013 \u0162ara pe biseric\u0103, armat\u0103 \u015fi \u015fcoal\u0103, iar omul pe familie.<\/p>\n<p style=\"text-align: justify;\"><em>&#8211; Ce-i sf\u0103tui\u0163i pe rom\u00e2ni acum, c\u00e2nd to\u0163i par deruta\u0163i!<\/em><\/p>\n<p style=\"text-align: justify;\">\u2013 S\u0103 asculte numai de g\u00e2ndul lui Hristos: \u201cEu sunt Calea, Adev\u0103rul \u015fi Via\u0163a\u201d.<\/p>\n<p style=\"text-align: justify;\"><strong>Rom\u00e2nia \u2013 Gr\u0103dina Maicii Domnului<\/strong><\/p>\n<p style=\"text-align: justify;\"><em>&#8211; De ce \u00een popor i se spune \u0162\u0103rii \u2013 \u201cGr\u0103dina Maicii Domnului\u201d?<\/em><\/p>\n<p style=\"text-align: justify;\">\u2013 C\u00e2nd Dumnezeu a \u00eemp\u0103r\u0163it neamurilor teritoriile ca mo\u015ftenire a sa, rom\u00e2nii, cu bunul lor sim\u0163 caracteristic au dat \u00eent\u00e2ietate tot altora. C\u00e2nd au ajuns \u015fi ei, \u00een sf\u00e2r\u015fit, la mila Domnului, nu mai era nimic de \u00eemp\u0103r\u0163it. Sf\u00e2ntul Petru a dat din umeri \u015fi atunci, v\u0103z\u00e2nd smerenia rom\u00e2nilor, Dumnezeu a spus: \u201cPetre, d\u0103-le un col\u0163 din Gr\u0103dina Raiului\u201d. Dincolo de poveste, adev\u0103rat este c\u0103 Maica Domnului e aici, cu noi. (\u2026)<\/p>\n<p style=\"text-align: justify;\"><strong>Interesul na\u0163ional este \u00cenvierea!<\/strong><\/p>\n<p style=\"text-align: justify;\"><em>&#8211; Concluzia pe care o putem sublinia, pentru cititori, ar fi aceea c\u0103 interesul na\u0163ional se identific\u0103 pentru orice neam, cu \u0163elul s\u0103u final. Care este el \u015fi pentru noi \u015fi pentru al\u0163ii, via\u0163a neamului sau eternitatea sc\u00e2nteii sale divine?<\/em><\/p>\n<p style=\"text-align: justify;\">\u2013 Dac\u0103 este via\u0163\u0103, atunci nu intereseaz\u0103 mijloacele pe care neamurile le \u00eentrebuin\u0163eaz\u0103 spre a \u015fi-o asigura. Toate sunt bun, chiar \u015fi cele mai rele!<\/p>\n<p style=\"text-align: justify;\">Se pune deci problema: dup\u0103 ce se conduc na\u0163iunile \u00een raport cu alte na\u0163iuni? Dup\u0103 animalul din ele? Dup\u0103 tigrul din ele? Dup\u0103 legea pe\u015ftilor din mare sau a fiarelor din p\u0103dure?<\/p>\n<p style=\"text-align: justify;\">\u0162elul final nu este via\u0163a, ci \u00cenvierea! \u00cenvierea neamurilor \u00een numele M\u00e2ntuitorului Iisus Hristos! Crea\u0163ia, cultura, nu-s dec\u00e2t un mijloc, nu un scop, cum s-a crezut, pentru a ob\u0163ine aceast\u0103 \u00cenviere. Ele sunt rodul talentului, pe care Dumnezeu l-a s\u0103dit \u00een neamul nostru, de care trebuie s\u0103 r\u0103spundem. Va veni o vreme c\u00e2nd toate neamurile p\u0103m\u00e2ntului vor \u00eenvia, cu to\u0163i mor\u0163ii \u015fi cu to\u0163i regii \u015fi \u00eemp\u0103ra\u0163ii lor. Av\u00e2nd fiecare neam locul s\u0103u \u00eenaintea tronului lui Dumnezeu. Acest moment final, \u201c\u00cenvierea din mor\u0163i\u201d, este \u0163elul cel mai \u00eenalt \u015fi mai sublim c\u0103tre care se poate \u00een\u0103l\u0163a un neam.<\/p>\n<p style=\"text-align: justify;\">Neamul este deci o entitate care \u00ee\u015fi prelunge\u015fte via\u0163a \u015fi dincolo de p\u0103m\u00e2nt. Neamurile sunt realit\u0103\u0163i \u015fi \u00een lumea cealalt\u0103, nu numai pe lumea aceasta.<\/p>\n<p style=\"text-align: justify;\">Sf\u00e2ntul Ioan, povestind ceea ce vede dincolo de p\u0103m\u00e2nturi, spune: \u201cCetatea n-are trebuin\u0163\u0103 nici de soare, nici de lun\u0103 ca s-o lumineze, c\u0103ci o lumineaz\u0103 slava lui Dumnezeu \u015fi lumin\u0103torul \u00eei este Mielul\u201d.<\/p>\n<p style=\"text-align: justify;\">\u201cNeamurile vor umbla \u00een lumina ei \u015fi \u00eemp\u0103ra\u0163ii p\u0103m\u00e2ntului \u00ee\u015fi vor aduce slava \u015fi cinstea lor \u00een ea\u201d (Apocalipsa 21, 23-24).<\/p>\n<p style=\"text-align: justify;\">\u015ei \u00een alt\u0103 parte: \u201cCine nu se va teme, Doamne, \u015fi cine nu va sl\u0103vi numele T\u0103u? C\u0103ci numai Tu e\u015fti sf\u00e2nt \u015fi toate neamurile vor veni \u015fi se vor \u00eenchina \u00eenaintea Ta, pentru c\u0103 judec\u0103\u0163ile Tale au fost ar\u0103tate\u201d (Apocalipsa 15,4).<\/p>\n<p style=\"text-align: justify;\"><em>&#8211; R\u0103m\u00e2ne de v\u0103zut cum se va prezenta neamul nostru \u015fi mai ales, cum se vor prezenta \u201cregii \u015fi \u00eemp\u0103ra\u0163ii\u201d s\u0103i, la marea Judecat\u0103! <\/em><\/p>\n<p style=\"text-align: justify;\">Interviu de: Maria Mih\u0103lcescu, revista Interesul Na\u0163ional, anul I, nr. 2, iunie 2001 \u2013 republicat de <a href=\"http:\/\/manastirea.petru-voda.ro\/2015\/04\/02\/parintele-justin-interesul-national-este-invierea\/\">M\u0103n\u0103stirea Petru Vod\u0103<\/a><\/p>\n<p style=\"text-align: justify;\">Foto: Cristina Nichitu\u015f Roncea \u2013 <a href=\"http:\/\/parintelejustinparvu.ro\">P\u0103rintele Justin M\u0103rturisitorul<\/a><\/p>\n<p style=\"text-align: justify;\">Sursa: <a href=\"http:\/\/roncea.ro\/\" target=\"_blank\">Victor Roncea<\/a><\/p>\n","protected":false},"excerpt":{"rendered":"<p>&#8211; Care ar fi acum, p\u0103rinte, la ceas de derut\u0103, interesul na\u0163ional pentru neamul rom\u00e2nesc? \u2013 Redresarea moral\u0103, lupta \u00eempotriva [&#038;hellip<\/p>\n","protected":false},"author":1,"featured_media":0,"comment_status":"closed","ping_status":"closed","sticky":false,"template":"","format":"standard","meta":{"footnotes":""},"categories":[3,6],"tags":[],"class_list":["post-22738","post","type-post","status-publish","format-standard","hentry","category-articole","category-linkuri-externe"],"_links":{"self":[{"href":"https:\/\/www.marianagurza.ro\/blog\/wp-json\/wp\/v2\/posts\/22738","targetHints":{"allow":["GET"]}}],"collection":[{"href":"https:\/\/www.marianagurza.ro\/blog\/wp-json\/wp\/v2\/posts"}],"about":[{"href":"https:\/\/www.marianagurza.ro\/blog\/wp-json\/wp\/v2\/types\/post"}],"author":[{"embeddable":true,"href":"https:\/\/www.marianagurza.ro\/blog\/wp-json\/wp\/v2\/users\/1"}],"replies":[{"embeddable":true,"href":"https:\/\/www.marianagurza.ro\/blog\/wp-json\/wp\/v2\/comments?post=22738"}],"version-history":[{"count":3,"href":"https:\/\/www.marianagurza.ro\/blog\/wp-json\/wp\/v2\/posts\/22738\/revisions"}],"predecessor-version":[{"id":22741,"href":"https:\/\/www.marianagurza.ro\/blog\/wp-json\/wp\/v2\/posts\/22738\/revisions\/22741"}],"wp:attachment":[{"href":"https:\/\/www.marianagurza.ro\/blog\/wp-json\/wp\/v2\/media?parent=22738"}],"wp:term":[{"taxonomy":"category","embeddable":true,"href":"https:\/\/www.marianagurza.ro\/blog\/wp-json\/wp\/v2\/categories?post=22738"},{"taxonomy":"post_tag","embeddable":true,"href":"https:\/\/www.marianagurza.ro\/blog\/wp-json\/wp\/v2\/tags?post=22738"}],"curies":[{"name":"wp","href":"https:\/\/api.w.org\/{rel}","templated":true}]}}