{"id":22743,"date":"2015-04-05T14:58:19","date_gmt":"2015-04-05T14:58:19","guid":{"rendered":"http:\/\/www.marianagurza.ro\/blog\/?p=22743"},"modified":"2015-04-05T14:58:19","modified_gmt":"2015-04-05T14:58:19","slug":"parintele-arsenie-boca-de-florii-copiii-omului-si-biciul-lui-dumnezeu","status":"publish","type":"post","link":"https:\/\/www.marianagurza.ro\/blog\/2015\/04\/05\/parintele-arsenie-boca-de-florii-copiii-omului-si-biciul-lui-dumnezeu\/","title":{"rendered":"P\u0103rintele Arsenie Boca de Florii: Copiii Omului \u0219i Biciul lui Dumnezeu"},"content":{"rendered":"<p style=\"text-align: justify;\"><a href=\"http:\/\/www.marianagurza.ro\/blog\/wp-content\/uploads\/2015\/04\/Parintele-Arsenie-Boca.jpg\"><img loading=\"lazy\" decoding=\"async\" class=\"alignleft size-medium wp-image-22744\" title=\"Parintele-Arsenie-Boca\" src=\"http:\/\/www.marianagurza.ro\/blog\/wp-content\/uploads\/2015\/04\/Parintele-Arsenie-Boca-207x300.jpg\" alt=\"\" width=\"207\" height=\"300\" srcset=\"https:\/\/www.marianagurza.ro\/blog\/wp-content\/uploads\/2015\/04\/Parintele-Arsenie-Boca-207x300.jpg 207w, https:\/\/www.marianagurza.ro\/blog\/wp-content\/uploads\/2015\/04\/Parintele-Arsenie-Boca.jpg 500w\" sizes=\"auto, (max-width: 207px) 100vw, 207px\" \/><\/a>Faima \u00eenvierii lui Laz\u0103r str\u0103b\u0103tuse toat\u0103 Iudeia \u015fi o aflaser\u0103 to\u0163i pelerinii care veniser\u0103 \u00een Ierusalim \u015fi \u00eemprejurimi, pentru praznicul iudeilor, al Pa\u015ftilor. To\u0163i voiau s\u0103 vad\u0103 pe Iisus \u015fi pe Laz\u0103r. Deci c\u00e2nd to\u0163i cei simpli fericeau pe Iisus, c\u0103rturarii \u015fi fariseii se umpleau de venin, vr\u00e2nd s\u0103-L omoare \u015fi pe Iisus \u015fi pe Laz\u0103r. Momentele acestea le-a ales Iisus \u00eencep\u0103tur\u0103 a p\u0103timirii Sale. Cei simpli \u015fi cura\u0163i, afl\u00e2nd c\u0103 Iisus vrea s\u0103 vie \u00een Ierusalim s-au hot\u0103r\u00e2t s\u0103-L primeasc\u0103 deosebit de p\u00e2n\u0103 acum. Iisus le-a pre\u0163uit dragostea. \u015ei-a \u00eemprumutat un asin \u2013 c\u0103 era s\u0103rac. (In tot r\u0103s\u0103ritul asinul are cinstea pe care o are la noi oaia.)<\/p>\n<p style=\"text-align: justify;\">Aceasta e intrarea triumfal\u0103 \u00een Ierusalim. Toat\u0103 gloata aceasta, noroadele, aveau o bucurie ca niciodat\u0103. Numai fariseii nu se bucurau, ci bucuria tuturora le \u00eenvenina \u015fi mai r\u0103u inima. Nici Iisus nu se bucura, dar cinstea bucuria pe care o vedea. To\u0163i care-L cuno\u015fteau \u00een Ierusalim ie\u015fiser\u0103 \u00eentru \u00eent\u00e2mpinarea Lui. In Ierusalim r\u0103m\u0103seser\u0103 numai cei ce nu-L cuno\u015fteau. Ace\u015ftia \u00eel primesc rece \u015fi cu suspiciuni.<\/p>\n<p style=\"text-align: justify;\">Dar \u015fi Iisus i-a provocat. A mers la Templu \u015fi l-a g\u0103sit pref\u0103cut de slujitorii lui \u00een \u201epe\u015fter\u0103 de t\u00e2lhari\u201d. \u201eT\u00e2lharii\u201d negustoreau suferin\u0163ele \u015fi p\u0103catele poporului. Compromiteau \u015fi pe Dumnezeu \u015fi suferin\u0163a. Mai marii \u015fi mai micii Templului \u201et\u00e2lh\u0103reau\u201d poporul obidit, specul\u00e2ndu-i suferin\u0163ele \u00een numele lui Iehova. Zarafii f\u0103ceau burs\u0103 neagr\u0103. Ace\u015ftia erau slujitorii lui Mamona. Parc\u0103 acuma erau anume to\u0163i aduna\u0163i \u00een ziua aceea la Templul din Ierusalim. La to\u0163i ace\u015ftia Iisus a luat biciul.<\/p>\n<p style=\"text-align: justify;\">E \u015fi o minune \u00een aceast\u0103 sf\u00e2nt\u0103 m\u00e2nie; mul\u0163imea zarafilor, a negustorilor de porumbei \u2013 g\u0103inari geamba\u015fi de miei \u015fi boi, to\u0163i, far\u0103 deosebire, fug \u00een dezordine, \u00eenfrica\u0163i de-un Om. Con\u015ftiin\u0163a lor p\u0103tat\u0103 nu le da nici o rezisten\u0163\u0103.<\/p>\n<p style=\"text-align: justify;\">Gestul lui Iisus a \u00eenfuriat pe mai marele Templului, pe b\u0103tr\u00e2ni, c\u0103rturari \u015fi farisei, care s-au sf\u0103tuit: \u201eCu orice pre\u0163 trebuie s\u0103-L ucidem fiindc\u0103 mul\u0163imea se ia dup\u0103 El\u201d. C\u00e2nd ace\u015ftia se sf\u0103tuiau s\u0103-L ucid\u0103, orbii \u015fi \u015fchiopii se apropiau de El \u00een Templu \u015fi i-a vindecat. Iar copiii \u2013 copiii crescu\u0163i de Templu, au venit cu ramuri \u00een m\u00e2ini, c\u00e2nt\u00e2ndu-I \u201eOsana, Fiul lui David!\u201d. Acesta-i faptul impresionant, c\u0103 singuri copiii, orbii \u015fi \u015fchiopii \u015fi ucenicii S\u0103i L-au primit pe Iisus \u00een Templu, cu credin\u0163\u0103 \u015fi cu dragoste. Auzind copiii, iar\u0103\u015fi s-au \u00eenfuriat iudeii.<br \/>\n\u201e- Spune-le s\u0103 tac\u0103 !\u201d<br \/>\n\u201e- N-a\u0163i citit \u00een Profe\u0163i: \u00abAm pus laudele \u00een gura pruncilor \u015fi a celor ce sug\u00bb?\u201d<\/p>\n<p style=\"text-align: justify;\">Cu acestea Iisus a p\u0103r\u0103sit Ierusalimul. Cu ziua aceasta \u00eencep patimile Domnului.<\/p>\n<p style=\"text-align: justify;\">In tot entuziasmul general Iisus t\u0103cea, dac\u0103 nu chiar pl\u00e2ngea. Poporul acesta, care-L primea cu aclama\u0163ii de \u00eemp\u0103rat, peste trei zile va fi cump\u0103rat de farisei pe nimic s\u0103 strige lui Pilat: \u201eR\u0103stigne\u015fte-L!!!\u201d. Poporul, la\u015f \u015fi fricos, nu pricepe pre\u0163ul iubirii \u015fi o d\u0103 r\u0103stignirii. Intrarea lui Iisus \u00een sufletul nostru, s\u0103 nu fie ca acea intrare \u00een Ierusalim. Templul con\u015ftiin\u0163ei noastre s\u0103 nu fie o pe\u015fter\u0103 de t\u00e2lhari, c\u0103 atunci sigur \u015fi noi vom vocifera \u00een curtea lui Pilat: \u201eR\u0103stigne\u015fte-L!!! Sloboze\u015fte-ne pe Baraba!\u201d. De aceea ne-am cur\u0103\u0163it Ierusalimul \u015fi Templul din Ierusalim: con\u015ftiin\u0163a, fac\u00e2ndu-ne iar\u0103\u015fi copii, singurii care L-au primit \u00een Templu. Copil\u0103ria: singura noastr\u0103 v\u00e2rst\u0103 care prime\u015fte pe Iisus. Deci, copiii mei, care primi\u0163i ast\u0103zi pe Iisus \u00een sf\u00e2nta \u00eemp\u0103rt\u0103\u015fanie, r\u0103m\u00e2ne\u0163i \u00eentru dragostea mea, care e dragostea lui Iisus.<\/p>\n<p style=\"text-align: justify;\">Prislop, 17 aprilie 1949,<br \/>\nParintele Arsenie Boca \u2013 \u201cCuvinte vii\u201d<\/p>\n<p style=\"text-align: justify;\">\n<p style=\"text-align: justify;\">Sursa: <a href=\"http:\/\/roncea.ro\/\" target=\"_blank\">Victor Roncea<\/a><\/p>\n","protected":false},"excerpt":{"rendered":"<p>Faima \u00eenvierii lui Laz\u0103r str\u0103b\u0103tuse toat\u0103 Iudeia \u015fi o aflaser\u0103 to\u0163i pelerinii care veniser\u0103 \u00een Ierusalim \u015fi \u00eemprejurimi, pentru praznicul [&#038;hellip<\/p>\n","protected":false},"author":1,"featured_media":0,"comment_status":"closed","ping_status":"closed","sticky":false,"template":"","format":"standard","meta":{"footnotes":""},"categories":[3,6],"tags":[],"class_list":["post-22743","post","type-post","status-publish","format-standard","hentry","category-articole","category-linkuri-externe"],"_links":{"self":[{"href":"https:\/\/www.marianagurza.ro\/blog\/wp-json\/wp\/v2\/posts\/22743","targetHints":{"allow":["GET"]}}],"collection":[{"href":"https:\/\/www.marianagurza.ro\/blog\/wp-json\/wp\/v2\/posts"}],"about":[{"href":"https:\/\/www.marianagurza.ro\/blog\/wp-json\/wp\/v2\/types\/post"}],"author":[{"embeddable":true,"href":"https:\/\/www.marianagurza.ro\/blog\/wp-json\/wp\/v2\/users\/1"}],"replies":[{"embeddable":true,"href":"https:\/\/www.marianagurza.ro\/blog\/wp-json\/wp\/v2\/comments?post=22743"}],"version-history":[{"count":2,"href":"https:\/\/www.marianagurza.ro\/blog\/wp-json\/wp\/v2\/posts\/22743\/revisions"}],"predecessor-version":[{"id":22746,"href":"https:\/\/www.marianagurza.ro\/blog\/wp-json\/wp\/v2\/posts\/22743\/revisions\/22746"}],"wp:attachment":[{"href":"https:\/\/www.marianagurza.ro\/blog\/wp-json\/wp\/v2\/media?parent=22743"}],"wp:term":[{"taxonomy":"category","embeddable":true,"href":"https:\/\/www.marianagurza.ro\/blog\/wp-json\/wp\/v2\/categories?post=22743"},{"taxonomy":"post_tag","embeddable":true,"href":"https:\/\/www.marianagurza.ro\/blog\/wp-json\/wp\/v2\/tags?post=22743"}],"curies":[{"name":"wp","href":"https:\/\/api.w.org\/{rel}","templated":true}]}}