{"id":22759,"date":"2015-04-05T17:25:20","date_gmt":"2015-04-05T17:25:20","guid":{"rendered":"http:\/\/www.marianagurza.ro\/blog\/?p=22759"},"modified":"2015-04-05T17:28:12","modified_gmt":"2015-04-05T17:28:12","slug":"vavila-popovici-hristoase","status":"publish","type":"post","link":"https:\/\/www.marianagurza.ro\/blog\/2015\/04\/05\/vavila-popovici-hristoase\/","title":{"rendered":"Vavila Popovici: Hristoase!"},"content":{"rendered":"<p style=\"text-align: center;\"><a href=\"http:\/\/www.marianagurza.ro\/blog\/wp-content\/uploads\/2015\/04\/Iisus-rastignirea.jpg\"><img loading=\"lazy\" decoding=\"async\" class=\"size-medium wp-image-22760\" title=\"Iisus rastignirea\" src=\"http:\/\/www.marianagurza.ro\/blog\/wp-content\/uploads\/2015\/04\/Iisus-rastignirea-218x300.jpg\" alt=\"\" width=\"218\" height=\"300\" srcset=\"https:\/\/www.marianagurza.ro\/blog\/wp-content\/uploads\/2015\/04\/Iisus-rastignirea-218x300.jpg 218w, https:\/\/www.marianagurza.ro\/blog\/wp-content\/uploads\/2015\/04\/Iisus-rastignirea.jpg 253w\" sizes=\"auto, (max-width: 218px) 100vw, 218px\" \/><\/a><\/p>\n<p>&nbsp;<\/p>\n<p><strong>Hristoase !<\/strong><\/p>\n<p>&nbsp;<\/p>\n<p><em>Infinitul divin s-a rev\u0103rsat \u00een trupul T\u0103u,<\/em><\/p>\n<p><em>din p\u00e2ntecul Mariei ar\u0103t\u00e2ndu-Te lumii.<\/em><em><\/em><\/p>\n<p><em>\u00cenv\u0103\u0163\u0103tor, Vindec\u0103tor, St\u0103p\u00e2n ai fost<\/em><\/p>\n<p><em>\u0219i-ai cucerit lumea cu iubire, f\u0103r\u0103 de fal\u0103,<\/em><\/p>\n<p><em>cu modestie, cu incanta\u021bie moral\u0103.<\/em><\/p>\n<p><em>De Marele Preot ai fost \u00eentrebat<\/em><\/p>\n<p><em>de e\u0219ti Tu fiul celui binecuv\u00e2ntat.<\/em><\/p>\n<p><em>\u201eDa, sunt!\u201d, ai r\u0103spuns \u00eendrept\u0103\u021bit.<\/em><\/p>\n<p><em>Nu Te-au crezut \u0219i la moarte Te-au os\u00e2ndit.<\/em><\/p>\n<p><em>Te-ai l\u0103sat crucificat <\/em><\/p>\n<p><em>dup\u0103 ce drumul vie\u021bii ni l-ai ar\u0103tat,<\/em><\/p>\n<p><em>c\u0103ci Dumnezeu at\u00e2t\u00a0de\u00a0mult\u00a0ne-a\u00a0iubit<br \/>\n\u00eenc\u00e2t\u00a0pe\u00a0Tine, singurul\u00a0Fiu,<\/em><\/p>\n<p><em>mor\u021bii p\u0103m\u00e2ntene L-a d\u0103ruit.<br \/>\n\u0218i-ai fost v\u00e2ndut pentru treizeci de argin\u021bi,<\/em><\/p>\n<p><em>crucificat ca om de gloat\u0103, de cei nes\u0103bui\u021bi.<\/em><\/p>\n<p><em>\u0218tim, pe cruce nu piroanele Te-au \u021binut,<\/em><\/p>\n<p><em>ci marea dragoste ce pentru noi ai avut.<\/em><\/p>\n<p><em>Precum visele cu lungi \u0219i minunate zboruri <\/em><\/p>\n<p><em>\u021bin p\u0103s\u0103rile noaptea pe crengi,<\/em><\/p>\n<p><em>visul salv\u0103rii lumii Te-a hr\u0103nit<\/em><\/p>\n<p><em>\u0219i de p\u0103cate lumea ai izb\u0103vit.<\/em><\/p>\n<p><em>Primit-ai moartea ca om al p\u0103m\u00e2ntului<\/em><\/p>\n<p><em>str\u0103puns de durere \u0219i strig\u00e2nd: <\/em><\/p>\n<p><em>\u201eDe ce m-ai p\u0103r\u0103sit, Dumnezeul meu?\u201d,<\/em><\/p>\n<p><em>chinul, dezn\u0103dejdea, jertf\u0103 prob\u00e2nd.<\/em><\/p>\n<p><em>\u0218i-ai \u00eenviat a treia zi ca Domn al cerului<\/em><\/p>\n<p><em>\u0219i Te-ai dus s\u0103 \u0219ezi de-a dreapta Tat\u0103lui\u2026<\/em><\/p>\n<p><em>Hristoase, ne-ai l\u0103sat giulgiul <\/em><\/p>\n<p><em>cu urma monedelor de pe pleoape<\/em><\/p>\n<p><em>amintind vremea mor\u021bii Tale,<\/em><\/p>\n<p><em>precum \u0219i cuiul imobiliz\u00e2nd ambele picioare\u2026<\/em><\/p>\n<p><em>\u0218i iar\u0103\u0219i vei veni cu nep\u0103rtinire s\u0103 ne judeci,<\/em><\/p>\n<p><em>c\u00e2nd vasul f\u0103r\u0103delegilor se va fi umplut.<\/em><\/p>\n<p><em>Ne vei judeca faptele, vorbele \u0219i g\u00e2ndurile<\/em><\/p>\n<p><em>\u00eenscrise-n cartea ve\u0219niciei din al vie\u021bii \u00eenceput.<\/em><\/p>\n<p><em>\u201eGlasul lui Dumnezeu\u201ddin noi va vorbi,<\/em><\/p>\n<p><em>\u0219i noi pe noi ne vom auzi.<\/em><\/p>\n<p><em>Multele noastre p\u0103cate, <\/em><\/p>\n<p><em>cu fapte de iubire vor fi compensate. <\/em><\/p>\n<p><em>\u0218i afl\u00e2ndu-ne la marginea eternit\u0103\u021bii,<\/em><\/p>\n<p><em>r\u0103sfoi-vom cartea cu statutul nou al vie\u021bii,<\/em><\/p>\n<p><em>\u00eembr\u0103ca\u021bi \u00een haina p\u0103catului<\/em><\/p>\n<p><em>sau \u00een cea a drept\u0103\u021bii.<\/em><\/p>\n<p>&nbsp;<\/p>\n<p><em>\u00a0<\/em><\/p>\n<p><em>\u00a0<\/em><\/p>\n<p align=\"center\"><strong><em>Vavila Popovici \u2013 Carolina de Nord<\/em><\/strong><\/p>\n<p align=\"center\">(Din volumul de poeme \u00een preg\u0103tire)<\/p>\n<p>&nbsp;<\/p>\n<p>&nbsp;<\/p>\n","protected":false},"excerpt":{"rendered":"<p>&nbsp; Hristoase ! &nbsp; Infinitul divin s-a rev\u0103rsat \u00een trupul T\u0103u, din p\u00e2ntecul Mariei ar\u0103t\u00e2ndu-Te lumii. \u00cenv\u0103\u0163\u0103tor, Vindec\u0103tor, St\u0103p\u00e2n ai [&#038;hellip<\/p>\n","protected":false},"author":1,"featured_media":0,"comment_status":"closed","ping_status":"closed","sticky":false,"template":"","format":"standard","meta":{"footnotes":""},"categories":[3],"tags":[],"class_list":["post-22759","post","type-post","status-publish","format-standard","hentry","category-articole"],"_links":{"self":[{"href":"https:\/\/www.marianagurza.ro\/blog\/wp-json\/wp\/v2\/posts\/22759","targetHints":{"allow":["GET"]}}],"collection":[{"href":"https:\/\/www.marianagurza.ro\/blog\/wp-json\/wp\/v2\/posts"}],"about":[{"href":"https:\/\/www.marianagurza.ro\/blog\/wp-json\/wp\/v2\/types\/post"}],"author":[{"embeddable":true,"href":"https:\/\/www.marianagurza.ro\/blog\/wp-json\/wp\/v2\/users\/1"}],"replies":[{"embeddable":true,"href":"https:\/\/www.marianagurza.ro\/blog\/wp-json\/wp\/v2\/comments?post=22759"}],"version-history":[{"count":3,"href":"https:\/\/www.marianagurza.ro\/blog\/wp-json\/wp\/v2\/posts\/22759\/revisions"}],"predecessor-version":[{"id":22762,"href":"https:\/\/www.marianagurza.ro\/blog\/wp-json\/wp\/v2\/posts\/22759\/revisions\/22762"}],"wp:attachment":[{"href":"https:\/\/www.marianagurza.ro\/blog\/wp-json\/wp\/v2\/media?parent=22759"}],"wp:term":[{"taxonomy":"category","embeddable":true,"href":"https:\/\/www.marianagurza.ro\/blog\/wp-json\/wp\/v2\/categories?post=22759"},{"taxonomy":"post_tag","embeddable":true,"href":"https:\/\/www.marianagurza.ro\/blog\/wp-json\/wp\/v2\/tags?post=22759"}],"curies":[{"name":"wp","href":"https:\/\/api.w.org\/{rel}","templated":true}]}}