{"id":22771,"date":"2015-04-05T19:51:23","date_gmt":"2015-04-05T19:51:23","guid":{"rendered":"http:\/\/www.marianagurza.ro\/blog\/?p=22771"},"modified":"2015-04-05T20:27:17","modified_gmt":"2015-04-05T20:27:17","slug":"traian-dorz-doamne-n-saptamana-asta-2","status":"publish","type":"post","link":"https:\/\/www.marianagurza.ro\/blog\/2015\/04\/05\/traian-dorz-doamne-n-saptamana-asta-2\/","title":{"rendered":"Traian Dorz: Doamne-n S\u0103pt\u0103m\u00e2na asta"},"content":{"rendered":"<p style=\"text-align: center;\"><a href=\"http:\/\/www.marianagurza.ro\/blog\/wp-content\/uploads\/2015\/04\/saptamana-mare.jpg\"><img loading=\"lazy\" decoding=\"async\" class=\"size-medium wp-image-22773\" title=\"saptamana-mare\" src=\"http:\/\/www.marianagurza.ro\/blog\/wp-content\/uploads\/2015\/04\/saptamana-mare-300x225.jpg\" alt=\"\" width=\"300\" height=\"225\" srcset=\"https:\/\/www.marianagurza.ro\/blog\/wp-content\/uploads\/2015\/04\/saptamana-mare-300x225.jpg 300w, https:\/\/www.marianagurza.ro\/blog\/wp-content\/uploads\/2015\/04\/saptamana-mare.jpg 476w\" sizes=\"auto, (max-width: 300px) 100vw, 300px\" \/><\/a><\/p>\n<p><strong>\u00a0\u00a0\u00a0\u00a0\u00a0\u00a0\u00a0\u00a0\u00a0 DOAMNE-N\u00a0 S\u0102PT\u0102M\u00c2NA\u00a0 ASTA<\/strong><\/p>\n<p>&nbsp;<\/p>\n<p>Doamne-n S\u0103pt\u0103m\u00e2na asta grea a Patimilor Tale,<br \/>\nf\u0103 s\u0103-\u021ai suferim al\u0103turi c\u00e2nd Tu sui a Crucii cale,<br \/>\ns\u0103 sim\u021bim \u0219i noi cum Crucea ne apas\u0103 \u0219i ne doare,<br \/>\ns\u0103 sim\u021bim cum arde biciul peste s\u00e2nge \u0219i sudoare.<\/p>\n<p>&nbsp;<\/p>\n<p>Doamne, s\u0103-\u021ai sim\u021bim al\u0103turi fiecare lovitur\u0103,<br \/>\ns\u0103 r\u0103bd\u0103m aceea\u0219i hul\u0103 \u0219i batjocur\u0103, \u0219i ur\u0103,<br \/>\ns\u0103 pl\u0103tim cu-acelea\u0219i lacrimi \u0219i cu-acela\u0219i s\u00e2nge toate,<br \/>\ns\u0103 sim\u021bi \u0219i Tu ca ne doare c-am tr\u0103it c\u00e2ndva-n p\u0103cate.<\/p>\n<p>&nbsp;<\/p>\n<p>Doamne, ia-m\u0103 \u0219i pe mine s\u0103-mi pun um\u0103rul sub cruce,<br \/>\nm\u0103car partea mea de vin\u0103 s\u0103-\u021ai ajut s\u0103 mi-o po\u021bi duce,<br \/>\nm\u0103car sarcina mea, Doamne, s\u0103 m-apese \u0219i pe mine,<br \/>\ne de-ajuns c\u00e2\u021bi ani din via\u021b\u0103 \u021ai-am f\u0103cut \u0219i eu ru\u0219ine.<\/p>\n<p>&nbsp;<\/p>\n<p>Sus pe Golgota, Iisuse, c\u00e2nd pe Cruce-au s\u0103 Te-ntind\u0103,<br \/>\nf\u0103 \u0219i firea mea cea veche r\u0103stignirea s-o cuprind\u0103<br \/>\n\u0219i, privindu-\u021ai agonia, s-o vad \u0219i pe ea cum moare,<br \/>\nTu s\u0103 Te cobori de-acolo, dar ea-n veci s\u0103 nu coboare.<\/p>\n<p>&nbsp;<\/p>\n<p>Iar \u00een clipa \u00cenvierii, piatra c\u00e2nd se da-ntr-o parte,<br \/>\ns\u0103 se vad\u0103 c\u0103 din groap\u0103 ai ie\u0219it Tu F\u0103r\u0103 Moarte,<br \/>\nsfintele mironosi\u021be \u0219i-ai T\u0103i ucenici s\u0103 vad\u0103<br \/>\n\u0219i-ale mele semne-al\u0103turi, \u0219i-nvierea mea s-o cread\u0103.<\/p>\n<p>&nbsp;<\/p>\n<p>Atunci \u0219tiu c\u0103 \u0219i<strong>&#8211;<\/strong>n a Doua Fericit\u0103 \u00cenviere<br \/>\na\u0219 veni \u0219i eu cu Tine \u00een M\u0103rire \u0219i-n Putere,<br \/>\n\u2013 c\u0103ci, dac-am r\u0103bdat al\u0103turi, \u00een batjocuri \u0219i-n ru\u0219ine,<br \/>\nvom fi-al\u0103turi \u0219i-n M\u0103rire, s\u0103 \u00eemp\u0103r\u0103\u021bim cu Tine.<\/p>\n<p>&nbsp;<\/p>\n<p align=\"center\"><strong>Traian Dorz<\/strong><\/p>\n<p>&nbsp;<\/p>\n","protected":false},"excerpt":{"rendered":"<p>\u00a0\u00a0\u00a0\u00a0\u00a0\u00a0\u00a0\u00a0\u00a0 DOAMNE-N\u00a0 S\u0102PT\u0102M\u00c2NA\u00a0 ASTA &nbsp; Doamne-n S\u0103pt\u0103m\u00e2na asta grea a Patimilor Tale, f\u0103 s\u0103-\u021ai suferim al\u0103turi c\u00e2nd Tu sui a [&#038;hellip<\/p>\n","protected":false},"author":1,"featured_media":0,"comment_status":"closed","ping_status":"closed","sticky":false,"template":"","format":"standard","meta":{"footnotes":""},"categories":[3],"tags":[],"class_list":["post-22771","post","type-post","status-publish","format-standard","hentry","category-articole"],"_links":{"self":[{"href":"https:\/\/www.marianagurza.ro\/blog\/wp-json\/wp\/v2\/posts\/22771","targetHints":{"allow":["GET"]}}],"collection":[{"href":"https:\/\/www.marianagurza.ro\/blog\/wp-json\/wp\/v2\/posts"}],"about":[{"href":"https:\/\/www.marianagurza.ro\/blog\/wp-json\/wp\/v2\/types\/post"}],"author":[{"embeddable":true,"href":"https:\/\/www.marianagurza.ro\/blog\/wp-json\/wp\/v2\/users\/1"}],"replies":[{"embeddable":true,"href":"https:\/\/www.marianagurza.ro\/blog\/wp-json\/wp\/v2\/comments?post=22771"}],"version-history":[{"count":4,"href":"https:\/\/www.marianagurza.ro\/blog\/wp-json\/wp\/v2\/posts\/22771\/revisions"}],"predecessor-version":[{"id":22775,"href":"https:\/\/www.marianagurza.ro\/blog\/wp-json\/wp\/v2\/posts\/22771\/revisions\/22775"}],"wp:attachment":[{"href":"https:\/\/www.marianagurza.ro\/blog\/wp-json\/wp\/v2\/media?parent=22771"}],"wp:term":[{"taxonomy":"category","embeddable":true,"href":"https:\/\/www.marianagurza.ro\/blog\/wp-json\/wp\/v2\/categories?post=22771"},{"taxonomy":"post_tag","embeddable":true,"href":"https:\/\/www.marianagurza.ro\/blog\/wp-json\/wp\/v2\/tags?post=22771"}],"curies":[{"name":"wp","href":"https:\/\/api.w.org\/{rel}","templated":true}]}}