{"id":22778,"date":"2015-04-06T06:50:51","date_gmt":"2015-04-06T06:50:51","guid":{"rendered":"http:\/\/www.marianagurza.ro\/blog\/?p=22778"},"modified":"2015-04-06T06:50:51","modified_gmt":"2015-04-06T06:50:51","slug":"napoleon-savescu-duminica-floriilor","status":"publish","type":"post","link":"https:\/\/www.marianagurza.ro\/blog\/2015\/04\/06\/napoleon-savescu-duminica-floriilor\/","title":{"rendered":"Napoleon S\u0102VESCU: Duminica Floriilor"},"content":{"rendered":"<p style=\"text-align: justify;\"><a href=\"http:\/\/www.marianagurza.ro\/blog\/wp-content\/uploads\/2015\/04\/SAVESCU-Napoleon-Dr.jpg\"><img loading=\"lazy\" decoding=\"async\" class=\"alignleft size-medium wp-image-22779\" title=\"SAVESCU Napoleon Dr\" src=\"http:\/\/www.marianagurza.ro\/blog\/wp-content\/uploads\/2015\/04\/SAVESCU-Napoleon-Dr-224x300.jpg\" alt=\"\" width=\"224\" height=\"300\" srcset=\"https:\/\/www.marianagurza.ro\/blog\/wp-content\/uploads\/2015\/04\/SAVESCU-Napoleon-Dr-224x300.jpg 224w, https:\/\/www.marianagurza.ro\/blog\/wp-content\/uploads\/2015\/04\/SAVESCU-Napoleon-Dr.jpg 600w\" sizes=\"auto, (max-width: 224px) 100vw, 224px\" \/><\/a>Ca multe s\u0103rb\u0103tori cre\u015ftine, ini\u0163ial a fost o s\u0103rb\u0103toare p\u0103g\u00e2n\u0103, dacic\u0103, a vegeta\u0163iei \u015fi a fertilita\u0163ii, peste care cre\u015ftinismul a suprapus o s\u0103rb\u0103toare religioas\u0103, schimb\u00e2ndu-se denumirea \u015fi semnifica\u0163ia ei, dar p\u0103str\u00e2ndu-se \u00een bun\u0103 parte tradi\u0163iile ini\u0163iale.<\/p>\n<p style=\"text-align: justify;\">\nFlora era la vechii romani zei\u0163a florilor \u015fi a \u00eenfloririi. \u00cen onoarea ei, odat\u0103 cu venirea prim\u0103verii, avea loc s\u0103rb\u0103toarea Floralia, care dura numai o zi, pe 29 aprilie. La cre\u015ftini Duminica Floriilor reprezint\u0103 intrarea lui Isus \u00een Ierusalim.<\/p>\n<p style=\"text-align: justify;\">\n<p style=\"text-align: justify;\">Isus a pornit spre Ierusalim. \u00cen timp ce se apropia de Betfaghe \u015fi Betania, l\u00e2ng\u0103 Muntele numit al M\u0103slinilor, a trimis doi discipoli, spun\u00e2ndu-le: \u201eMerge\u0163i \u00een satul dinaintea voastr\u0103 \u015fi, c\u00e2nd ve\u0163i intra, ve\u0163i g\u0103si un m\u0103g\u0103ru\u015f legat, pe care nici un om nu l-a \u00eenc\u0103lecat: dezlega\u0163i-l \u015fi aduce\u0163i-l!\u201d C\u00e2nd au plecat cei trimi\u015fi, au g\u0103sit dup\u0103 cum le-a spus. \u00cen timp ce ei dezlegau m\u0103g\u0103ru\u015ful, st\u0103p\u00e2nii lui i-au \u00eentrebat: \u201eDe ce dezlega\u0163i m\u0103g\u0103ru\u015ful?\u201d Atunci ei au r\u0103spuns: &#8220;Domnul are nevoie de el&#8221;. Apoi l-au adus la Isus \u015fi, arunc\u00e2ndu-\u015fi hainele peste m\u0103g\u0103ru\u015f, l-au urcat pe Isus deasupra.<\/p>\n<p style=\"text-align: justify;\">\n<p style=\"text-align: justify;\">Poarta Aurit\u0103 este una din c\u0103ile de acces \u00een Ierusalim. Aici a fost \u00eent\u00e2mpinat Isus. Potrivit tradi\u0163iei iudaice, atunci c\u00e2nd Mesia va reveni va intra pe aceast\u0103 poart\u0103.<br \/>\nDe fric\u0103, musulmanii, sub domnia lui Ottoman Sultan Suleiman Magnificul (1520-1566) au hot\u0103r\u00e2t s\u0103 \u00eenchid\u0103 accesul pe aceast\u0103 poart\u0103 \u015fi au \u00een\u0103l\u0163at un zid. La intrarea \u00een Ierusalim Isus a fost \u00eent\u00e2mpinat cu ramuri de palmier \u015fi m\u0103slin.<\/p>\n<p style=\"text-align: justify;\">\n<p style=\"text-align: justify;\">La Daci, frunzele\/florile de salcie vesteau Reinvierea naturii. Ramurile \u00eenmugurite ale acestui copac sunt folosite si azi , la noi, la daco\/rom\u00e2ni \u00een procesiunea din Duminica Floriilor, in Biserica noastr\u0103 Dacic\u0103. Frunzele de palmier, au \u00eenlocuit cele de salcie, dar nu si la noi, in Biserica noastr\u0103 Dacic\u0103.<\/p>\n<p style=\"text-align: justify;\">\n<p style=\"text-align: justify;\">Poate c\u0103 vi se pare pu\u0163in cam exagerat s\u0103 ne numim Biserica noastr\u0103 Dacic\u0103, a\u015fa c\u0103 vreau s\u0103 v\u0103 mentionez\u00a0 c\u00e2teva r\u00e2nduri din \u201eIstoria bisericii rom\u00e2ne\u201d, Pr.Ion Vicovan, vol,II, pg.174, ed.Trinitas, Ia\u015fi, 2002: \u201e&#8230;patriarhul ecumenic Sofronie a convocat \u00een aprilie 1865 Marele Sinod patriarhal, c\u0103ruia i-a supus spre deliberare &lt; cele trei proiecte de LEGI DACICE..&gt;..declararea de catre sine a Bisericii Dacice ca independent\u0103&#8230; \u00cen acelasi timp, Sinodul patriarhal a hotar\u00e2t ca un delegat al Marii Biserici s\u0103 fie trimis \u00een &lt;Principatele Unite DACICE&gt;&#8230;\u201d<\/p>\n<p style=\"text-align: justify;\">\n<p><strong><br \/>\n<\/strong><\/p>\n<p style=\"text-align: center;\"><strong>Dr. Napoleon S\u0102VESCU<\/strong><\/p>\n<p style=\"text-align: center;\"><strong>New York, SUA<\/strong><\/p>\n<p style=\"text-align: center;\"><strong>5 aprilie 2015<\/strong><\/p>\n<p>&nbsp;<\/p>\n","protected":false},"excerpt":{"rendered":"<p>Ca multe s\u0103rb\u0103tori cre\u015ftine, ini\u0163ial a fost o s\u0103rb\u0103toare p\u0103g\u00e2n\u0103, dacic\u0103, a vegeta\u0163iei \u015fi a fertilita\u0163ii, peste care cre\u015ftinismul a [&#038;hellip<\/p>\n","protected":false},"author":1,"featured_media":0,"comment_status":"closed","ping_status":"closed","sticky":false,"template":"","format":"standard","meta":{"footnotes":""},"categories":[3],"tags":[],"class_list":["post-22778","post","type-post","status-publish","format-standard","hentry","category-articole"],"_links":{"self":[{"href":"https:\/\/www.marianagurza.ro\/blog\/wp-json\/wp\/v2\/posts\/22778","targetHints":{"allow":["GET"]}}],"collection":[{"href":"https:\/\/www.marianagurza.ro\/blog\/wp-json\/wp\/v2\/posts"}],"about":[{"href":"https:\/\/www.marianagurza.ro\/blog\/wp-json\/wp\/v2\/types\/post"}],"author":[{"embeddable":true,"href":"https:\/\/www.marianagurza.ro\/blog\/wp-json\/wp\/v2\/users\/1"}],"replies":[{"embeddable":true,"href":"https:\/\/www.marianagurza.ro\/blog\/wp-json\/wp\/v2\/comments?post=22778"}],"version-history":[{"count":2,"href":"https:\/\/www.marianagurza.ro\/blog\/wp-json\/wp\/v2\/posts\/22778\/revisions"}],"predecessor-version":[{"id":22781,"href":"https:\/\/www.marianagurza.ro\/blog\/wp-json\/wp\/v2\/posts\/22778\/revisions\/22781"}],"wp:attachment":[{"href":"https:\/\/www.marianagurza.ro\/blog\/wp-json\/wp\/v2\/media?parent=22778"}],"wp:term":[{"taxonomy":"category","embeddable":true,"href":"https:\/\/www.marianagurza.ro\/blog\/wp-json\/wp\/v2\/categories?post=22778"},{"taxonomy":"post_tag","embeddable":true,"href":"https:\/\/www.marianagurza.ro\/blog\/wp-json\/wp\/v2\/tags?post=22778"}],"curies":[{"name":"wp","href":"https:\/\/api.w.org\/{rel}","templated":true}]}}