{"id":22820,"date":"2015-04-07T09:00:34","date_gmt":"2015-04-07T09:00:34","guid":{"rendered":"http:\/\/www.marianagurza.ro\/blog\/?p=22820"},"modified":"2015-04-07T09:04:46","modified_gmt":"2015-04-07T09:04:46","slug":"anatol-covali-rugaciune-in-sfanta-si-marea-zi-de-marti-din-saptamana-patimilor","status":"publish","type":"post","link":"https:\/\/www.marianagurza.ro\/blog\/2015\/04\/07\/anatol-covali-rugaciune-in-sfanta-si-marea-zi-de-marti-din-saptamana-patimilor\/","title":{"rendered":"Anatol Covali: Rug\u0103ciune \u00een Sf\u00e2nta \u015fi Marea zi de Mar\u0163i din S\u0103pt\u0103m\u00e2na Patimilor"},"content":{"rendered":"<p style=\"text-align: center;\"><a href=\"http:\/\/www.marianagurza.ro\/blog\/wp-content\/uploads\/2015\/04\/sfanta_si_marea_marti_-_fecioarele_cele_intelepte.jpg\"><img loading=\"lazy\" decoding=\"async\" class=\"size-medium wp-image-22821\" title=\"sfanta_si_marea_marti_-_fecioarele_cele_intelepte\" src=\"http:\/\/www.marianagurza.ro\/blog\/wp-content\/uploads\/2015\/04\/sfanta_si_marea_marti_-_fecioarele_cele_intelepte-300x223.jpg\" alt=\"\" width=\"300\" height=\"223\" srcset=\"https:\/\/www.marianagurza.ro\/blog\/wp-content\/uploads\/2015\/04\/sfanta_si_marea_marti_-_fecioarele_cele_intelepte-300x223.jpg 300w, https:\/\/www.marianagurza.ro\/blog\/wp-content\/uploads\/2015\/04\/sfanta_si_marea_marti_-_fecioarele_cele_intelepte.jpg 800w\" sizes=\"auto, (max-width: 300px) 100vw, 300px\" \/><\/a><\/p>\n<p><strong>Rug\u0103ciune \u00een Sf\u00e2nta \u015fi Marea zi de<br \/>\nMar\u0163i din S\u0103pt\u0103m\u00e2na Patimilor<\/strong><\/p>\n<p>&nbsp;<\/p>\n<p>A\u015ftept, Iisuse, s\u0103 \u00eemi ba\u0163i \u00een poart\u0103<br \/>\n\u015fi tremur fiindc\u0103 nu sunt preg\u0103tit.<br \/>\nSufletul meu \u00eendeajuns nu iart\u0103<br \/>\n\u015fi untdelemnul \u00eenc\u0103 nu-i sfin\u0163it.<\/p>\n<p>&nbsp;<\/p>\n<p>M-asem\u0103n cu fecioarele nebune<br \/>\nce au r\u0103mas afar\u0103 suspin\u00e2nd,<br \/>\nc\u0103ci nu am str\u00e2ns destule fapte bune,<br \/>\niar milostiv am fost din c\u00e2nd \u00een c\u00e2nd.<\/p>\n<p>&nbsp;<\/p>\n<p>N-am dat nicic\u00e2nd c\u0103ma\u015fa de pe mine,<br \/>\nn-am alinat \u00eentruna orice pl\u00e2ns,<br \/>\nam f\u0103cut, Doamne Sf\u00e2nt, prea pu\u0163in bine,<br \/>\ndoar pentru-al meu folos comori am str\u00e2ns.<\/p>\n<p>&nbsp;<\/p>\n<p>Cad \u00een genunchi \u00een lacrimi \u015fi cu jale<br \/>\nimplor, \u00een rug\u0103ciune pref\u0103cut,<br \/>\nca S\u0103pt\u0103m\u00e2na Patimilor Tale<br \/>\ns\u0103 fie pentru mine-un \u00eenceput.<\/p>\n<p>&nbsp;<\/p>\n<p>Promit s\u0103-mi plec trufia \u00een smerenii<br \/>\n\u015fi orice ur\u0103 s\u0103 o iert firesc,<br \/>\ns\u0103 str\u00e2ng ulei sfin\u0163it din milostenii,<br \/>\nca mila Ta, Iisuse, s-o primesc.<\/p>\n<p>&nbsp;<\/p>\n<p align=\"center\"><strong>Anatol Covali<\/strong><\/p>\n","protected":false},"excerpt":{"rendered":"<p>Rug\u0103ciune \u00een Sf\u00e2nta \u015fi Marea zi de Mar\u0163i din S\u0103pt\u0103m\u00e2na Patimilor &nbsp; A\u015ftept, Iisuse, s\u0103 \u00eemi ba\u0163i \u00een poart\u0103 \u015fi [&#038;hellip<\/p>\n","protected":false},"author":1,"featured_media":0,"comment_status":"closed","ping_status":"closed","sticky":false,"template":"","format":"standard","meta":{"footnotes":""},"categories":[3],"tags":[],"class_list":["post-22820","post","type-post","status-publish","format-standard","hentry","category-articole"],"_links":{"self":[{"href":"https:\/\/www.marianagurza.ro\/blog\/wp-json\/wp\/v2\/posts\/22820","targetHints":{"allow":["GET"]}}],"collection":[{"href":"https:\/\/www.marianagurza.ro\/blog\/wp-json\/wp\/v2\/posts"}],"about":[{"href":"https:\/\/www.marianagurza.ro\/blog\/wp-json\/wp\/v2\/types\/post"}],"author":[{"embeddable":true,"href":"https:\/\/www.marianagurza.ro\/blog\/wp-json\/wp\/v2\/users\/1"}],"replies":[{"embeddable":true,"href":"https:\/\/www.marianagurza.ro\/blog\/wp-json\/wp\/v2\/comments?post=22820"}],"version-history":[{"count":3,"href":"https:\/\/www.marianagurza.ro\/blog\/wp-json\/wp\/v2\/posts\/22820\/revisions"}],"predecessor-version":[{"id":22823,"href":"https:\/\/www.marianagurza.ro\/blog\/wp-json\/wp\/v2\/posts\/22820\/revisions\/22823"}],"wp:attachment":[{"href":"https:\/\/www.marianagurza.ro\/blog\/wp-json\/wp\/v2\/media?parent=22820"}],"wp:term":[{"taxonomy":"category","embeddable":true,"href":"https:\/\/www.marianagurza.ro\/blog\/wp-json\/wp\/v2\/categories?post=22820"},{"taxonomy":"post_tag","embeddable":true,"href":"https:\/\/www.marianagurza.ro\/blog\/wp-json\/wp\/v2\/tags?post=22820"}],"curies":[{"name":"wp","href":"https:\/\/api.w.org\/{rel}","templated":true}]}}