{"id":22826,"date":"2015-04-07T10:26:55","date_gmt":"2015-04-07T10:26:55","guid":{"rendered":"http:\/\/www.marianagurza.ro\/blog\/?p=22826"},"modified":"2015-04-07T10:29:59","modified_gmt":"2015-04-07T10:29:59","slug":"sergiu-gabureac-postacul","status":"publish","type":"post","link":"https:\/\/www.marianagurza.ro\/blog\/2015\/04\/07\/sergiu-gabureac-postacul\/","title":{"rendered":"Sergiu G\u0103bureac: Postacul"},"content":{"rendered":"<p style=\"text-align: justify;\"><a href=\"http:\/\/www.marianagurza.ro\/blog\/wp-content\/uploads\/2015\/04\/sergiu_gabureac_1428400593.jpg\"><img loading=\"lazy\" decoding=\"async\" class=\"alignleft size-medium wp-image-22827\" title=\"sergiu_gabureac_1428400593\" src=\"http:\/\/www.marianagurza.ro\/blog\/wp-content\/uploads\/2015\/04\/sergiu_gabureac_1428400593-225x300.jpg\" alt=\"\" width=\"225\" height=\"300\" srcset=\"https:\/\/www.marianagurza.ro\/blog\/wp-content\/uploads\/2015\/04\/sergiu_gabureac_1428400593-225x300.jpg 225w, https:\/\/www.marianagurza.ro\/blog\/wp-content\/uploads\/2015\/04\/sergiu_gabureac_1428400593.jpg 300w\" sizes=\"auto, (max-width: 225px) 100vw, 225px\" \/><\/a>\u00cenc\u0103 de la \u00eenceputul derul\u0103rii programului \u201eHomo sapiens\u201d ajuns, dup\u0103 unii speciali\u015fti, la al treilea proiect, componenta sa principal\u0103, OMUL, a sim\u0163it nevoia s\u0103 comunice. Lelea Safta mi-a f\u0103cut, deja, o scurt\u0103 trecere \u00een revist\u0103 a etapelor comunic\u0103rii \u00een cadrul unui workshop ad-hoc. Telepatosfera nu a folosit limbajul articulat. Comunicarea se petrecea la nivelul undelor emise de creier. \u00cemi sunt, \u00eenc\u0103, proaspete informa\u0163iile privind experimentele telepatice din timpul misiunii spa\u0163iale Apollo 14, c\u00e2t \u015fi cele de la b\u00e2lciul copil\u0103riei mele cu \u201eLume, lume! Pentru prima oar\u0103 \u00een ora\u015ful dumneavoastr\u0103 maestrul care \u00ee\u0163i ghicea g\u00e2ndurile!\u201d. G\u00e2ndul zboar\u0103 cu viteze cosmice. Se pare c\u0103 Asocia\u0163ia Soacra&amp;Nora a protestat \u015fi atunci, Managerul \u015fef a lansat urm\u0103toarea etap\u0103 logosfera.<\/p>\n<p style=\"text-align: justify;\">Mii de ani i-au trebuit bipedului s\u0103 articuleze, p\u00e2n\u0103 a ajuns la peste 6.000 de limbi. Toate din dorin\u0163a de secretizare a informa\u0163iilor! Numai \u00een Papua-Guineea sunt cca 820 de limbi! Vii! Azi, obligat\u0103 de evolu\u0163ia a mijloacelor de transport, a comer\u0163ului, a turismului, a tehnologiilor de comunicare&#8230; omenirea utilizeaz\u0103, intens, doar vreo 10 de limbi. Francgleza \u015fi m\u00e2inile! Are mult umor lelea Safta!<\/p>\n<p style=\"text-align: justify;\">Cu scrisul e ceva mai dificil, de\u015fi ne afl\u0103m, \u00eenc\u0103 \u00een plin\u0103 etap\u0103 a grafosferei, lansat\u0103 la sumerieni. Dac\u0103 te iei dup\u0103 dacologii ultras, cu cele trei fragmente de la T\u0103rt\u0103ria, ajungi la alte concluzii! Paradoxal, analfabetismul revine \u00een for\u0163\u0103 \u00een lumea civilizat\u0103 unde scrierea se degradeaz\u0103 tot mai mult din cauza intr\u0103rii, de c\u00e2teva decenii bune, \u00een etapa cea mai spectaculoas\u0103 a comunic\u0103rii. Audio-videosfera. Utilizarea intens\u0103 a tehnologiilor de ultim\u0103 or\u0103 conduc, desigur, spre un alt tip de analfabetism. De fapt, ne \u00eentoarcem la \u00eenceputuri. F\u0103r\u0103 virgul\u0103, punct, f\u0103r\u0103 vocale, majuscule \u015fi ceea ce mi se pare cel mai grav, f\u0103r\u0103 literele alfabetului nostru str\u0103mo\u015fesc.<\/p>\n<p style=\"text-align: justify;\">*<\/p>\n<p style=\"text-align: justify;\">\u201eDiferen\u0163a de la vorb\u0103 la fapt\u0103 la postaci. Din 21.12.2014 <a title=\"Detalii despre Klaus Iohannis\" href=\"http:\/\/politicieni.mediafax.ro\/politicieni\/?nume=Klaus%20Iohannis#search\" target=\"_blank\">Klaus Iohannis<\/a> a postat 103 mesaje \u00een 100 zile. Din 21.12.2014 eu am postat 31 mesaje, tot in 100 zile. Zi Iohannis, care din noi doi este mai&#8230; postac?&#8221;, a scris B\u0103sescu pe contul s\u0103u de facebook la 31 martie a.c. Nu fac analize gramaticale. Se \u015ftie c\u0103 fostul pre\u015fedinte nu e pe felie (vorba nepotului) la acest capitol. Ca \u015fi la altele. Modul de concepere a paginii de facebook spune multe. Nu are nimic din aerul unui fost pre\u015fedinte de \u0163ar\u0103, fost \u201e\u015fef de stat\u201d, cum se autointitula. Culmea a numit contul: <a href=\"https:\/\/www.facebook.com\/PresedinteleTraianBasescu\" target=\"_blank\">https:\/\/www.facebook.com\/PresedinteleTraianBasescu<\/a><\/p>\n<p style=\"text-align: justify;\">\u015etiam c\u0103 pre\u015fedinte este neam\u0163ul nu marinerul! S\u0103 fie semnul unui accent de paranoia!? Grav! Revin. M\u0103 intereseaz\u0103 doar mesajul \u00een sine, corelat cu no\u0163iunea de postac. Ce crim\u0103 a comis Johannis pe<a href=\"https:\/\/www.facebook.com\/IohannisPresedinte?fref=ts\" target=\"_blank\"> https:\/\/www.facebook.com\/IohannisPresedinte?fref=ts<\/a><\/p>\n<p style=\"text-align: justify;\">A comunicat, \u015fi pe cea mai utilizat\u0103 re\u0163ea de socializare, cu poporul, ce face \u00een dealul Cotrocenilor. Nu numai pe celelalte canale obi\u015fnuite. M-am obi\u015fnuit, deja, cu mesajele sale scurte, f\u0103r\u0103 \u00eenflorituri, care rezolv\u0103, \u00een bun\u0103 parte informarea asupra activit\u0103\u0163ii institu\u0163iei preziden\u0163iale. Ehei, unde sunt ie\u015firile de alt\u0103dat\u0103 la or\u0103 de sear\u0103?! Spre bucuria jurnali\u015ftilor \u00een c\u0103utare de senza\u0163ional ! Acum, mul\u0163i au intrat \u00een depresie. Nu \u015ftiu ce s\u0103 mai inventeze! Breaking News nu mai este nici Breaking \u015fi nici News!<\/p>\n<p style=\"text-align: justify;\">Con\u0163inutul celor 103 mesaje ale pre\u015fedintelui nu-l calific\u0103 deloc a fi postac. \u00cen sensul conota\u0163iei negative date, pe bun\u0103 dreptate, mercenarilor pl\u0103ti\u0163i s\u0103 posteze pe re\u0163elele de socializare virtuale informa\u0163ii false sau alarmiste cu scopul v\u0103dit al intoxic\u0103rii, manipul\u0103rii pe anumite teme. \u00cen special politice. Vezi postacii pro ru\u015fi, recent reactiva\u0163i, sau postacii b\u0103si\u015fti, dar \u015fi ai altor partide. \u00cen general, observ c\u0103 ei nu-\u015fi declin\u0103 identitatea \u015fi la poza de profil pun diferite imagini numai chipul lor real, nu. Limbajul postacilor este, \u00een general, unul obsesiv-agresiv, apocaliptic, defetist, chiar amenin\u0163\u0103tor. Mesajele lui Johannis nu au nimic din toate acestea, el dovedindu-se a fi doar un comunicator. A\u015fa cum sunt mai to\u0163i cei care utilizeaz\u0103 Facebook-ul, Twiter-ul etc.<\/p>\n<p style=\"text-align: justify;\">Oamenii simt nevoia s\u0103-\u015fi comunice bucuriile, realiz\u0103rile, impresiile despre un eveniment sau altul, pasiunile, preocup\u0103rile cotidiene, pun \u00eentreb\u0103ri, cer sfaturi&#8230; e o lume divers\u0103, uneori ciudat\u0103, a\u015fa cum o vezi \u015fi pe strad\u0103 sau la diverse \u00eent\u00e2lniri. Nu v\u0103d nimic nociv \u00eentr-o astfel de comunicare, ei nefiind \u00een niciun caz postaci! Ce face Demisul prin cele 31 de mesaje postate \u00een ultima sut\u0103 de zile invocat\u0103? Continu\u0103, \u00een fapt, obsesia sa de a da indica\u0163ii, de a b\u0103ga b\u0103\u0163ul prin gard \u015fi de a incita. Ceea ce comunic\u0103 chiar coverul paginii de facebook. Nu se obi\u015fnuie\u015fte cu g\u00e2ndul c\u0103 e pensionar debutant! \u00cen realitate, nu cantitatea de mesaje postate, d\u0103 calificativul de postac, ci ceea ce urm\u0103re\u015fte autorul lor prin con\u0163inutul lotr manipulator \u015fi ton.<\/p>\n<p style=\"text-align: justify;\">Iat\u0103 c\u00e2teva mostre ale Demisului, \u00een afara celui amintit: \u201ePentru cei care mor de grija altora &#8230;\u201d este \u00eenceputul altei post\u0103ri al fostului pre\u015fedinte de \u0163ar\u0103! Nu mai vorbesc de denun\u0163urile sau amenin\u0163\u0103rile dezonorante pentru un fost \u201e\u015fef de stat\u201d \u201eAceast\u0103 slug\u0103 a lui Victor Viorel Ponta trebuie s\u0103 ajung\u0103 urgent \u00een fa\u0163a justi\u0163iei.\u201d sau \u201eLing\u0103torul de clan\u0163e de ambasade occidentale \u015fi admirator de picioare &#8230;\u201d \u015f.a.m.d. Limbaj pe care nici Lelea Saft\u0103 nu \u015fi-l permite pe marginea \u015fan\u0163ului \u00a0tradi\u0163ional! A\u015fa te \u00eentrebi, f\u0103r\u0103 s\u0103 vrei, care o fi postacul?<\/p>\n<p style=\"text-align: justify;\"><strong>Pilula destresant\u0103<\/strong><\/p>\n<p style=\"text-align: justify;\">Dup\u0103 \u00eemperecherea rechinului cu pe\u015fti\u015forul de aur, a rezultat noul pe\u015fte de aur care \u00ee\u0163i \u00eendepline\u015fte ultimele 3 dorin\u0163e !<\/p>\n<p>&nbsp;<\/p>\n<p>*<\/p>\n<p>Toate bune!?!<\/p>\n<p>Ai nevoie de o informa\u0163ie?<\/p>\n<p>Mic\u0103, mic\u0103? O rezolv\u0103m \u00eempreun\u0103.<\/p>\n<p>Trimite mai departe! Mul\u0163umiri! S\u0103 se vad\u0103! Ne-am eliberat de fric\u0103!<\/p>\n<p>&#8212;&#8212;&#8212;&#8212;&#8212;-<\/p>\n<p><strong>Sergiu G\u0102BUREAC <\/strong><\/p>\n<p><strong><span style=\"text-decoration: underline;\"><a href=\"http:\/\/blogulluigabu.blogspot.ro\">http:\/\/blogulluigabu.blogspot.ro<\/a><\/span><\/strong><\/p>\n<p><strong><a href=\"http:\/\/www.facebook.com\/sergiu.gabureac.3\" target=\"_blank\">http:\/\/www.facebook.com\/sergiu.gabureac.3<\/a>\u00a0\u00a0\u00a0\u00a0\u00a0\u00a0\u00a0\u00a0\u00a0 <\/strong><strong><\/strong><\/p>\n<p><strong>Bucure\u015fti<\/strong><\/p>\n<p><strong>s\u00e2mb\u0103t\u0103, 4 aprilie 2015<\/strong><\/p>\n","protected":false},"excerpt":{"rendered":"<p>\u00cenc\u0103 de la \u00eenceputul derul\u0103rii programului \u201eHomo sapiens\u201d ajuns, dup\u0103 unii speciali\u015fti, la al treilea proiect, componenta sa principal\u0103, OMUL, [&#038;hellip<\/p>\n","protected":false},"author":1,"featured_media":0,"comment_status":"closed","ping_status":"closed","sticky":false,"template":"","format":"standard","meta":{"footnotes":""},"categories":[3],"tags":[],"class_list":["post-22826","post","type-post","status-publish","format-standard","hentry","category-articole"],"_links":{"self":[{"href":"https:\/\/www.marianagurza.ro\/blog\/wp-json\/wp\/v2\/posts\/22826","targetHints":{"allow":["GET"]}}],"collection":[{"href":"https:\/\/www.marianagurza.ro\/blog\/wp-json\/wp\/v2\/posts"}],"about":[{"href":"https:\/\/www.marianagurza.ro\/blog\/wp-json\/wp\/v2\/types\/post"}],"author":[{"embeddable":true,"href":"https:\/\/www.marianagurza.ro\/blog\/wp-json\/wp\/v2\/users\/1"}],"replies":[{"embeddable":true,"href":"https:\/\/www.marianagurza.ro\/blog\/wp-json\/wp\/v2\/comments?post=22826"}],"version-history":[{"count":3,"href":"https:\/\/www.marianagurza.ro\/blog\/wp-json\/wp\/v2\/posts\/22826\/revisions"}],"predecessor-version":[{"id":22829,"href":"https:\/\/www.marianagurza.ro\/blog\/wp-json\/wp\/v2\/posts\/22826\/revisions\/22829"}],"wp:attachment":[{"href":"https:\/\/www.marianagurza.ro\/blog\/wp-json\/wp\/v2\/media?parent=22826"}],"wp:term":[{"taxonomy":"category","embeddable":true,"href":"https:\/\/www.marianagurza.ro\/blog\/wp-json\/wp\/v2\/categories?post=22826"},{"taxonomy":"post_tag","embeddable":true,"href":"https:\/\/www.marianagurza.ro\/blog\/wp-json\/wp\/v2\/tags?post=22826"}],"curies":[{"name":"wp","href":"https:\/\/api.w.org\/{rel}","templated":true}]}}