{"id":22855,"date":"2015-04-08T06:58:50","date_gmt":"2015-04-08T06:58:50","guid":{"rendered":"http:\/\/www.marianagurza.ro\/blog\/?p=22855"},"modified":"2015-04-08T06:58:50","modified_gmt":"2015-04-08T06:58:50","slug":"george-anca-mare-esti-tu-o-doamne","status":"publish","type":"post","link":"https:\/\/www.marianagurza.ro\/blog\/2015\/04\/08\/george-anca-mare-esti-tu-o-doamne\/","title":{"rendered":"George Anca: Mare e\u0219ti Tu, O Doamne"},"content":{"rendered":"<p style=\"text-align: center;\"><img loading=\"lazy\" decoding=\"async\" id=\"irc_mi\" src=\"http:\/\/www.doxologia.ro\/sites\/default\/files\/rugaciune\/2013\/11\/iisus-hristos-invatator-1.jpg\" alt=\"\" width=\"286\" height=\"399\" \/><\/p>\n<p><em>Sf\u00e2ntul Augustin<\/em><\/p>\n<p>&nbsp;<\/p>\n<p><strong><em>Mare e\u0219ti Tu, O Doamne<\/em><\/strong><\/p>\n<p>&nbsp;<\/p>\n<p>Mare e\u0219ti Tu, O Doamne, \u0219i mult a fi l\u0103udat;<\/p>\n<p>Mare e puterea Ta, iar \u00een\u021belepciunea Ta n-are sf\u00e2r\u0219it.<\/p>\n<p>\u0218i omul, fiind o parte a crea\u021biei Tale, dore\u0219te s\u0103 Te laude,<\/p>\n<p>Omul, care-\u0219i poart\u0103 cu el mortalitatea,<\/p>\n<p>Martorul p\u0103catului s\u0103u, chiar martorul c\u0103ruia Tu &#8216;alungi trufa\u0219ul&#8217;,<\/p>\n<p>Ci omul, aceast\u0103 parte a crea\u021biei Tale, dore\u0219te s\u0103 Te laude.<\/p>\n<p>Tu ne por\u021bi \u00een fericire c\u00e2nd Te l\u0103ud\u0103m:<\/p>\n<p>Pentru c\u0103 tu ne-ai format pentru Tine,<\/p>\n<p>\u0218i inimile noastre sunt f\u0103r\u0103 odihn\u0103 p\u00e2n\u0103 \u00ee\u0219i afl\u0103 odihn\u0103 \u00een Tine.<\/p>\n<p>&nbsp;<\/p>\n<p><em>Grigore de Nazians<\/em><\/p>\n<p>&nbsp;<\/p>\n<p><strong><em>O, tu, Cuv\u00e2nt de adev\u0103r divin!<\/em><\/strong><\/p>\n<p>&nbsp;<\/p>\n<p>O, tu, Cuv\u00e2nt de adev\u0103r divin!<\/p>\n<p>Luminii toate nu \u021bi-am fost afin,<\/p>\n<p>Nici ziua \u021aie-ntreag\u0103 s\u0103 o \u021bin;<\/p>\n<p>C\u0103 pete negre ai v\u0103zut \u00eentin.<\/p>\n<p>&nbsp;<\/p>\n<p>Ziua c\u0103zu, noaptea s-a r\u0103sp\u00e2ndit:<\/p>\n<p>Crez, Doamne, \u021ai-am \u0103mp\u0103rt\u0103\u0219it;<\/p>\n<p>Jur\u00e2nd, g\u00e2ndind s-ajung, m-am r\u0103t\u0103cit,<\/p>\n<p>Pa\u0219ii \u00een alt\u0103 parte au p\u0103\u0219it.<\/p>\n<p>&nbsp;<\/p>\n<p>O bezn\u0103 a venit de dedesubt<\/p>\n<p>\u00centunec\u00e2nd ai m\u00e2ntuirii fii.<\/p>\n<p>Lumina Ta, Hristoase, dar de frupt,<\/p>\n<p>\u00centoarc\u0103 \u00eentunericul \u00een zi.<\/p>\n<p>&nbsp;<\/p>\n<p>&nbsp;<\/p>\n<p><em>Thomas Aquinas<\/em><\/p>\n<p>&nbsp;<\/p>\n<p><strong><em>Sacre solemnii<\/em><\/strong><\/p>\n<p>&nbsp;<\/p>\n<p>Sacre solemnii<\/p>\n<p>cu bucurii<\/p>\n<p>\u0219i ale inimii<\/p>\n<p>ecouri vii;<\/p>\n<p>ce-i vechi s-acoper\u0103,<\/p>\n<p>toate-s noi noimii,<\/p>\n<p>inim\u0103, voci, oper\u0103.<\/p>\n<p>&nbsp;<\/p>\n<p>Noapte aminte<\/p>\n<p>cina novissima;<\/p>\n<p>Christus credinte<\/p>\n<p>mielul \u0219i azyma<\/p>\n<p>fra\u021bilor dat\u0103,<\/p>\n<p>dreapta legitima<\/p>\n<p>din vechi \u00eencredin\u021bat\u0103.<\/p>\n<p>&nbsp;<\/p>\n<p>Dup\u0103 miel typicum,<\/p>\n<p>osp\u0103\u021bul s-a \u00eencheiat,<\/p>\n<p>Corpus Dominicum<\/p>\n<p>ucenicilor dat,<\/p>\n<p>astfel tot totului,<\/p>\n<p>fiec\u0103ruia dat<\/p>\n<p>chiar din m\u00e2inile lui.<\/p>\n<p>&nbsp;<\/p>\n<p>Le-a dat firava<\/p>\n<p>carne a trupului,<\/p>\n<p>trist a-ntins, na-v\u0103,<\/p>\n<p>pocalul s\u00e2ngelui,<\/p>\n<p>zic\u00e2nd: Accipite<\/p>\n<p>pahar ofrand\u0103;<\/p>\n<p>to\u021bi din el bibite.<\/p>\n<p>&nbsp;<\/p>\n<p>Astfel jertfire<\/p>\n<p>instituit-a,<\/p>\n<p>c\u0103rei slujire<\/p>\n<p>preo\u021bi menit-a,<\/p>\n<p>numai prela\u021bii<\/p>\n<p>congrui din vipt a<\/p>\n<p>da \u0219i la al\u021bii.<\/p>\n<p>&nbsp;<\/p>\n<p>P\u00e2inea angelic\u0103<\/p>\n<p>se face hominum;<\/p>\n<p>dar p\u00e2ine ceric\u0103<\/p>\n<p>simbol terminum;<\/p>\n<p>ce lucru mirabil<\/p>\n<p>a m\u00e2nca Dominum<\/p>\n<p>pauper, rob, umil.<\/p>\n<p>&nbsp;<\/p>\n<p>Sf\u00e2nt\u0103 treime<\/p>\n<p>\u00eentr-unul, ne rug\u0103m:<\/p>\n<p>vino-ne, divine,<\/p>\n<p>cum te ador\u0103m;<\/p>\n<p>pe calea-\u021bi divin\u0103<\/p>\n<p>voia ne urc\u0103m,<\/p>\n<p>locuim lumina.<\/p>\n<p>&nbsp;<\/p>\n<p>&nbsp;<\/p>\n<p><em>Edgar Allan Poe<\/em><\/p>\n<p>&nbsp;<\/p>\n<p><strong><em>Sancta Maria<\/em><\/strong><\/p>\n<p>&nbsp;<\/p>\n<p>Sancta Maria! Ochii pleac\u0103 &#8211;<\/p>\n<p>La focul jertfei, rug\u0103 sacr\u0103,<\/p>\n<p>Iubind, smerind p\u0103cat r\u0103pus &#8211;<\/p>\n<p>Din tronul t\u0103u prea sf\u00e2nt de sus.<\/p>\n<p>&nbsp;<\/p>\n<p>\u00cen zori \u2013 la pr\u00e2nz \u2013 crepuscul sur &#8211;<\/p>\n<p>Maria! mi-auzi imnul pur!<\/p>\n<p>\u00cen chiu \u0219i vai, \u00een r\u0103u \u0219i rai,<\/p>\n<p>Stai, Maica Domnului, mai stai!<\/p>\n<p>&nbsp;<\/p>\n<p>C\u00e2nd Orele zburar\u0103 vii<\/p>\n<p>\u0218i nor nu-\u021bi coper\u0103 t\u0103rii,<\/p>\n<p>Sufletul lene\u0219 a nu-mi fi,<\/p>\n<p>\u00cen harul t\u0103u m\u0103 \u021bii-m\u0103-nfii;<\/p>\n<p>&nbsp;<\/p>\n<p>Acum c\u00e2nd soarta-mi potopi<\/p>\n<p>Prezentul \u0219i Trecutu-n vrii,<\/p>\n<p>Luceasc\u0103-mi Viitorul, vii<\/p>\n<p>Speran\u021be-n tine-mi \u021bii \u0219i-nfii.<\/p>\n<p>&nbsp;<\/p>\n<p style=\"text-align: center;\"><strong>George ANCA<\/strong><\/p>\n<p>&nbsp;<\/p>\n","protected":false},"excerpt":{"rendered":"<p>Sf\u00e2ntul Augustin &nbsp; Mare e\u0219ti Tu, O Doamne &nbsp; Mare e\u0219ti Tu, O Doamne, \u0219i mult a fi l\u0103udat; Mare [&#038;hellip<\/p>\n","protected":false},"author":1,"featured_media":0,"comment_status":"closed","ping_status":"closed","sticky":false,"template":"","format":"standard","meta":{"footnotes":""},"categories":[3],"tags":[],"class_list":["post-22855","post","type-post","status-publish","format-standard","hentry","category-articole"],"_links":{"self":[{"href":"https:\/\/www.marianagurza.ro\/blog\/wp-json\/wp\/v2\/posts\/22855","targetHints":{"allow":["GET"]}}],"collection":[{"href":"https:\/\/www.marianagurza.ro\/blog\/wp-json\/wp\/v2\/posts"}],"about":[{"href":"https:\/\/www.marianagurza.ro\/blog\/wp-json\/wp\/v2\/types\/post"}],"author":[{"embeddable":true,"href":"https:\/\/www.marianagurza.ro\/blog\/wp-json\/wp\/v2\/users\/1"}],"replies":[{"embeddable":true,"href":"https:\/\/www.marianagurza.ro\/blog\/wp-json\/wp\/v2\/comments?post=22855"}],"version-history":[{"count":2,"href":"https:\/\/www.marianagurza.ro\/blog\/wp-json\/wp\/v2\/posts\/22855\/revisions"}],"predecessor-version":[{"id":22858,"href":"https:\/\/www.marianagurza.ro\/blog\/wp-json\/wp\/v2\/posts\/22855\/revisions\/22858"}],"wp:attachment":[{"href":"https:\/\/www.marianagurza.ro\/blog\/wp-json\/wp\/v2\/media?parent=22855"}],"wp:term":[{"taxonomy":"category","embeddable":true,"href":"https:\/\/www.marianagurza.ro\/blog\/wp-json\/wp\/v2\/categories?post=22855"},{"taxonomy":"post_tag","embeddable":true,"href":"https:\/\/www.marianagurza.ro\/blog\/wp-json\/wp\/v2\/tags?post=22855"}],"curies":[{"name":"wp","href":"https:\/\/api.w.org\/{rel}","templated":true}]}}