{"id":22859,"date":"2015-04-08T11:10:28","date_gmt":"2015-04-08T11:10:28","guid":{"rendered":"http:\/\/www.marianagurza.ro\/blog\/?p=22859"},"modified":"2015-04-08T11:10:28","modified_gmt":"2015-04-08T11:10:28","slug":"anatol-covali-rugaciune-in-sfanta-si-marea-zi-de-miercuri-din-saptamana-patimilor","status":"publish","type":"post","link":"https:\/\/www.marianagurza.ro\/blog\/2015\/04\/08\/anatol-covali-rugaciune-in-sfanta-si-marea-zi-de-miercuri-din-saptamana-patimilor\/","title":{"rendered":"Anatol Covali: Rug\u0103ciune \u00een Sf\u00e2nta \u015fi Marea zi de Miercuri din S\u0103pt\u0103m\u00e2na Patimilor"},"content":{"rendered":"<p style=\"text-align: center;\"><a href=\"http:\/\/www.marianagurza.ro\/blog\/wp-content\/uploads\/2015\/04\/miercurea-mare-ziua-in-care-iisus-a-fost-tradat_1810_1_13341403481.jpg\"><img loading=\"lazy\" decoding=\"async\" class=\"size-medium wp-image-22860\" title=\"miercurea-mare-ziua-in-care-iisus-a-fost-tradat_1810_1_1334140348\" src=\"http:\/\/www.marianagurza.ro\/blog\/wp-content\/uploads\/2015\/04\/miercurea-mare-ziua-in-care-iisus-a-fost-tradat_1810_1_13341403481-234x300.jpg\" alt=\"\" width=\"234\" height=\"300\" srcset=\"https:\/\/www.marianagurza.ro\/blog\/wp-content\/uploads\/2015\/04\/miercurea-mare-ziua-in-care-iisus-a-fost-tradat_1810_1_13341403481-234x300.jpg 234w, https:\/\/www.marianagurza.ro\/blog\/wp-content\/uploads\/2015\/04\/miercurea-mare-ziua-in-care-iisus-a-fost-tradat_1810_1_13341403481.jpg 378w\" sizes=\"auto, (max-width: 234px) 100vw, 234px\" \/><\/a><\/p>\n<p><strong>Rug\u0103ciune \u00een Sf\u00e2nta \u015fi Marea zi de<br \/>\nMiercuri din S\u0103pt\u0103m\u00e2na Patimilor<\/strong><\/p>\n<p>&nbsp;<\/p>\n<p>Iisuse-al meu,a\u015f vrea cu mir s\u0103-\u0163i ung<br \/>\ntrupul T\u0103u sf\u00e2nt ce \u015ftie ce-L a\u015fteapt\u0103,<br \/>\nmir scurs din fiecare g\u00e2nd sau fapt\u0103,<br \/>\ndar faptele curate nu-mi ajung.<\/p>\n<p>&nbsp;<\/p>\n<p>Sufletul meu l-a\u015f transforma \u00een mir<br \/>\ns\u0103-\u0162i sp\u0103l cu el sfin\u0163itele picioare,<br \/>\ndar suf\u0103r fiindc\u0103 sufletu-mi nu are<br \/>\n\u00eentr-\u00eensul purit\u0103\u0163i de elixir.<\/p>\n<p>&nbsp;<\/p>\n<p>\u015etiu c\u0103 Tu m-ai ierta,v\u0103z\u00e2nd ce-ndur<br \/>\n\u015fi mi-ai primi ofranda cu iubire,<br \/>\ndar cum s-ating a Ta Dumnezeire<br \/>\ncu mirul meu ce nu e \u00eenc\u0103 pur ?<\/p>\n<p>&nbsp;<\/p>\n<p>Doar lacrimile mele \u00eendr\u0103znesc<br \/>\npicioarele-ndelung s\u0103 \u00ee\u0163i s\u0103rute<br \/>\n\u015fi parc\u0103 simt lumin\u0103 \u00een derute<br \/>\n\u015fi de credin\u0163\u0103 m\u0103 \u00eempodobesc.<\/p>\n<p>&nbsp;<\/p>\n<p>\u015ei pl\u00e2ng \u015ftiind,Iisuse, c\u0103-n cur\u00e2nd<br \/>\npe cruce ai s\u0103 stai \u015fi pentru mine,<br \/>\nb\u0103tut \u015fi insultat f\u0103r\u0103 ru\u015fine,<br \/>\n\u00een timp ce Tu ne vei privi iert\u00e2nd .<\/p>\n<p>&nbsp;<\/p>\n<p align=\"center\"><strong>Anatol Covali<\/strong><\/p>\n","protected":false},"excerpt":{"rendered":"<p>Rug\u0103ciune \u00een Sf\u00e2nta \u015fi Marea zi de Miercuri din S\u0103pt\u0103m\u00e2na Patimilor &nbsp; Iisuse-al meu,a\u015f vrea cu mir s\u0103-\u0163i ung trupul [&#038;hellip<\/p>\n","protected":false},"author":1,"featured_media":0,"comment_status":"closed","ping_status":"closed","sticky":false,"template":"","format":"standard","meta":{"footnotes":""},"categories":[3],"tags":[],"class_list":["post-22859","post","type-post","status-publish","format-standard","hentry","category-articole"],"_links":{"self":[{"href":"https:\/\/www.marianagurza.ro\/blog\/wp-json\/wp\/v2\/posts\/22859","targetHints":{"allow":["GET"]}}],"collection":[{"href":"https:\/\/www.marianagurza.ro\/blog\/wp-json\/wp\/v2\/posts"}],"about":[{"href":"https:\/\/www.marianagurza.ro\/blog\/wp-json\/wp\/v2\/types\/post"}],"author":[{"embeddable":true,"href":"https:\/\/www.marianagurza.ro\/blog\/wp-json\/wp\/v2\/users\/1"}],"replies":[{"embeddable":true,"href":"https:\/\/www.marianagurza.ro\/blog\/wp-json\/wp\/v2\/comments?post=22859"}],"version-history":[{"count":2,"href":"https:\/\/www.marianagurza.ro\/blog\/wp-json\/wp\/v2\/posts\/22859\/revisions"}],"predecessor-version":[{"id":22862,"href":"https:\/\/www.marianagurza.ro\/blog\/wp-json\/wp\/v2\/posts\/22859\/revisions\/22862"}],"wp:attachment":[{"href":"https:\/\/www.marianagurza.ro\/blog\/wp-json\/wp\/v2\/media?parent=22859"}],"wp:term":[{"taxonomy":"category","embeddable":true,"href":"https:\/\/www.marianagurza.ro\/blog\/wp-json\/wp\/v2\/categories?post=22859"},{"taxonomy":"post_tag","embeddable":true,"href":"https:\/\/www.marianagurza.ro\/blog\/wp-json\/wp\/v2\/tags?post=22859"}],"curies":[{"name":"wp","href":"https:\/\/api.w.org\/{rel}","templated":true}]}}