{"id":22871,"date":"2015-04-08T13:21:21","date_gmt":"2015-04-08T13:21:21","guid":{"rendered":"http:\/\/www.marianagurza.ro\/blog\/?p=22871"},"modified":"2015-04-08T13:21:21","modified_gmt":"2015-04-08T13:21:21","slug":"franko-sicra-sunt-unul","status":"publish","type":"post","link":"https:\/\/www.marianagurza.ro\/blog\/2015\/04\/08\/franko-sicra-sunt-unul\/","title":{"rendered":"Franko Sicra: Sunt unul&#8230;."},"content":{"rendered":"<p style=\"text-align: center;\"><a href=\"http:\/\/www.marianagurza.ro\/blog\/wp-content\/uploads\/2015\/04\/singur.jpg\"><img loading=\"lazy\" decoding=\"async\" class=\"size-medium wp-image-22872\" title=\"singur\" src=\"http:\/\/www.marianagurza.ro\/blog\/wp-content\/uploads\/2015\/04\/singur-300x187.jpg\" alt=\"\" width=\"300\" height=\"187\" srcset=\"https:\/\/www.marianagurza.ro\/blog\/wp-content\/uploads\/2015\/04\/singur-300x187.jpg 300w, https:\/\/www.marianagurza.ro\/blog\/wp-content\/uploads\/2015\/04\/singur.jpg 1000w\" sizes=\"auto, (max-width: 300px) 100vw, 300px\" \/><\/a><\/p>\n<p><strong>Sunt unul&#8230;.<\/strong><\/p>\n<p>&nbsp;<\/p>\n<p>Sunt unul dintre cei pribegi \u00een lume,<br \/>\nUn fir de praf purtat de v\u00e2nt&#8230;<br \/>\nCutreier printre stele f\u0103r\u0103 nume,<br \/>\nPlimb\u00e2ndu-mi dorul pe p\u0103m\u00e2nt.<\/p>\n<p>&nbsp;<\/p>\n<p>\u00cemi c\u00e2nt un vis pe razele de lun\u0103,<br \/>\nC\u00e2nd seara soarele-\u015fi \u00eenchide pleoap\u0103<br \/>\n\u00cen ro\u015fu s\u00e2ngeriu, ce-n mare st\u0103 s-apun\u0103,<br \/>\nAcoperindu-\u015fi fa\u0163a cu-apei cap\u0103.<\/p>\n<p>&nbsp;<\/p>\n<p>R\u0103t\u0103cesc cu v\u00e2ntul printre arbori,<br \/>\nIar susurul de frunze-mi c\u00e2nt\u0103 dorul,<br \/>\nDescop\u0103r vise din a g\u00e2ndului comori,<br \/>\nSi le a\u015ftern pe unde-\u0163i va c\u0103lca piciorul.<\/p>\n<p>&nbsp;<\/p>\n<p>Izvorul muntelui, cuv\u00e2ntul mi-l adap\u0103,<br \/>\nIn al s\u0103u murmur g\u00e2ndul mi-l a\u015ftern,<br \/>\nD\u00e2ndu-i curs pe-a firului de ap\u0103,<br \/>\n\u00censpre t\u0103r\u00e2mul visului etern.<\/p>\n<p>&nbsp;<\/p>\n<p>Din ochi de z\u00e2n\u0103-mi sorb credin\u0163\u0103,<br \/>\nDin glasul ei, aripi de zbor \u00eemi fac,<br \/>\nPe g\u00e2ndul ei&#8230; m\u0103 duc \u00een nefiin\u0163\u0103 ,<br \/>\nDar prin triste\u0163ea ei&#8230; eu&#8230; mor \u015fi tac .<\/p>\n<p>&nbsp;<\/p>\n<p align=\"center\"><strong>Franko Sicra<br \/>\nRavenna<\/strong><\/p>\n","protected":false},"excerpt":{"rendered":"<p>Sunt unul&#8230;. &nbsp; Sunt unul dintre cei pribegi \u00een lume, Un fir de praf purtat de v\u00e2nt&#8230; Cutreier printre stele [&#038;hellip<\/p>\n","protected":false},"author":1,"featured_media":0,"comment_status":"closed","ping_status":"closed","sticky":false,"template":"","format":"standard","meta":{"footnotes":""},"categories":[3],"tags":[],"class_list":["post-22871","post","type-post","status-publish","format-standard","hentry","category-articole"],"_links":{"self":[{"href":"https:\/\/www.marianagurza.ro\/blog\/wp-json\/wp\/v2\/posts\/22871","targetHints":{"allow":["GET"]}}],"collection":[{"href":"https:\/\/www.marianagurza.ro\/blog\/wp-json\/wp\/v2\/posts"}],"about":[{"href":"https:\/\/www.marianagurza.ro\/blog\/wp-json\/wp\/v2\/types\/post"}],"author":[{"embeddable":true,"href":"https:\/\/www.marianagurza.ro\/blog\/wp-json\/wp\/v2\/users\/1"}],"replies":[{"embeddable":true,"href":"https:\/\/www.marianagurza.ro\/blog\/wp-json\/wp\/v2\/comments?post=22871"}],"version-history":[{"count":2,"href":"https:\/\/www.marianagurza.ro\/blog\/wp-json\/wp\/v2\/posts\/22871\/revisions"}],"predecessor-version":[{"id":22874,"href":"https:\/\/www.marianagurza.ro\/blog\/wp-json\/wp\/v2\/posts\/22871\/revisions\/22874"}],"wp:attachment":[{"href":"https:\/\/www.marianagurza.ro\/blog\/wp-json\/wp\/v2\/media?parent=22871"}],"wp:term":[{"taxonomy":"category","embeddable":true,"href":"https:\/\/www.marianagurza.ro\/blog\/wp-json\/wp\/v2\/categories?post=22871"},{"taxonomy":"post_tag","embeddable":true,"href":"https:\/\/www.marianagurza.ro\/blog\/wp-json\/wp\/v2\/tags?post=22871"}],"curies":[{"name":"wp","href":"https:\/\/api.w.org\/{rel}","templated":true}]}}