{"id":22895,"date":"2015-04-08T18:25:56","date_gmt":"2015-04-08T18:25:56","guid":{"rendered":"http:\/\/www.marianagurza.ro\/blog\/?p=22895"},"modified":"2015-04-08T18:25:56","modified_gmt":"2015-04-08T18:25:56","slug":"camelia-cristea-flacara-credintei","status":"publish","type":"post","link":"https:\/\/www.marianagurza.ro\/blog\/2015\/04\/08\/camelia-cristea-flacara-credintei\/","title":{"rendered":"Camelia Cristea: Flac\u0103ra credin\u021bei"},"content":{"rendered":"<p style=\"text-align: center;\"><a href=\"http:\/\/www.marianagurza.ro\/blog\/wp-content\/uploads\/2015\/04\/imagine-net.jpg\"><img loading=\"lazy\" decoding=\"async\" class=\"size-medium wp-image-22896\" title=\"imagine net\" src=\"http:\/\/www.marianagurza.ro\/blog\/wp-content\/uploads\/2015\/04\/imagine-net-300x225.jpg\" alt=\"\" width=\"300\" height=\"225\" srcset=\"https:\/\/www.marianagurza.ro\/blog\/wp-content\/uploads\/2015\/04\/imagine-net-300x225.jpg 300w, https:\/\/www.marianagurza.ro\/blog\/wp-content\/uploads\/2015\/04\/imagine-net.jpg 1024w\" sizes=\"auto, (max-width: 300px) 100vw, 300px\" \/><\/a><\/p>\n<p><strong>\u00a0\u00a0\u00a0\u00a0\u00a0\u00a0\u00a0\u00a0\u00a0 FLAC\u0102RA\u00a0 CREDIN\u021aEI<\/strong><\/p>\n<p>&nbsp;<\/p>\n<p>Peste \u015ferpi \u015fi peste scorpii<\/p>\n<p>Ai c\u0103lcat cu pasul drept,<\/p>\n<p>De-a\u015f vedea eu toate astea,<\/p>\n<p>C\u00e2t a\u015f fi de \u00een\u0163elept?<\/p>\n<p>&nbsp;<\/p>\n<p>Ai b\u0103tut z\u0103d\u0103rnicia<\/p>\n<p>Cu toiagul biruin\u0163ei<\/p>\n<p>\u015ei-ai urcat pe drumul crucii<\/p>\n<p>Doar cu flac\u0103ra credin\u0163ei!<\/p>\n<p>&nbsp;<\/p>\n<p>Ai rupt lan\u0163ul de p\u0103cat<\/p>\n<p>\u015ei \u00een iad l-ai \u00eengropat<\/p>\n<p>Ai pus pod de flori spre lume,<\/p>\n<p>Fl\u0103c\u0103ri vii, \u00een rug\u0103ciune!<\/p>\n<p>&nbsp;<\/p>\n<p>Doar c-o lacrim\u0103 de s\u00e2nge<\/p>\n<p>Vindeci lumea de nevoi,<\/p>\n<p>Suli\u0163a \u00eenfipt\u0103-n coast\u0103,<\/p>\n<p>Tot calvarul pentru noi!<\/p>\n<p>&nbsp;<\/p>\n<p>Ridic ochii mei spre cer<\/p>\n<p>\u015ei te chem \u00een rug\u0103ciune,<\/p>\n<p>Am n\u0103dejde ca t\u00e2lharul<\/p>\n<p>S\u0103 sporesc \u00een cele bune!<\/p>\n<p>&nbsp;<\/p>\n<p align=\"center\"><strong>Camelia Cristea<\/strong><\/p>\n<p align=\"center\">23 februarie 2015<\/p>\n","protected":false},"excerpt":{"rendered":"<p>\u00a0\u00a0\u00a0\u00a0\u00a0\u00a0\u00a0\u00a0\u00a0 FLAC\u0102RA\u00a0 CREDIN\u021aEI &nbsp; Peste \u015ferpi \u015fi peste scorpii Ai c\u0103lcat cu pasul drept, De-a\u015f vedea eu toate astea, C\u00e2t [&#038;hellip<\/p>\n","protected":false},"author":1,"featured_media":0,"comment_status":"closed","ping_status":"closed","sticky":false,"template":"","format":"standard","meta":{"footnotes":""},"categories":[3],"tags":[],"class_list":["post-22895","post","type-post","status-publish","format-standard","hentry","category-articole"],"_links":{"self":[{"href":"https:\/\/www.marianagurza.ro\/blog\/wp-json\/wp\/v2\/posts\/22895","targetHints":{"allow":["GET"]}}],"collection":[{"href":"https:\/\/www.marianagurza.ro\/blog\/wp-json\/wp\/v2\/posts"}],"about":[{"href":"https:\/\/www.marianagurza.ro\/blog\/wp-json\/wp\/v2\/types\/post"}],"author":[{"embeddable":true,"href":"https:\/\/www.marianagurza.ro\/blog\/wp-json\/wp\/v2\/users\/1"}],"replies":[{"embeddable":true,"href":"https:\/\/www.marianagurza.ro\/blog\/wp-json\/wp\/v2\/comments?post=22895"}],"version-history":[{"count":2,"href":"https:\/\/www.marianagurza.ro\/blog\/wp-json\/wp\/v2\/posts\/22895\/revisions"}],"predecessor-version":[{"id":22898,"href":"https:\/\/www.marianagurza.ro\/blog\/wp-json\/wp\/v2\/posts\/22895\/revisions\/22898"}],"wp:attachment":[{"href":"https:\/\/www.marianagurza.ro\/blog\/wp-json\/wp\/v2\/media?parent=22895"}],"wp:term":[{"taxonomy":"category","embeddable":true,"href":"https:\/\/www.marianagurza.ro\/blog\/wp-json\/wp\/v2\/categories?post=22895"},{"taxonomy":"post_tag","embeddable":true,"href":"https:\/\/www.marianagurza.ro\/blog\/wp-json\/wp\/v2\/tags?post=22895"}],"curies":[{"name":"wp","href":"https:\/\/api.w.org\/{rel}","templated":true}]}}