{"id":22904,"date":"2015-04-08T19:19:45","date_gmt":"2015-04-08T19:19:45","guid":{"rendered":"http:\/\/www.marianagurza.ro\/blog\/?p=22904"},"modified":"2015-04-08T19:19:45","modified_gmt":"2015-04-08T19:19:45","slug":"alin-cucuruzan-glasul-tau-ioane","status":"publish","type":"post","link":"https:\/\/www.marianagurza.ro\/blog\/2015\/04\/08\/alin-cucuruzan-glasul-tau-ioane\/","title":{"rendered":"Alin Cucuruzan: Glasul T\u0103u, Ioane"},"content":{"rendered":"<p style=\"text-align: center;\"><a href=\"http:\/\/www.marianagurza.ro\/blog\/wp-content\/uploads\/2015\/04\/rugaciune3.jpg\"><img loading=\"lazy\" decoding=\"async\" class=\"size-medium wp-image-22905\" title=\"rugaciune3\" src=\"http:\/\/www.marianagurza.ro\/blog\/wp-content\/uploads\/2015\/04\/rugaciune3-300x225.jpg\" alt=\"\" width=\"300\" height=\"225\" srcset=\"https:\/\/www.marianagurza.ro\/blog\/wp-content\/uploads\/2015\/04\/rugaciune3-300x225.jpg 300w, https:\/\/www.marianagurza.ro\/blog\/wp-content\/uploads\/2015\/04\/rugaciune3.jpg 700w\" sizes=\"auto, (max-width: 300px) 100vw, 300px\" \/><\/a><\/p>\n<p><strong>Glasul T\u0103u, Ioane<\/strong><\/p>\n<p><strong>\u00a0<\/strong><\/p>\n<p>Mi-e greu de glasul t\u0103u, Ioane.<br \/>\nC\u0103ci glasul t\u0103u e pl\u00e2ns de \u0163ar\u0103.<br \/>\nMi-e Dun\u0103rea pu\u0163in\u0103 \u015fi murdar\u0103.<br \/>\nMi-e str\u00e2mt\u0103 \u0163ara \u015fi m\u0103 doare.<\/p>\n<p>&nbsp;<\/p>\n<p>Mi-s ochii stin\u015fi de pl\u00e2ns \u015fi jeluire.<br \/>\nM\u0103-nec c-un dumicat de p\u00e2ne-amar\u0103.<br \/>\n\u015ei-ndur oc\u0103rile. A c\u00e2ta oar\u0103?<br \/>\n\u015ei-un clopot prinde glas de t\u00e2nguire.<\/p>\n<p>&nbsp;<\/p>\n<p>Cite\u015fte, Ioane, din Pravila Sf\u00e2nt\u0103!<br \/>\nO rug\u0103 spre Tat\u0103l cu to\u0163i s\u0103-n\u0103l\u0163\u0103m.<br \/>\nAscult\u0103-ne, Doamne. Genunchii plec\u0103m<br \/>\n\u015ei pav\u0103z\u0103 \u0163inem o cruce la grind\u0103.<\/p>\n<p>&nbsp;<\/p>\n<p>Ascult\u0103, Ioane, clopotul ce c\u00e2nt\u0103!<br \/>\nE ceas de rug\u0103 \u015fi de \u00eenchinare&#8230;<br \/>\nNu mai coboar\u0103 Domnul \u00een altare,<br \/>\n\u015ei nu ne-aude ruga Maica Sf\u00e2nt\u0103.<\/p>\n<p>&nbsp;<\/p>\n<p>Ne-am r\u0103zle\u0163it si suntem singuri \u00een pustie,<br \/>\nNe-mping de colo-colo neamuri proaste,<br \/>\nNe-mpung r\u00e2njind cu hangerul \u00een coaste,<br \/>\nNe rup de datina str\u0103bun\u0103 \u015fi de glie.<\/p>\n<p>&nbsp;<\/p>\n<p>Ne-am \u00eempietrit \u00een spaime \u015fi eresuri,<br \/>\nNe-am dep\u0103rtat de drumul drept \u015fi sf\u00e2nt.<br \/>\nNi-i rug\u0103ciunea simpl\u0103 vorb\u0103-n v\u00e2nt,<br \/>\n\u015ei via\u0163a-i frunz\u0103 prins\u0103-ntre v\u00e2rtejuri&#8230;<\/p>\n<p>&nbsp;<\/p>\n<p align=\"center\"><strong>Alin Cucuruzan<\/strong><\/p>\n","protected":false},"excerpt":{"rendered":"<p>Glasul T\u0103u, Ioane \u00a0 Mi-e greu de glasul t\u0103u, Ioane. C\u0103ci glasul t\u0103u e pl\u00e2ns de \u0163ar\u0103. Mi-e Dun\u0103rea pu\u0163in\u0103 [&#038;hellip<\/p>\n","protected":false},"author":1,"featured_media":0,"comment_status":"closed","ping_status":"closed","sticky":false,"template":"","format":"standard","meta":{"footnotes":""},"categories":[3],"tags":[],"class_list":["post-22904","post","type-post","status-publish","format-standard","hentry","category-articole"],"_links":{"self":[{"href":"https:\/\/www.marianagurza.ro\/blog\/wp-json\/wp\/v2\/posts\/22904","targetHints":{"allow":["GET"]}}],"collection":[{"href":"https:\/\/www.marianagurza.ro\/blog\/wp-json\/wp\/v2\/posts"}],"about":[{"href":"https:\/\/www.marianagurza.ro\/blog\/wp-json\/wp\/v2\/types\/post"}],"author":[{"embeddable":true,"href":"https:\/\/www.marianagurza.ro\/blog\/wp-json\/wp\/v2\/users\/1"}],"replies":[{"embeddable":true,"href":"https:\/\/www.marianagurza.ro\/blog\/wp-json\/wp\/v2\/comments?post=22904"}],"version-history":[{"count":2,"href":"https:\/\/www.marianagurza.ro\/blog\/wp-json\/wp\/v2\/posts\/22904\/revisions"}],"predecessor-version":[{"id":22907,"href":"https:\/\/www.marianagurza.ro\/blog\/wp-json\/wp\/v2\/posts\/22904\/revisions\/22907"}],"wp:attachment":[{"href":"https:\/\/www.marianagurza.ro\/blog\/wp-json\/wp\/v2\/media?parent=22904"}],"wp:term":[{"taxonomy":"category","embeddable":true,"href":"https:\/\/www.marianagurza.ro\/blog\/wp-json\/wp\/v2\/categories?post=22904"},{"taxonomy":"post_tag","embeddable":true,"href":"https:\/\/www.marianagurza.ro\/blog\/wp-json\/wp\/v2\/tags?post=22904"}],"curies":[{"name":"wp","href":"https:\/\/api.w.org\/{rel}","templated":true}]}}