{"id":22908,"date":"2015-04-08T19:57:06","date_gmt":"2015-04-08T19:57:06","guid":{"rendered":"http:\/\/www.marianagurza.ro\/blog\/?p=22908"},"modified":"2015-04-08T19:59:00","modified_gmt":"2015-04-08T19:59:00","slug":"dorina-stoica-iti-multumesc","status":"publish","type":"post","link":"https:\/\/www.marianagurza.ro\/blog\/2015\/04\/08\/dorina-stoica-iti-multumesc\/","title":{"rendered":"Dorina Stoica: \u00ce\u0163i mul\u021bumesc"},"content":{"rendered":"<p style=\"text-align: center;\"><img loading=\"lazy\" decoding=\"async\" id=\"irc_mi\" src=\"http:\/\/www.marianagurza.ro\/blog\/wp-content\/uploads\/2015\/03\/dorina-stoica.jpg\" alt=\"\" width=\"239\" height=\"399\" \/><\/p>\n<p><strong>\u00ce\u0163i mul\u021bumesc\u00a0<\/strong><\/p>\n<p>&nbsp;<\/p>\n<p>\u00ce\u0163i mul\u021bumesc\u00a0 azi c\u0103 sunt pentru ziua de m\u00e2ine.<br \/>\n\u00ce\u0163i mul\u0163umesc c\u0103 am pe mas\u0103 o p\u00e2ine.<br \/>\n\u00ce\u0163i mul\u0163umesc pentru stropii de ploaie,<br \/>\npentru fructe, p\u0103s\u0103ri, flori,<br \/>\npentru soarele care r\u0103sare \u00een zori,<br \/>\npentru cerul cu lic\u0103r de stele,<br \/>\npentru toate zilele vie\u0163ii mele,<br \/>\npentru firul de ap\u0103 izvor\u00e2t din f\u00e2nt\u00e2n\u0103,<br \/>\npentru harul ce\u2011mi poart\u2011a mea m\u00e2n\u0103<br \/>\npe\u2011arcu\u015f de vioar\u0103, pe p\u00e2nz\u0103, pe piatr\u0103,<br \/>\npentru versul ce curge din mine spre cer.<br \/>\nMul\u0163umesc pentru omul blajin \u015fi sincer.<br \/>\nMul\u0163umesc pentru haina pe care o port,<br \/>\npentru tot ce m\u0103 doare \u015fi totu\u015fi suport.<br \/>\n\u00ce\u0163i mul\u0163umesc pentru c\u00e2ntecul de p\u0103s\u0103rele<br \/>\npentru toate \u00eencerc\u0103rile vie\u0163ii mele.<br \/>\n\u00ce\u021bi multumesc pentru puiul de om ce se va na\u0219te<\/p>\n<p>\u00ce\u021bi mul\u021bumesc c\u0103 ai \u00eenviat \u00een noaptea de Pa\u0219te<br \/>\nAm at\u00e2tea lucruri pentru care s\u0103\u2011\u0163i mul\u0163umesc<br \/>\nc\u0103 n\u2011ar fi de\u2011ajuns o mie de ani s\u0103 tr\u0103iesc!<\/p>\n<p>&nbsp;<\/p>\n<p align=\"center\"><strong>Dorina Stoica<\/strong><\/p>\n<p>&nbsp;<\/p>\n<p>(Dorina Stoica, volumul \u201e<em>De la poezie la rugaciune<\/em>\u201d, Ed. \u201eSfera\u201d 2010, pag. 31)<\/p>\n<p>&nbsp;<\/p>\n","protected":false},"excerpt":{"rendered":"<p>\u00ce\u0163i mul\u021bumesc\u00a0 &nbsp; \u00ce\u0163i mul\u021bumesc\u00a0 azi c\u0103 sunt pentru ziua de m\u00e2ine. \u00ce\u0163i mul\u0163umesc c\u0103 am pe mas\u0103 o p\u00e2ine. [&#038;hellip<\/p>\n","protected":false},"author":1,"featured_media":0,"comment_status":"closed","ping_status":"closed","sticky":false,"template":"","format":"standard","meta":{"footnotes":""},"categories":[3],"tags":[],"class_list":["post-22908","post","type-post","status-publish","format-standard","hentry","category-articole"],"_links":{"self":[{"href":"https:\/\/www.marianagurza.ro\/blog\/wp-json\/wp\/v2\/posts\/22908","targetHints":{"allow":["GET"]}}],"collection":[{"href":"https:\/\/www.marianagurza.ro\/blog\/wp-json\/wp\/v2\/posts"}],"about":[{"href":"https:\/\/www.marianagurza.ro\/blog\/wp-json\/wp\/v2\/types\/post"}],"author":[{"embeddable":true,"href":"https:\/\/www.marianagurza.ro\/blog\/wp-json\/wp\/v2\/users\/1"}],"replies":[{"embeddable":true,"href":"https:\/\/www.marianagurza.ro\/blog\/wp-json\/wp\/v2\/comments?post=22908"}],"version-history":[{"count":3,"href":"https:\/\/www.marianagurza.ro\/blog\/wp-json\/wp\/v2\/posts\/22908\/revisions"}],"predecessor-version":[{"id":22910,"href":"https:\/\/www.marianagurza.ro\/blog\/wp-json\/wp\/v2\/posts\/22908\/revisions\/22910"}],"wp:attachment":[{"href":"https:\/\/www.marianagurza.ro\/blog\/wp-json\/wp\/v2\/media?parent=22908"}],"wp:term":[{"taxonomy":"category","embeddable":true,"href":"https:\/\/www.marianagurza.ro\/blog\/wp-json\/wp\/v2\/categories?post=22908"},{"taxonomy":"post_tag","embeddable":true,"href":"https:\/\/www.marianagurza.ro\/blog\/wp-json\/wp\/v2\/tags?post=22908"}],"curies":[{"name":"wp","href":"https:\/\/api.w.org\/{rel}","templated":true}]}}