{"id":22912,"date":"2015-04-09T08:53:20","date_gmt":"2015-04-09T08:53:20","guid":{"rendered":"http:\/\/www.marianagurza.ro\/blog\/?p=22912"},"modified":"2015-04-09T08:53:20","modified_gmt":"2015-04-09T08:53:20","slug":"boris-david-eram-copil","status":"publish","type":"post","link":"https:\/\/www.marianagurza.ro\/blog\/2015\/04\/09\/boris-david-eram-copil\/","title":{"rendered":"Boris David: Eram copil&#8230;"},"content":{"rendered":"<p style=\"text-align: center;\"><img loading=\"lazy\" decoding=\"async\" id=\"irc_mi\" src=\"http:\/\/melidonium.ro\/wp-content\/uploads\/2014\/10\/Daris-Basarab.jpg\" alt=\"\" width=\"216\" height=\"300\" \/><\/p>\n<p><strong>Eram copil&#8230;<\/strong><\/p>\n<p>&nbsp;<\/p>\n<p>Eram copil, \u00eemi amintesc,<br \/>\nDe ce-nsemna o s\u0103rb\u0103toare;<br \/>\nAzi, nu-i g\u0103sesc asem\u0103nare,<br \/>\n\u015ei parc\u0103-n suflet tot jelesc.<\/p>\n<p>&nbsp;<\/p>\n<p>C\u00e2nd buna p\u0103ru-mi aranja,<br \/>\nStam smirn\u0103 \u00een puterea mor\u0163ii,<br \/>\nCe-o evoca \u00een pragul por\u0163ii<br \/>\nBisericii, ce ne-a\u015ftepta.<\/p>\n<p>&nbsp;<\/p>\n<p>Povestea ea mi-o repeta,<br \/>\n\u015ei seara Joi, \u015fi seara Vineri,<br \/>\nC\u00e2nd to\u0163i la r\u00e2nd, b\u0103tr\u00e2ni \u015fi tineri,<br \/>\nVoiau s\u0103 vin\u0103 S\u00e2mb\u0103ta.<\/p>\n<p>&nbsp;<\/p>\n<p>O a\u015fteptam eu curios,<br \/>\nNe-n\u0163eleg\u00e2nd cum se ridic\u0103<br \/>\nUn mort din groap\u0103, \u015fi cu fric\u0103,<br \/>\n\u2019Ncercam s\u0103 fiu c\u00e2t mai pios.<\/p>\n<p>&nbsp;<\/p>\n<p>Ce minunate nop\u0163i treceau,<br \/>\n\u00cen a\u015fteptarea \u00cenvierii!<br \/>\nPlecam cu ea \u00een pragul serii,<br \/>\n\u015ei-a\u015fa cam to\u0163i din jur f\u0103ceau.<\/p>\n<p>&nbsp;<\/p>\n<p>Pe drum mereu eu o opream<br \/>\nCu \u00eentreb\u0103ri \u2013 Cum de se poate,<br \/>\nS\u0103 mori ucis, s\u0103 te \u00eengroape,<br \/>\n\u015ei s\u0103 te scoli?! \u2013 nu-n\u0163elegeam!<\/p>\n<p>&nbsp;<\/p>\n<p>Ea \u00eencerca s\u0103 dea r\u0103spuns &#8211;<br \/>\nDe fapt, la cele ne-n\u0163elese &#8211;<br \/>\n\u015ei f\u0103r\u2019 s\u0103 vrea-ncepea s\u0103 \u0163ese,<br \/>\nPove\u015fti ce-n suflet i-au p\u0103truns.<\/p>\n<p>&nbsp;<\/p>\n<p>\u00cen noaptea Sf\u00e2nt\u0103-Ajun de Pa\u015fti,<br \/>\nSt\u0103team cu sufletul la gur\u0103,<br \/>\n\u015ei o spuneam cu-at\u00e2ta ur\u0103:<br \/>\nC\u00e2nd e s-omori, de ce te na\u015fti?!<\/p>\n<p>&nbsp;<\/p>\n<p>-E voia Celui Ce e Sus<br \/>\nS\u0103 hot\u0103rasc\u0103 ce e bine;<br \/>\nNu cerceta, nu-i pentru tine,<br \/>\nTu crede, asta-i mai presus!<\/p>\n<p>&nbsp;<\/p>\n<p>C\u00e2nd miezul nop\u0163ii r\u0103suna,<br \/>\nDe-un glas ivit \u00een pragul u\u015fii,<br \/>\nCe ne-anun\u0163a pe noi supu\u015fii<br \/>\nC-a \u00cenviat! Ea-ncet pl\u00e2ngea.<\/p>\n<p>&nbsp;<\/p>\n<p>\u00cen cor c\u00e2ntam \u201dA \u00cenviat<br \/>\nHristos!\u201d spre-a noastr\u0103 m\u00e2ntuire,<br \/>\nCel Ce-a murit doar din iubire<br \/>\nDe semeni, ce l-au \u015fi tr\u0103dat.<\/p>\n<p>&nbsp;<\/p>\n<p>Lumini de stele se-aprindeau,<br \/>\nDin lum\u00e2n\u0103ri \u015fi din privirea<br \/>\nAcelor ce duceau iubirea<br \/>\nAcas\u0103, celor ce-a\u015fteptau.<\/p>\n<p>&nbsp;<\/p>\n<p>A doua zi, prima de Pa\u015fti,<br \/>\nTo\u0163i cei de ieri, parc\u0103-erau al\u0163ii;<br \/>\n\u015ei chiar \u015fi cei de alte na\u0163ii<br \/>\nSpuneau: ce bine-i s\u0103 te na\u015fti!<\/p>\n<p>&nbsp;<\/p>\n<p>Azi, parc\u0103, toate s-au schimbat &#8211;<br \/>\nLa ce-a fost ieri o s\u0103rb\u0103toare,<br \/>\nEu nu g\u0103sesc asem\u0103nare,<br \/>\n\u00cen tot ce nou am inventat&#8230;<\/p>\n<p>&nbsp;<\/p>\n<p style=\"text-align: center;\"><strong>Boris David<\/strong><\/p>\n","protected":false},"excerpt":{"rendered":"<p>Eram copil&#8230; &nbsp; Eram copil, \u00eemi amintesc, De ce-nsemna o s\u0103rb\u0103toare; Azi, nu-i g\u0103sesc asem\u0103nare, \u015ei parc\u0103-n suflet tot jelesc. [&#038;hellip<\/p>\n","protected":false},"author":1,"featured_media":0,"comment_status":"closed","ping_status":"closed","sticky":false,"template":"","format":"standard","meta":{"footnotes":""},"categories":[3],"tags":[],"class_list":["post-22912","post","type-post","status-publish","format-standard","hentry","category-articole"],"_links":{"self":[{"href":"https:\/\/www.marianagurza.ro\/blog\/wp-json\/wp\/v2\/posts\/22912","targetHints":{"allow":["GET"]}}],"collection":[{"href":"https:\/\/www.marianagurza.ro\/blog\/wp-json\/wp\/v2\/posts"}],"about":[{"href":"https:\/\/www.marianagurza.ro\/blog\/wp-json\/wp\/v2\/types\/post"}],"author":[{"embeddable":true,"href":"https:\/\/www.marianagurza.ro\/blog\/wp-json\/wp\/v2\/users\/1"}],"replies":[{"embeddable":true,"href":"https:\/\/www.marianagurza.ro\/blog\/wp-json\/wp\/v2\/comments?post=22912"}],"version-history":[{"count":2,"href":"https:\/\/www.marianagurza.ro\/blog\/wp-json\/wp\/v2\/posts\/22912\/revisions"}],"predecessor-version":[{"id":22914,"href":"https:\/\/www.marianagurza.ro\/blog\/wp-json\/wp\/v2\/posts\/22912\/revisions\/22914"}],"wp:attachment":[{"href":"https:\/\/www.marianagurza.ro\/blog\/wp-json\/wp\/v2\/media?parent=22912"}],"wp:term":[{"taxonomy":"category","embeddable":true,"href":"https:\/\/www.marianagurza.ro\/blog\/wp-json\/wp\/v2\/categories?post=22912"},{"taxonomy":"post_tag","embeddable":true,"href":"https:\/\/www.marianagurza.ro\/blog\/wp-json\/wp\/v2\/tags?post=22912"}],"curies":[{"name":"wp","href":"https:\/\/api.w.org\/{rel}","templated":true}]}}