{"id":22958,"date":"2015-04-09T17:11:47","date_gmt":"2015-04-09T17:11:47","guid":{"rendered":"http:\/\/www.marianagurza.ro\/blog\/?p=22958"},"modified":"2015-04-09T17:11:47","modified_gmt":"2015-04-09T17:11:47","slug":"dorel-schor-dulce-i-razbunarea","status":"publish","type":"post","link":"https:\/\/www.marianagurza.ro\/blog\/2015\/04\/09\/dorel-schor-dulce-i-razbunarea\/","title":{"rendered":"Dorel SCHOR: Dulce-i r\u0103zbunarea"},"content":{"rendered":"<p style=\"text-align: center;\"><a href=\"http:\/\/www.marianagurza.ro\/blog\/wp-content\/uploads\/2015\/04\/SCHOR-Dorel-2B-wb5.jpg\"><img loading=\"lazy\" decoding=\"async\" class=\"alignleft size-medium wp-image-22959\" title=\"SCHOR-Dorel-2B-wb\" src=\"http:\/\/www.marianagurza.ro\/blog\/wp-content\/uploads\/2015\/04\/SCHOR-Dorel-2B-wb5-225x300.jpg\" alt=\"\" width=\"225\" height=\"300\" srcset=\"https:\/\/www.marianagurza.ro\/blog\/wp-content\/uploads\/2015\/04\/SCHOR-Dorel-2B-wb5-225x300.jpg 225w, https:\/\/www.marianagurza.ro\/blog\/wp-content\/uploads\/2015\/04\/SCHOR-Dorel-2B-wb5.jpg 242w\" sizes=\"auto, (max-width: 225px) 100vw, 225px\" \/><\/a>&#8211; schi\u021b\u0103 &#8211;<\/p>\n<p>&nbsp;<\/p>\n<p style=\"text-align: justify;\">Eli Iliescu st\u0103 \u00een fa\u0163a mea \u015fi se laud\u0103:<\/p>\n<p style=\"text-align: justify;\">\u00a0 \u00a0&#8211; De c\u00e2nd nu ne-am mai v\u0103zut, zice el, am realizat o mul\u0163ime de lucruri. Avem un apartament frumos cu patru camere, ne-am schimbat ma\u015fina cu una mai elegant\u0103&#8230; Am un serviciu foarte bun, sunt apreciat de \u015fefi, mi se pl\u0103tesc prime, telefon, literatur\u0103, deplas\u0103ri, ore suplimentare, nu pot s\u0103 m\u0103 pl\u00e2ng&#8230;<\/p>\n<p style=\"text-align: justify;\">\u00a0 \u00a0-Bravo! \u00eei spun politicos.<\/p>\n<p style=\"text-align: justify;\">\u00a0 \u00a0Dar sunt convins c\u0103 ascunde \u015fi o nemul\u0163umire pentru c\u0103 arat\u0103 palid, a \u00eenc\u0103run\u0163it pe ici pe colo, de\u015fi e un b\u0103rbat t\u00e2n\u0103r. \u00cel \u00eentreb:<\/p>\n<p style=\"text-align: justify;\">\u00a0 \u00a0&#8211; Ce face so\u0163ia? Lucreaz\u0103 \u015fi ea?<\/p>\n<p style=\"text-align: justify;\">\u00a0 \u00a0&#8211; Fereasc\u0103 sf\u00e2ntul! Ea se ocup\u0103 de cas\u0103 \u015fi de copii. Serviciul meu e grozav, ne descurc\u0103m excelent.<\/p>\n<p style=\"text-align: justify;\">\u00a0 \u00a0&#8211; Nu cumva tu lucrezi prea mult? tatonez eu. Orele suplimentare&#8230;<\/p>\n<p style=\"text-align: justify;\">\u00a0 \u00a0&#8211; Da de unde&#8230; Dac\u0103 vrei s\u0103 \u015ftii, c\u00e2t timp m\u0103 aflu la serviciu e o pl\u0103cere. Am aer condi\u0163ionat, colegi cumsecade, \u015feful m\u0103 apreciaz\u0103, \u0163i-am spus. Aproape c\u0103 nu-mi vine s\u0103 plec de acolo&#8230;<\/p>\n<p style=\"text-align: justify;\">\u00a0 \u00a0Mi se pare c\u0103 am \u00een\u0163eles:<\/p>\n<p style=\"text-align: justify;\">\u00a0 \u00a0&#8211; \u00censeamn\u0103 c\u0103 te deranjeaz\u0103 copiii. Patru copii \u00een cinci ani sunt o performan\u0163\u0103. E adev\u0103rat c\u0103 nu ne vedem dec\u00e2t atunci c\u00e2nd so\u0163ia ta na\u015fte, dar nu ne putem pl\u00e2nge pentru c\u0103 o dat\u0103 pe an v\u0103 vizit\u0103m&#8230;\u015ei copiii mici cam deranjeaz\u0103!<\/p>\n<p style=\"text-align: justify;\">\u00a0 \u00a0&#8211; \u00cen nici un caz, m\u0103 asigur\u0103 Eli. Copiii pl\u00e2ng, e adev\u0103rat, dar dac\u0103 sunt ai t\u0103i, \u0163i se pare c\u0103-i muzic\u0103. S\u0103-\u0163i spun de vecinii de palier.. Patru zile se ceart\u0103 la cu\u0163ite, apoi nu-\u015fi vorbesc dou\u0103 ore \u015fi gata, se \u00eempac\u0103. Dar nu ei m\u0103 sup\u0103r\u0103, ce naiba, oameni suntem. Pe mine m\u0103 deranjeaz\u0103 vecinul de dedesubt, are o motociclet\u0103 care url\u0103 ca un reactor, zb\u00e2rn\u0103ie ca o turbin\u0103. O ambaleaz\u0103 cu o jum\u0103tate de or\u0103 \u00eenainte de pornire. \u015ei porne\u015fte la \u015fase diminea\u0163a..Apoi, vecinii de sus nu se culc\u0103 p\u00e2n\u0103 nu se termin\u0103 emisiunea la televizor. E adev\u0103rat c\u0103 sunt oameni mai \u00een v\u00e2rst\u0103 \u015fi nu aud prea bine, sau sufer\u0103 de insomnie, cine mai \u015ftie&#8230;<\/p>\n<p style=\"text-align: justify;\">\u00a0 \u00a0&#8211; Atunci odihne\u015fte-te o or\u0103 dup\u0103 mas\u0103. Am citit undeva c\u0103 e foarte s\u0103n\u0103tos. Somn de compensa\u0163ie.<\/p>\n<p style=\"text-align: justify;\">\u00a0 \u00a0&#8211; Ce ai citit e probabil adev\u0103rat, dar am al\u0103turi un violonist. Cu un sunet gros cred c\u0103 m-a\u015f obi\u015fnui, seam\u0103n\u0103 cu motocicleta. Dar cu sc\u00e2r\u0163\u0103iala e imposibil, parc\u0103 mi s-ar plimba pe coloana vertebral\u0103 o meduz\u0103&#8230; B\u00e2rrr! Numai c\u00e2nd \u00eemi amintesc&#8230;<\/p>\n<p style=\"text-align: justify;\">\u00a0 \u00a0&#8211; Ascult\u0103, afirm eu categoric. Ziua lucrezi, noaptea nu te odihne\u015fti, dup\u0103 amiaza nici at\u00e2t&#8230; Trebuie s\u0103 discu\u0163i cu ei, s\u0103 spui c\u0103 munce\u015fti&#8230;<\/p>\n<p style=\"text-align: justify;\">\u00a0 \u00a0&#8211; Am \u00eencercat, nu \u0163ine. \u015ei ei sunt oameni ai muncii. Nu locuie\u015fte \u00een bloc nici un exploatator&#8230;<\/p>\n<p style=\"text-align: justify;\">\u00a0 \u00a0&#8211; Atunci f\u0103 ceva \u015fi tu, r\u0103zbun\u0103-te. Eu \u00een locul t\u0103u, a\u015fa a\u015f face, m-a\u015f r\u0103zbuna!<\/p>\n<p style=\"text-align: justify;\">\u00a0 \u00a0&#8211; P\u0103i, eu ce fac? Doar nu-\u0163i \u00eenchipui c\u0103 nevast\u0103-mea na\u015fte un plod \u00een fiecare an numai pentru aloca\u0163ia de la asigur\u0103rile sociale. M\u0103 r\u0103zbun c\u00eet pot!<\/p>\n<p style=\"text-align: center;\">\n<p style=\"text-align: center;\"><strong>Dr. Dorel SCHOR<\/strong><\/p>\n<p style=\"text-align: center;\"><strong>Tel Aviv, Israel<\/strong><\/p>\n<p style=\"text-align: justify;\">\n<p style=\"text-align: center;\">\n<p>&nbsp;<\/p>\n","protected":false},"excerpt":{"rendered":"<p>&#8211; schi\u021b\u0103 &#8211; &nbsp; Eli Iliescu st\u0103 \u00een fa\u0163a mea \u015fi se laud\u0103: \u00a0 \u00a0&#8211; De c\u00e2nd nu ne-am mai [&#038;hellip<\/p>\n","protected":false},"author":1,"featured_media":0,"comment_status":"closed","ping_status":"closed","sticky":false,"template":"","format":"standard","meta":{"footnotes":""},"categories":[3],"tags":[],"class_list":["post-22958","post","type-post","status-publish","format-standard","hentry","category-articole"],"_links":{"self":[{"href":"https:\/\/www.marianagurza.ro\/blog\/wp-json\/wp\/v2\/posts\/22958","targetHints":{"allow":["GET"]}}],"collection":[{"href":"https:\/\/www.marianagurza.ro\/blog\/wp-json\/wp\/v2\/posts"}],"about":[{"href":"https:\/\/www.marianagurza.ro\/blog\/wp-json\/wp\/v2\/types\/post"}],"author":[{"embeddable":true,"href":"https:\/\/www.marianagurza.ro\/blog\/wp-json\/wp\/v2\/users\/1"}],"replies":[{"embeddable":true,"href":"https:\/\/www.marianagurza.ro\/blog\/wp-json\/wp\/v2\/comments?post=22958"}],"version-history":[{"count":2,"href":"https:\/\/www.marianagurza.ro\/blog\/wp-json\/wp\/v2\/posts\/22958\/revisions"}],"predecessor-version":[{"id":22961,"href":"https:\/\/www.marianagurza.ro\/blog\/wp-json\/wp\/v2\/posts\/22958\/revisions\/22961"}],"wp:attachment":[{"href":"https:\/\/www.marianagurza.ro\/blog\/wp-json\/wp\/v2\/media?parent=22958"}],"wp:term":[{"taxonomy":"category","embeddable":true,"href":"https:\/\/www.marianagurza.ro\/blog\/wp-json\/wp\/v2\/categories?post=22958"},{"taxonomy":"post_tag","embeddable":true,"href":"https:\/\/www.marianagurza.ro\/blog\/wp-json\/wp\/v2\/tags?post=22958"}],"curies":[{"name":"wp","href":"https:\/\/api.w.org\/{rel}","templated":true}]}}