{"id":22962,"date":"2015-04-09T17:52:58","date_gmt":"2015-04-09T17:52:58","guid":{"rendered":"http:\/\/www.marianagurza.ro\/blog\/?p=22962"},"modified":"2015-04-09T17:54:12","modified_gmt":"2015-04-09T17:54:12","slug":"vasile-voiculescu-in-gradina-ghetsimani","status":"publish","type":"post","link":"https:\/\/www.marianagurza.ro\/blog\/2015\/04\/09\/vasile-voiculescu-in-gradina-ghetsimani\/","title":{"rendered":"Vasile Voiculescu: \u00cen gr\u0103dina Ghetsimani"},"content":{"rendered":"<p style=\"text-align: center;\"><a href=\"http:\/\/www.marianagurza.ro\/blog\/wp-content\/uploads\/2015\/04\/joia-mare-rugaciune-gradina-ghetsimani.jpg\"><img loading=\"lazy\" decoding=\"async\" class=\"size-medium wp-image-22965\" title=\"joia-mare-rugaciune-gradina-ghetsimani\" src=\"http:\/\/www.marianagurza.ro\/blog\/wp-content\/uploads\/2015\/04\/joia-mare-rugaciune-gradina-ghetsimani-300x207.jpg\" alt=\"\" width=\"300\" height=\"207\" srcset=\"https:\/\/www.marianagurza.ro\/blog\/wp-content\/uploads\/2015\/04\/joia-mare-rugaciune-gradina-ghetsimani-300x207.jpg 300w, https:\/\/www.marianagurza.ro\/blog\/wp-content\/uploads\/2015\/04\/joia-mare-rugaciune-gradina-ghetsimani.jpg 800w\" sizes=\"auto, (max-width: 300px) 100vw, 300px\" \/><\/a><\/p>\n<p>&nbsp;<\/p>\n<p><strong>\u00cen gr\u0103dina Ghetsimani<\/strong><\/p>\n<p>&nbsp;<\/p>\n<p>Iisus lupta cu soarta \u0219i nu primea paharul&#8230;<br \/>\nC\u0103zut pe br\u00e2nci \u00een iarb\u0103, se-mpotrivea \u00eentruna.<br \/>\nCurgeau sudori de s\u00e2nge pe chipu-i alb ca varul<br \/>\n\u0218i-amarnica-i strigare st\u00e2rnea \u00een slavi furtuna.<\/p>\n<p>O m\u00e2na nendurata, tinand grozava cupa,<br \/>\nSe coboara-miindu-l si i-o ducea la gura&#8230;<br \/>\nSi-o sete uriasa sta sufletul sa-i rupa&#8230;<br \/>\nDar nu voia s-atinga infama bautura.<\/p>\n<p>In apa ei verzuie jucau sterlici de miere<br \/>\nSi sub veninul groaznic simtea ca e dulceata&#8230;<br \/>\nDar falcile-nclestandu-si, cu ultima putere<br \/>\nBatandu-se cu moartea, uitase de viata!<\/p>\n<p>Deasupra fara tihna, se framantau maslinii,<br \/>\nPareau ca vor sa fuga din loc, sa nu-l mai vada&#8230;<br \/>\nTreceau batai de aripi prin vraistea gradinii<br \/>\nSi uliii de seara dau roate dupa prada.<\/p>\n<p>&nbsp;<\/p>\n<p style=\"text-align: left;\" align=\"center\"><strong>Vasile Voiculescu<\/strong><\/p>\n<p align=\"center\"><a href=\"http:\/\/www.marianagurza.ro\/blog\/wp-content\/uploads\/2015\/04\/gradina-ghetsimani-dxn-16.jpg\"><img loading=\"lazy\" decoding=\"async\" class=\"size-medium wp-image-22964 aligncenter\" title=\"gradina-ghetsimani-dxn-(16)\" src=\"http:\/\/www.marianagurza.ro\/blog\/wp-content\/uploads\/2015\/04\/gradina-ghetsimani-dxn-16-300x216.jpg\" alt=\"\" width=\"300\" height=\"216\" srcset=\"https:\/\/www.marianagurza.ro\/blog\/wp-content\/uploads\/2015\/04\/gradina-ghetsimani-dxn-16-300x216.jpg 300w, https:\/\/www.marianagurza.ro\/blog\/wp-content\/uploads\/2015\/04\/gradina-ghetsimani-dxn-16.jpg 450w\" sizes=\"auto, (max-width: 300px) 100vw, 300px\" \/><\/a><\/p>\n<p align=\"center\"><em>Gr\u0103dina Ghetsimani<\/em><\/p>\n","protected":false},"excerpt":{"rendered":"<p>&nbsp; \u00cen gr\u0103dina Ghetsimani &nbsp; Iisus lupta cu soarta \u0219i nu primea paharul&#8230; C\u0103zut pe br\u00e2nci \u00een iarb\u0103, se-mpotrivea \u00eentruna. [&#038;hellip<\/p>\n","protected":false},"author":1,"featured_media":0,"comment_status":"closed","ping_status":"closed","sticky":false,"template":"","format":"standard","meta":{"footnotes":""},"categories":[3],"tags":[],"class_list":["post-22962","post","type-post","status-publish","format-standard","hentry","category-articole"],"_links":{"self":[{"href":"https:\/\/www.marianagurza.ro\/blog\/wp-json\/wp\/v2\/posts\/22962","targetHints":{"allow":["GET"]}}],"collection":[{"href":"https:\/\/www.marianagurza.ro\/blog\/wp-json\/wp\/v2\/posts"}],"about":[{"href":"https:\/\/www.marianagurza.ro\/blog\/wp-json\/wp\/v2\/types\/post"}],"author":[{"embeddable":true,"href":"https:\/\/www.marianagurza.ro\/blog\/wp-json\/wp\/v2\/users\/1"}],"replies":[{"embeddable":true,"href":"https:\/\/www.marianagurza.ro\/blog\/wp-json\/wp\/v2\/comments?post=22962"}],"version-history":[{"count":3,"href":"https:\/\/www.marianagurza.ro\/blog\/wp-json\/wp\/v2\/posts\/22962\/revisions"}],"predecessor-version":[{"id":22968,"href":"https:\/\/www.marianagurza.ro\/blog\/wp-json\/wp\/v2\/posts\/22962\/revisions\/22968"}],"wp:attachment":[{"href":"https:\/\/www.marianagurza.ro\/blog\/wp-json\/wp\/v2\/media?parent=22962"}],"wp:term":[{"taxonomy":"category","embeddable":true,"href":"https:\/\/www.marianagurza.ro\/blog\/wp-json\/wp\/v2\/categories?post=22962"},{"taxonomy":"post_tag","embeddable":true,"href":"https:\/\/www.marianagurza.ro\/blog\/wp-json\/wp\/v2\/tags?post=22962"}],"curies":[{"name":"wp","href":"https:\/\/api.w.org\/{rel}","templated":true}]}}