{"id":22982,"date":"2015-04-10T07:22:36","date_gmt":"2015-04-10T07:22:36","guid":{"rendered":"http:\/\/www.marianagurza.ro\/blog\/?p=22982"},"modified":"2015-04-10T07:22:36","modified_gmt":"2015-04-10T07:22:36","slug":"rodica-eizikovits-versuri-purtate-de-vant","status":"publish","type":"post","link":"https:\/\/www.marianagurza.ro\/blog\/2015\/04\/10\/rodica-eizikovits-versuri-purtate-de-vant\/","title":{"rendered":"Rodica Eizikovits: Versuri purtate de v\u00e2nt"},"content":{"rendered":"<p style=\"text-align: center;\"><a href=\"http:\/\/www.marianagurza.ro\/blog\/wp-content\/uploads\/2015\/04\/EIZIKOVITS-Rodica-wb.jpg\"><img loading=\"lazy\" decoding=\"async\" class=\"size-medium wp-image-22983\" title=\"EIZIKOVITS-Rodica-wb\" src=\"http:\/\/www.marianagurza.ro\/blog\/wp-content\/uploads\/2015\/04\/EIZIKOVITS-Rodica-wb-225x300.jpg\" alt=\"\" width=\"225\" height=\"300\" srcset=\"https:\/\/www.marianagurza.ro\/blog\/wp-content\/uploads\/2015\/04\/EIZIKOVITS-Rodica-wb-225x300.jpg 225w, https:\/\/www.marianagurza.ro\/blog\/wp-content\/uploads\/2015\/04\/EIZIKOVITS-Rodica-wb.jpg 600w\" sizes=\"auto, (max-width: 225px) 100vw, 225px\" \/><\/a><\/p>\n<p><strong>DA, V\u00c2NTULE&#8230; \u00a0NU, V\u00c2NTULE&#8230;<\/strong><\/p>\n<p><strong>\u00a0<\/strong><\/p>\n<p>O, da, v\u00e2nt nebunatic, v\u00e2nt haotic,<br \/>\nDegetele-\u0163i m\u00e2ng\u00e2ie erotic&#8230;<br \/>\nOri palma-\u0163i atinge frontal.<br \/>\nDezl\u0103n\u0163uit, pumnu-\u0163i love\u015fte brutal.<\/p>\n<p>&nbsp;<\/p>\n<p>O, da, v\u00e2nt capricios, v\u00e2nt r\u0103ut\u0103cios,<br \/>\nP\u0103rul iubitei r\u0103scole\u015fte-l invidios,<br \/>\nFrunzele alung\u0103-le cu iz tomnatic,<br \/>\nN\u0103me\u0163ii r\u0103scole\u015fte-i \u015fuier\u00e2nd iernatic.<\/p>\n<p>&nbsp;<\/p>\n<p>O, nu, v\u00e2nt incert, v\u00e2nt indiscret,<br \/>\nAzi nu-mi purta \u015foapta direct.<br \/>\nNu-mi du g\u00e2ndu-n alte z\u0103ri,<br \/>\nNu-mi tr\u0103da inima-n dep\u0103rt\u0103ri.<\/p>\n<p>&nbsp;<\/p>\n<p>Sau da?&#8230;<\/p>\n<p>&nbsp;<\/p>\n<p>&nbsp;<\/p>\n<p><strong>DOR DE ALB STR\u0102LUCITOR<\/strong><\/p>\n<p>&nbsp;<\/p>\n<p>Gri ap\u0103s\u0103tor&#8230;<br \/>\nCer impov\u0103rat sub nor apropiat,<br \/>\nG\u00e2nduri adunate-n iure\u015f\u00a0deprimat,<br \/>\nCrengi de v\u00e2nt zburlite-n vuiet ame\u0163itor,<br \/>\nToate a\u015fteapt\u0103\u00a0haina<br \/>\nDe un alb str\u0103lucitor.<\/p>\n<p>&nbsp;<\/p>\n<p>Gri ap\u0103s\u0103tor&#8230;<br \/>\nRamuri dezgolite tremur\u0103\u00a0oft\u00e2nd,<br \/>\nBal\u0163ile-ncre\u0163ite fream\u0103t\u0103\u00a0ud\u00e2nd<br \/>\nPa\u015fi gr\u0103bi\u0163i spre malul casei cu pridvor.<br \/>\nSiluete\u00a0\u015fi umbrele contopite-n dor<br \/>\nDe un alb str\u0103lucitor.<\/p>\n<p>&nbsp;<\/p>\n<p>&nbsp;<\/p>\n<p><strong>TRECERE PRIN ANOTIMP<\/strong><\/p>\n<p>&nbsp;<\/p>\n<p>Toamna ar\u0103mie, in\u0163eleapt\u0103,<br \/>\nTrecut\u0103 prin ramur\u0103 uscat\u0103,<br \/>\nMugur, frunz\u0103 verde, vie,<br \/>\nTransformat\u0103-n bogat ar\u0103mie;<br \/>\nRoadele cu fal \u015fi-arat\u0103<br \/>\nBog\u0103\u0163ia-n co\u015furi grele adunat\u0103.<\/p>\n<p>&nbsp;<\/p>\n<p>Ve\u015fm\u00e2ntul e in nuante asortate,<br \/>\nDe la o zi la alta schimbate.<br \/>\nSilueta dupa frunze forma-\u015fi schimb\u0103,<br \/>\nAzi coroan\u0103-nc\u0103rcat\u0103,<br \/>\nM\u00e2ine tulpin\u0103 felin\u0103,<br \/>\nAzi uscat\u0103, m\u00e2ine de picuri plin\u0103.<\/p>\n<p>&nbsp;<\/p>\n<p>Soare bl\u00e2nd, dulce adiere,<br \/>\nZburli\u0163i copaci,<br \/>\nSt\u00e2rnit\u0103 de furtun\u0103 a ramurilor apropiere.<br \/>\nNori albi, pufo\u015fi sau negri de m\u00e2nie,<br \/>\nCrizanteme-n bigudiuri,<br \/>\nRamuri lungi de s\u0103lcii at\u00e2rn\u00e2nd in armonie<\/p>\n<p>&nbsp;<\/p>\n<p><strong><br \/>\n<\/strong><\/p>\n<p style=\"text-align: center;\"><strong>Rodica EIZIKOVITZ<\/strong><\/p>\n<p style=\"text-align: center;\"><strong>Haifa, Israel<\/strong><\/p>\n<p style=\"text-align: center;\"><strong>10 aprilie 2015<\/strong><\/p>\n<p><strong>\u00a0<\/strong><\/p>\n","protected":false},"excerpt":{"rendered":"<p>DA, V\u00c2NTULE&#8230; \u00a0NU, V\u00c2NTULE&#8230; \u00a0 O, da, v\u00e2nt nebunatic, v\u00e2nt haotic, Degetele-\u0163i m\u00e2ng\u00e2ie erotic&#8230; Ori palma-\u0163i atinge frontal. Dezl\u0103n\u0163uit, pumnu-\u0163i [&#038;hellip<\/p>\n","protected":false},"author":1,"featured_media":0,"comment_status":"closed","ping_status":"closed","sticky":false,"template":"","format":"standard","meta":{"footnotes":""},"categories":[3],"tags":[],"class_list":["post-22982","post","type-post","status-publish","format-standard","hentry","category-articole"],"_links":{"self":[{"href":"https:\/\/www.marianagurza.ro\/blog\/wp-json\/wp\/v2\/posts\/22982","targetHints":{"allow":["GET"]}}],"collection":[{"href":"https:\/\/www.marianagurza.ro\/blog\/wp-json\/wp\/v2\/posts"}],"about":[{"href":"https:\/\/www.marianagurza.ro\/blog\/wp-json\/wp\/v2\/types\/post"}],"author":[{"embeddable":true,"href":"https:\/\/www.marianagurza.ro\/blog\/wp-json\/wp\/v2\/users\/1"}],"replies":[{"embeddable":true,"href":"https:\/\/www.marianagurza.ro\/blog\/wp-json\/wp\/v2\/comments?post=22982"}],"version-history":[{"count":2,"href":"https:\/\/www.marianagurza.ro\/blog\/wp-json\/wp\/v2\/posts\/22982\/revisions"}],"predecessor-version":[{"id":22985,"href":"https:\/\/www.marianagurza.ro\/blog\/wp-json\/wp\/v2\/posts\/22982\/revisions\/22985"}],"wp:attachment":[{"href":"https:\/\/www.marianagurza.ro\/blog\/wp-json\/wp\/v2\/media?parent=22982"}],"wp:term":[{"taxonomy":"category","embeddable":true,"href":"https:\/\/www.marianagurza.ro\/blog\/wp-json\/wp\/v2\/categories?post=22982"},{"taxonomy":"post_tag","embeddable":true,"href":"https:\/\/www.marianagurza.ro\/blog\/wp-json\/wp\/v2\/tags?post=22982"}],"curies":[{"name":"wp","href":"https:\/\/api.w.org\/{rel}","templated":true}]}}