{"id":23,"date":"2011-11-22T14:09:43","date_gmt":"2011-11-22T14:09:43","guid":{"rendered":"http:\/\/www.marianagurza.ro\/blog\/?p=23"},"modified":"2017-12-08T07:04:59","modified_gmt":"2017-12-08T07:04:59","slug":"la-multi-ani","status":"publish","type":"post","link":"https:\/\/www.marianagurza.ro\/blog\/2011\/11\/22\/la-multi-ani\/","title":{"rendered":"LA MUL\u0162I ANI, BEN TODIC\u0102 !"},"content":{"rendered":"<p style=\"text-align: center;\"><a href=\"http:\/\/www.marianagurza.ro\/blog\/wp-content\/uploads\/2011\/11\/photo.jpg\"><img loading=\"lazy\" decoding=\"async\" title=\"Ben Todica\" src=\"http:\/\/www.marianagurza.ro\/blog\/wp-content\/uploads\/2011\/11\/photo-223x300.jpg\" alt=\"\" width=\"223\" height=\"300\" \/><\/a><br \/>\n<strong><\/strong><\/p>\n<p>Ben Todic\u0103 \u2013 N\u0103scut la 23 noiembrie 1952, \u00een Comuna Puie\u015fti, Jude\u0163ul Vaslui, Rom\u00e2nia. Cineast , scriitor \u015fi eseist rom\u00e2n din Australia .<br \/>\n<strong><\/strong><\/p>\n<p style=\"text-align: center;\"><strong>M\u00e2ndria mea de rom\u00e2n<\/strong><\/p>\n<p style=\"text-align: justify;\">O poveste senza\u0163ional\u0103 identific\u00e2ndu-m\u0103 ca rom\u00e2n \u2013 o explozie cu mult\u0103 lumin\u0103 \u015fi sc\u00e2ntei? Nu a fost&#8230; Mai mult, pot spune c\u0103 toat\u0103 perioada de 27 de ani petrecut\u0103 \u00een Australia a fost luminat\u0103 precum licuriciul lumineaz\u0103 \u00eentunericul pe ici, pe colo, puls\u00e2nd \u015fi permanent t\u0103ind bezna \u00eentr-un pl\u00e2ns nedefinit. Lumea m\u0103 cuno\u015ftea, \u00eemi cunoa\u015ftea existen\u0163a, privind undeva dincolo de fiin\u0163a mea&#8230; Eram con\u015ftient de tot ce se \u00eent\u00e2mpla \u00een jurul meu&#8230; Nu am fost de acord cu multe lucruri \u00een cadrul comunit\u0103\u0163ii, nu puteam r\u0103m\u00e2ne indiferent, \u00eens\u0103 nimeni nu s-a sinchisit s\u0103-mi cear\u0103 p\u0103rerea.<br \/>\nAm suferit \u00een t\u0103cere.<br \/>\n<!--more-->Nep\u0103sarea lor, era am\u0103r\u0103ciunea mea.<br \/>\nAm suferit la \u00eenceputuri. Am suferit \u00een Italia c\u00e2nd dup\u0103 \u015fase luni de lag\u0103r m-am trezit c\u0103 nu mai am \u0162AR\u0102. Am suferit c\u00e2nd pentru prima dat\u0103 de Ziua Na\u0163ional\u0103 a Rom\u00e2niei, la Ambasada din Canberra ni s-a spus c\u0103 noi rom\u00e2nii din Australia suntem o ramur\u0103 a Rom\u00e2niei. Sigur NU! Mi-am zis. Erau \u201dramuri\u201d poate cei care erau trimi\u015fi s\u0103 lucreze \u00een str\u0103inatate, prin Irak, prin Siria etc. nu noi cei care am fost lua\u0163i de v\u00e2ntul sor\u0163ii \u015fi acolo unde am fost a\u015feza\u0163i am prins r\u0103d\u0103cini \u015fi am devenit vl\u0103stare noi: \u201eMini Rom\u00e2nii\u201d, \u015fi nu sunt de acord nici ast\u0103zi c\u00e2nd ni se cere nou\u0103 rom\u00e2nilor precum alcoolicilor s\u0103 recunoa\u015ftem c\u0103 am fost \u201eadicted la comunism\u201d \u015fi, prin \u201dminune\u201d, vorba lui Patapievici\u201a \u201ctrebuie s-o facem pentru c\u0103 vindecarea \u00eencepe cu recunoa\u015fterea \u2013 a\u015fa spune Freud\u201d.<br \/>\nRom\u00e2nii n-au fost comuni\u015fti. Ei au fost \u00eentodeauna ceea ce sunt \u015fi vor fi \u00een veci \u015fi faptul c\u0103 au tr\u0103it sub sistemul impus din afar\u0103 \u015fi i s-au adaptat lui \u201eaparent\u201d, nu \u00eei face handicapa\u0163i sau cer\u015fetori. Deci: de ce s\u0103 recunoasc\u0103 o crim\u0103 dac\u0103 nu sunt ei criminalii, \u015fi cui s\u0103-\u015fi cear\u0103 scuze \u015fi pentru ce?<br \/>\nP\u0103rin\u0163ii no\u015ftrii au fost ni\u015fte oameni extraordinari care nu au avut de ales \u015fi care ne-au crescut a\u015fa cum au \u015ftiut ei mai bine, \u00een dragoste \u015fi \u00een credin\u0163a de bine.<br \/>\nRom\u00e2nia viitorului e a tuturor rom\u00e2nilor. \u00cen orice loc de pe p\u0103m\u00e2nt unde e un rom\u00e2n e o micu\u0163\u0103 Rom\u00e2nie \u015fi totalitatea lor o formeaz\u0103 ca un \u00eentreg. Esen\u0163a am descoperit-o \u00een diaspora. Mi-am redescoperit \u0162ARA \u015fi cu fiecare descoperire m\u00e2ndria mea de rom\u00e2n a crescut. N-a fost u\u015for pentru c\u0103 \u00eentodeauna a existat pericolul de a-\u0163i pierde aripile \u015fi, precum licuriciul, m-am strecurat prin \u00eentuneric, cum am \u015ftiut mai bine.<br \/>\nCu credin\u0163\u0103 \u015fi respect pentru lumin\u0103.<\/p>\n<p style=\"text-align: justify;\">(BEN TODIC\u0102 \u2013 vol. \u00ceNTRE DOU\u0102 LUMI, Editura Atticea, Timisoara, 2009)<\/p>\n","protected":false},"excerpt":{"rendered":"<p>Ben Todic\u0103 \u2013 N\u0103scut la 23 noiembrie 1952, \u00een Comuna Puie\u015fti, Jude\u0163ul Vaslui, Rom\u00e2nia. Cineast , scriitor \u015fi eseist rom\u00e2n [&#038;hellip<\/p>\n","protected":false},"author":1,"featured_media":0,"comment_status":"closed","ping_status":"closed","sticky":false,"template":"","format":"standard","meta":{"footnotes":""},"categories":[3],"tags":[],"class_list":["post-23","post","type-post","status-publish","format-standard","hentry","category-articole"],"_links":{"self":[{"href":"https:\/\/www.marianagurza.ro\/blog\/wp-json\/wp\/v2\/posts\/23","targetHints":{"allow":["GET"]}}],"collection":[{"href":"https:\/\/www.marianagurza.ro\/blog\/wp-json\/wp\/v2\/posts"}],"about":[{"href":"https:\/\/www.marianagurza.ro\/blog\/wp-json\/wp\/v2\/types\/post"}],"author":[{"embeddable":true,"href":"https:\/\/www.marianagurza.ro\/blog\/wp-json\/wp\/v2\/users\/1"}],"replies":[{"embeddable":true,"href":"https:\/\/www.marianagurza.ro\/blog\/wp-json\/wp\/v2\/comments?post=23"}],"version-history":[{"count":2,"href":"https:\/\/www.marianagurza.ro\/blog\/wp-json\/wp\/v2\/posts\/23\/revisions"}],"predecessor-version":[{"id":120,"href":"https:\/\/www.marianagurza.ro\/blog\/wp-json\/wp\/v2\/posts\/23\/revisions\/120"}],"wp:attachment":[{"href":"https:\/\/www.marianagurza.ro\/blog\/wp-json\/wp\/v2\/media?parent=23"}],"wp:term":[{"taxonomy":"category","embeddable":true,"href":"https:\/\/www.marianagurza.ro\/blog\/wp-json\/wp\/v2\/categories?post=23"},{"taxonomy":"post_tag","embeddable":true,"href":"https:\/\/www.marianagurza.ro\/blog\/wp-json\/wp\/v2\/tags?post=23"}],"curies":[{"name":"wp","href":"https:\/\/api.w.org\/{rel}","templated":true}]}}