{"id":23005,"date":"2015-04-10T11:28:41","date_gmt":"2015-04-10T11:28:41","guid":{"rendered":"http:\/\/www.marianagurza.ro\/blog\/?p=23005"},"modified":"2015-04-10T11:28:41","modified_gmt":"2015-04-10T11:28:41","slug":"anatol-covali-rugaciune-in-sfanta-si-marea-zi-de-vineri-din-saptamana-patimilor","status":"publish","type":"post","link":"https:\/\/www.marianagurza.ro\/blog\/2015\/04\/10\/anatol-covali-rugaciune-in-sfanta-si-marea-zi-de-vineri-din-saptamana-patimilor\/","title":{"rendered":"Anatol Covali: Rug\u0103ciune \u00een Sf\u00e2nta \u015fi Marea zi de Vineri din S\u0103pt\u0103m\u00e2na Patimilor"},"content":{"rendered":"<p style=\"text-align: center;\"><a href=\"http:\/\/www.marianagurza.ro\/blog\/wp-content\/uploads\/2015\/04\/vinerea_mare.jpg\"><img loading=\"lazy\" decoding=\"async\" class=\"size-medium wp-image-23007\" title=\"vinerea_mare\" src=\"http:\/\/www.marianagurza.ro\/blog\/wp-content\/uploads\/2015\/04\/vinerea_mare-300x225.jpg\" alt=\"\" width=\"300\" height=\"225\" srcset=\"https:\/\/www.marianagurza.ro\/blog\/wp-content\/uploads\/2015\/04\/vinerea_mare-300x225.jpg 300w, https:\/\/www.marianagurza.ro\/blog\/wp-content\/uploads\/2015\/04\/vinerea_mare.jpg 613w\" sizes=\"auto, (max-width: 300px) 100vw, 300px\" \/><\/a><\/p>\n<p><strong>Rug\u0103ciune \u00een Sf\u00e2nta \u015fi Marea zi de<br \/>\nVineri din S\u0103pt\u0103m\u00e2na Patimilor<\/strong><\/p>\n<p>&nbsp;<\/p>\n<p>Cu sufletul zdrobit, cu umilin\u0163\u0103,<br \/>\n\u015fi-ad\u00e2nc cutremurat de jertfa Ta,<br \/>\nprivesc, Iisuse, marea suferin\u0163\u0103<br \/>\nprin care ai trecut spre-a ne salva.<\/p>\n<p>&nbsp;<\/p>\n<p>C\u00e2t de umilitoare \u015fi ce multe<br \/>\nau fost cele ce bl\u00e2nd le-ai \u00eendurat :<br \/>\nscuip\u0103ri, batjocuri, palme \u015fi insulte<br \/>\n\u015fi biciuirea trupului curat.<\/p>\n<p>&nbsp;<\/p>\n<p>Cununa Ta de spini o simt pe frunte,<br \/>\npiroanele m\u0103 ard \u00eengrozitor,<br \/>\n\u015fi ale Tale suferin\u0163e crunte<br \/>\n\u00eemi curg \u00een suflet, Doamne, \u015fi m\u0103 dor.<\/p>\n<p>&nbsp;<\/p>\n<p>Te-au pus \u00eentre t\u00e2lhari, ca s\u0103-njoseasc\u0103<br \/>\nmenirea pentru care ai venit,<br \/>\n\u00eens\u0103 lumina Ta dumnezeiasc\u0103<br \/>\na lor cumplit\u0103 ur\u0103-a biruit.<\/p>\n<p>&nbsp;<\/p>\n<p>Te v\u0103d murind \u015fi sufletu-mi \u00eenghea\u0163\u0103,<br \/>\nprivesc pl\u00e2ng\u00e2nd cum \u00een morm\u00e2nt e\u015fti pus<br \/>\n\u015fi dac\u0103 nu a\u015f \u015fti c\u0103 Tu e\u015fti via\u0163\u0103,<br \/>\na\u015f c\u0103dea mort, de moartea Ta r\u0103pus.<\/p>\n<p>&nbsp;<\/p>\n<p align=\"center\"><strong>Anatol Covali<\/strong><\/p>\n<p>&nbsp;<\/p>\n","protected":false},"excerpt":{"rendered":"<p>Rug\u0103ciune \u00een Sf\u00e2nta \u015fi Marea zi de Vineri din S\u0103pt\u0103m\u00e2na Patimilor &nbsp; Cu sufletul zdrobit, cu umilin\u0163\u0103, \u015fi-ad\u00e2nc cutremurat de [&#038;hellip<\/p>\n","protected":false},"author":1,"featured_media":0,"comment_status":"closed","ping_status":"closed","sticky":false,"template":"","format":"standard","meta":{"footnotes":""},"categories":[3],"tags":[],"class_list":["post-23005","post","type-post","status-publish","format-standard","hentry","category-articole"],"_links":{"self":[{"href":"https:\/\/www.marianagurza.ro\/blog\/wp-json\/wp\/v2\/posts\/23005","targetHints":{"allow":["GET"]}}],"collection":[{"href":"https:\/\/www.marianagurza.ro\/blog\/wp-json\/wp\/v2\/posts"}],"about":[{"href":"https:\/\/www.marianagurza.ro\/blog\/wp-json\/wp\/v2\/types\/post"}],"author":[{"embeddable":true,"href":"https:\/\/www.marianagurza.ro\/blog\/wp-json\/wp\/v2\/users\/1"}],"replies":[{"embeddable":true,"href":"https:\/\/www.marianagurza.ro\/blog\/wp-json\/wp\/v2\/comments?post=23005"}],"version-history":[{"count":2,"href":"https:\/\/www.marianagurza.ro\/blog\/wp-json\/wp\/v2\/posts\/23005\/revisions"}],"predecessor-version":[{"id":23009,"href":"https:\/\/www.marianagurza.ro\/blog\/wp-json\/wp\/v2\/posts\/23005\/revisions\/23009"}],"wp:attachment":[{"href":"https:\/\/www.marianagurza.ro\/blog\/wp-json\/wp\/v2\/media?parent=23005"}],"wp:term":[{"taxonomy":"category","embeddable":true,"href":"https:\/\/www.marianagurza.ro\/blog\/wp-json\/wp\/v2\/categories?post=23005"},{"taxonomy":"post_tag","embeddable":true,"href":"https:\/\/www.marianagurza.ro\/blog\/wp-json\/wp\/v2\/tags?post=23005"}],"curies":[{"name":"wp","href":"https:\/\/api.w.org\/{rel}","templated":true}]}}