{"id":23018,"date":"2015-04-11T09:54:21","date_gmt":"2015-04-11T09:54:21","guid":{"rendered":"http:\/\/www.marianagurza.ro\/blog\/?p=23018"},"modified":"2015-04-11T09:54:21","modified_gmt":"2015-04-11T09:54:21","slug":"anatol-covali-rugaciune-in-sfanta-si-marea-zi-de-sambata-din-saptamana-patimilor","status":"publish","type":"post","link":"https:\/\/www.marianagurza.ro\/blog\/2015\/04\/11\/anatol-covali-rugaciune-in-sfanta-si-marea-zi-de-sambata-din-saptamana-patimilor\/","title":{"rendered":"Anatol Covali: Rug\u0103ciune \u00een Sf\u00e2nta \u015fi Marea zi de S\u00e2mb\u0103t\u0103 din S\u0103pt\u0103m\u00e2na Patimilor"},"content":{"rendered":"<p style=\"text-align: center;\"><a href=\"http:\/\/www.marianagurza.ro\/blog\/wp-content\/uploads\/2015\/04\/invierea-domnului-si-predica-sf-ioan-botezatorul.jpg\"><img loading=\"lazy\" decoding=\"async\" class=\"size-medium wp-image-23019\" title=\"invierea-domnului-si-predica-sf-ioan-botezatorul\" src=\"http:\/\/www.marianagurza.ro\/blog\/wp-content\/uploads\/2015\/04\/invierea-domnului-si-predica-sf-ioan-botezatorul-196x300.jpg\" alt=\"\" width=\"196\" height=\"300\" srcset=\"https:\/\/www.marianagurza.ro\/blog\/wp-content\/uploads\/2015\/04\/invierea-domnului-si-predica-sf-ioan-botezatorul-196x300.jpg 196w, https:\/\/www.marianagurza.ro\/blog\/wp-content\/uploads\/2015\/04\/invierea-domnului-si-predica-sf-ioan-botezatorul.jpg 320w\" sizes=\"auto, (max-width: 196px) 100vw, 196px\" \/><\/a><\/p>\n<p><strong>Rug\u0103ciune \u00een Sf\u00e2nta \u015fi Marea zi de<br \/>\nS\u00e2mb\u0103t\u0103 din S\u0103pt\u0103m\u00e2na Patimilor<\/strong><\/p>\n<p><strong>\u00a0<\/strong><\/p>\n<p>Morm\u00e2ntul T\u0103u a fost pecetluit<br \/>\nde cei ce de-nvierea Ta au groaz\u0103<br \/>\n\u015fi stau osta\u015fii l\u00e2ng\u0103 el de paz\u0103<br \/>\nca nu cumva din el s\u0103 fii r\u0103pit.<\/p>\n<p>&nbsp;<\/p>\n<p>Trupul b\u0103tut st\u0103-n giulgiul \u00eembibat<br \/>\ncu smirn\u0103 \u015fi aloe,parc\u0103 doarme,<br \/>\n\u00een timp ce Duhul T\u0103u s-a dus s\u0103 sfarme<br \/>\ncu slava-i sf\u00e2nt\u0103 iadul blestemat.<\/p>\n<p>&nbsp;<\/p>\n<p>Sau bucurat str\u0103mo\u015fii prosl\u0103vind<br \/>\npe cel pe care-L a\u015fteptau s\u0103 vin\u0103<br \/>\ns\u0103-i m\u00e2ng\u00e2ie cu sf\u00e2nta lui lumin\u0103<br \/>\nde via\u0163\u0103 \u015fi-mp\u0103care str\u0103lucind.<\/p>\n<p>\u015ei raiul a vibrat triumf\u0103tor<br \/>\nc\u0103 s-a \u00eentors \u00een s\u00eenul s\u0103u iubirea,<br \/>\ncare-a salvat prin s\u00e2nge omenirea<br \/>\nca Dumnezeu \u015fi ca M\u00e2ntuitor.<\/p>\n<p>Ce pace al meu suflet a cuprins<br \/>\n\u015fterg\u00e2nd din mine ori\u015fice durere,<br \/>\n\u00een timp ce-a\u015ftept sublima \u00eenviere<br \/>\na Celui care moartea a \u00eenvins !<\/p>\n<p>&nbsp;<\/p>\n<p style=\"text-align: center;\"><strong>Anatol Covali<\/strong><\/p>\n<p>&nbsp;<\/p>\n","protected":false},"excerpt":{"rendered":"<p>Rug\u0103ciune \u00een Sf\u00e2nta \u015fi Marea zi de S\u00e2mb\u0103t\u0103 din S\u0103pt\u0103m\u00e2na Patimilor \u00a0 Morm\u00e2ntul T\u0103u a fost pecetluit de cei ce [&#038;hellip<\/p>\n","protected":false},"author":1,"featured_media":0,"comment_status":"closed","ping_status":"closed","sticky":false,"template":"","format":"standard","meta":{"footnotes":""},"categories":[3],"tags":[],"class_list":["post-23018","post","type-post","status-publish","format-standard","hentry","category-articole"],"_links":{"self":[{"href":"https:\/\/www.marianagurza.ro\/blog\/wp-json\/wp\/v2\/posts\/23018","targetHints":{"allow":["GET"]}}],"collection":[{"href":"https:\/\/www.marianagurza.ro\/blog\/wp-json\/wp\/v2\/posts"}],"about":[{"href":"https:\/\/www.marianagurza.ro\/blog\/wp-json\/wp\/v2\/types\/post"}],"author":[{"embeddable":true,"href":"https:\/\/www.marianagurza.ro\/blog\/wp-json\/wp\/v2\/users\/1"}],"replies":[{"embeddable":true,"href":"https:\/\/www.marianagurza.ro\/blog\/wp-json\/wp\/v2\/comments?post=23018"}],"version-history":[{"count":2,"href":"https:\/\/www.marianagurza.ro\/blog\/wp-json\/wp\/v2\/posts\/23018\/revisions"}],"predecessor-version":[{"id":23021,"href":"https:\/\/www.marianagurza.ro\/blog\/wp-json\/wp\/v2\/posts\/23018\/revisions\/23021"}],"wp:attachment":[{"href":"https:\/\/www.marianagurza.ro\/blog\/wp-json\/wp\/v2\/media?parent=23018"}],"wp:term":[{"taxonomy":"category","embeddable":true,"href":"https:\/\/www.marianagurza.ro\/blog\/wp-json\/wp\/v2\/categories?post=23018"},{"taxonomy":"post_tag","embeddable":true,"href":"https:\/\/www.marianagurza.ro\/blog\/wp-json\/wp\/v2\/tags?post=23018"}],"curies":[{"name":"wp","href":"https:\/\/api.w.org\/{rel}","templated":true}]}}