{"id":23022,"date":"2015-04-11T12:00:04","date_gmt":"2015-04-11T12:00:04","guid":{"rendered":"http:\/\/www.marianagurza.ro\/blog\/?p=23022"},"modified":"2015-04-11T14:09:06","modified_gmt":"2015-04-11T14:09:06","slug":"boris-david-e-pasti","status":"publish","type":"post","link":"https:\/\/www.marianagurza.ro\/blog\/2015\/04\/11\/boris-david-e-pasti\/","title":{"rendered":"Boris David: E Pa\u015fti&#8230;"},"content":{"rendered":"<p style=\"text-align: center;\"><a href=\"http:\/\/www.marianagurza.ro\/blog\/wp-content\/uploads\/2015\/04\/InviereaDomnului.jpg\"><img loading=\"lazy\" decoding=\"async\" class=\"size-medium wp-image-23032\" title=\"InviereaDomnului\" src=\"http:\/\/www.marianagurza.ro\/blog\/wp-content\/uploads\/2015\/04\/InviereaDomnului-244x300.jpg\" alt=\"\" width=\"244\" height=\"300\" srcset=\"https:\/\/www.marianagurza.ro\/blog\/wp-content\/uploads\/2015\/04\/InviereaDomnului-244x300.jpg 244w, https:\/\/www.marianagurza.ro\/blog\/wp-content\/uploads\/2015\/04\/InviereaDomnului.jpg 390w\" sizes=\"auto, (max-width: 244px) 100vw, 244px\" \/><\/a><\/p>\n<p><strong>E Pa\u015fti&#8230;<\/strong><\/p>\n<p><strong>\u00a0<\/strong><\/p>\n<p>E Pa\u015fti \u015fi bucuria \u00cenvierii,<br \/>\nNu pare azi ca alt\u0103dat\u0103&#8230;<br \/>\nM\u0103-ntreb: ce s-a-nt\u00e2mplat deodat\u0103?<br \/>\nCe-i calea asta a \u00eensingur\u0103rii?<\/p>\n<p>&nbsp;<\/p>\n<p>R\u0103spunsu-nt\u00e2rzie, sau, \u00eel ascund \u00een parte?<br \/>\nE greu s\u0103 te-nt\u00e2lne\u015fti cu moartea!<br \/>\nS\u0103 fie-a vie\u0163ii mele \u201dpartea\u201d,<br \/>\nCe ne revine din p\u0103catul ce se-mparte?!<\/p>\n<p>&nbsp;<\/p>\n<p>M\u0103-ntreb: ce a fost Eva pentru Tine?<br \/>\nO, Doamne! N-a fost fiica mult iubit\u0103?!<br \/>\nChiar de-a gre\u015fit, de ce a fost hulit\u0103,<br \/>\n\u015ei alungat\u0103 c-un blestem, \u00een loc de bine?!<\/p>\n<p>&nbsp;<\/p>\n<p>Oric\u00e2t ar fi purtarea-i vinovat\u0103,<br \/>\nEu \u00eei voi da ce am mai bun \u00een mine&#8230;<\/p>\n<p>&nbsp;<\/p>\n<p>Hristos a \u00eenviat!<\/p>\n<p>&nbsp;<\/p>\n<p>\u201dHristos a \u00eenviat! \u201d..\u201dAdev\u0103rat a \u00eenviat! \u201d<br \/>\nSunt vorbe ce le spunem de milenii-<br \/>\nLegende \u00eensu\u015fite de mirenii<br \/>\nCe clerul \u00eel urmeaz\u0103 ne-ncetat.<\/p>\n<p>&nbsp;<\/p>\n<p>Din Biblii \u015ftim de prorocirea,<br \/>\nCea care, spune Testamentul, s-a-mplinit;<br \/>\nMesia s-a n\u0103scut \u015fi a murit-<br \/>\nC\u00e2nd va veni, salva-va omenirea.<\/p>\n<p>&nbsp;<\/p>\n<p>Credin\u0163a-n \u00cenviere \u015fi-n Apoi,<br \/>\nHr\u0103ne\u015fte ce numim speran\u0163a-<br \/>\nAvea-vom, oare, cutezan\u0163a,<br \/>\nDe-a crede suferind \u00een noi?!<\/p>\n<p>&nbsp;<\/p>\n<p>Nu \u015ftiu &#8211; prea multe \u00eentreb\u0103ri purt\u0103m-<br \/>\nR\u0103spunsuri vom primi, peste milenii&#8230;<\/p>\n<p>&nbsp;<\/p>\n<p align=\"center\"><strong>Boris David<\/strong><\/p>\n","protected":false},"excerpt":{"rendered":"<p>E Pa\u015fti&#8230; \u00a0 E Pa\u015fti \u015fi bucuria \u00cenvierii, Nu pare azi ca alt\u0103dat\u0103&#8230; M\u0103-ntreb: ce s-a-nt\u00e2mplat deodat\u0103? Ce-i calea asta [&#038;hellip<\/p>\n","protected":false},"author":1,"featured_media":0,"comment_status":"closed","ping_status":"closed","sticky":false,"template":"","format":"standard","meta":{"footnotes":""},"categories":[3],"tags":[],"class_list":["post-23022","post","type-post","status-publish","format-standard","hentry","category-articole"],"_links":{"self":[{"href":"https:\/\/www.marianagurza.ro\/blog\/wp-json\/wp\/v2\/posts\/23022","targetHints":{"allow":["GET"]}}],"collection":[{"href":"https:\/\/www.marianagurza.ro\/blog\/wp-json\/wp\/v2\/posts"}],"about":[{"href":"https:\/\/www.marianagurza.ro\/blog\/wp-json\/wp\/v2\/types\/post"}],"author":[{"embeddable":true,"href":"https:\/\/www.marianagurza.ro\/blog\/wp-json\/wp\/v2\/users\/1"}],"replies":[{"embeddable":true,"href":"https:\/\/www.marianagurza.ro\/blog\/wp-json\/wp\/v2\/comments?post=23022"}],"version-history":[{"count":3,"href":"https:\/\/www.marianagurza.ro\/blog\/wp-json\/wp\/v2\/posts\/23022\/revisions"}],"predecessor-version":[{"id":23026,"href":"https:\/\/www.marianagurza.ro\/blog\/wp-json\/wp\/v2\/posts\/23022\/revisions\/23026"}],"wp:attachment":[{"href":"https:\/\/www.marianagurza.ro\/blog\/wp-json\/wp\/v2\/media?parent=23022"}],"wp:term":[{"taxonomy":"category","embeddable":true,"href":"https:\/\/www.marianagurza.ro\/blog\/wp-json\/wp\/v2\/categories?post=23022"},{"taxonomy":"post_tag","embeddable":true,"href":"https:\/\/www.marianagurza.ro\/blog\/wp-json\/wp\/v2\/tags?post=23022"}],"curies":[{"name":"wp","href":"https:\/\/api.w.org\/{rel}","templated":true}]}}