{"id":23038,"date":"2015-04-11T21:05:40","date_gmt":"2015-04-11T21:05:40","guid":{"rendered":"http:\/\/www.marianagurza.ro\/blog\/?p=23038"},"modified":"2015-04-11T23:04:07","modified_gmt":"2015-04-11T23:04:07","slug":"anatol-covali-rugaciune-in-sfanta-si-marea-zi-de-duminica-a-sfintelor-pasti","status":"publish","type":"post","link":"https:\/\/www.marianagurza.ro\/blog\/2015\/04\/11\/anatol-covali-rugaciune-in-sfanta-si-marea-zi-de-duminica-a-sfintelor-pasti\/","title":{"rendered":"Anatol Covali: Rug\u0103ciune \u00een Sf\u00e2nta \u015fi Marea zi de  Duminic\u0103 a Sfintelor Pa\u015fti"},"content":{"rendered":"<p style=\"text-align: center;\"><a href=\"http:\/\/www.marianagurza.ro\/blog\/wp-content\/uploads\/2015\/04\/HRISTOS-A-\u00ceNVIAT.jpg\"><img loading=\"lazy\" decoding=\"async\" class=\"size-medium wp-image-23043\" title=\"HRISTOS A \u00ceNVIAT\" src=\"http:\/\/www.marianagurza.ro\/blog\/wp-content\/uploads\/2015\/04\/HRISTOS-A-\u00ceNVIAT-300x300.jpg\" alt=\"\" width=\"300\" height=\"300\" srcset=\"https:\/\/www.marianagurza.ro\/blog\/wp-content\/uploads\/2015\/04\/HRISTOS-A-\u00ceNVIAT-300x300.jpg 300w, https:\/\/www.marianagurza.ro\/blog\/wp-content\/uploads\/2015\/04\/HRISTOS-A-\u00ceNVIAT-150x150.jpg 150w, https:\/\/www.marianagurza.ro\/blog\/wp-content\/uploads\/2015\/04\/HRISTOS-A-\u00ceNVIAT.jpg 600w\" sizes=\"auto, (max-width: 300px) 100vw, 300px\" \/><\/a><\/p>\n<p><strong>Rug\u0103ciune \u00een Sf\u00e2nta \u015fi Marea zi de<br \/>\nDuminic\u0103 a Sfintelor Pa\u015fti<\/strong><\/p>\n<p><strong>\u00a0<\/strong><\/p>\n<p>Hristos a \u00eenviat ! E ziua sf\u00e2nt\u0103<br \/>\n\u00een care-al nostru bl\u00e2nd izb\u0103vitor<br \/>\ncalc\u0103-n picioare moartea-n veci \u00eenfr\u00e2nt\u0103<br \/>\ncu via\u0163a Lui d\u00e2nd via\u0163\u0103 tuturor.<\/p>\n<p>&nbsp;<\/p>\n<p>Hristos a \u00eenviat ! S-a dat de-o parte<br \/>\npiatra de pe morm\u00e2nt \u015fi luminos<br \/>\ns-a ridicat biruitor din moarte<br \/>\nM\u00e2ntuitorul drag Iisus Hristos.<\/p>\n<p>&nbsp;<\/p>\n<p>Hristos a \u00eenviat ! Inima-mi plin\u0103<br \/>\nde fericire c\u00e2nt\u0103 frem\u0103t\u00e2nd<br \/>\n\u00een sf\u00e2nta \u015fi mirabila lumin\u0103<br \/>\nce m\u00e2ng\u00e2ie a mea credin\u0163\u0103 bl\u00e2nd.<\/p>\n<p>&nbsp;<\/p>\n<p>Hristos a \u00eenviat ! E s\u0103rb\u0103toare<br \/>\n\u015fi praznic cum nu-i altul pe p\u0103m\u00e2nt<br \/>\npentru-ndelunga noastr\u0103 \u00eenfr\u00e2nare<br \/>\ncare pe cel viclean \u015fi r\u0103u l-a-nfr\u00e2nt.<\/p>\n<p>&nbsp;<\/p>\n<p>Hristos a \u00eenviat ! O via\u0163\u0103 nou\u0103<br \/>\nparc\u0103 incepe \u00een aceast\u0103 zi<br \/>\nc\u00e2nd El, z\u00e2mbind, ne spune : Pace vou\u0103 !<br \/>\n\u015fi ne adun\u0103 pentru-a ne iubi.<\/p>\n<p>&nbsp;<\/p>\n<p align=\"center\"><strong>Anatol Covali<\/strong><\/p>\n<p>&nbsp;<\/p>\n","protected":false},"excerpt":{"rendered":"<p>Rug\u0103ciune \u00een Sf\u00e2nta \u015fi Marea zi de Duminic\u0103 a Sfintelor Pa\u015fti \u00a0 Hristos a \u00eenviat ! E ziua sf\u00e2nt\u0103 \u00een [&#038;hellip<\/p>\n","protected":false},"author":1,"featured_media":0,"comment_status":"closed","ping_status":"closed","sticky":false,"template":"","format":"standard","meta":{"footnotes":""},"categories":[3],"tags":[],"class_list":["post-23038","post","type-post","status-publish","format-standard","hentry","category-articole"],"_links":{"self":[{"href":"https:\/\/www.marianagurza.ro\/blog\/wp-json\/wp\/v2\/posts\/23038","targetHints":{"allow":["GET"]}}],"collection":[{"href":"https:\/\/www.marianagurza.ro\/blog\/wp-json\/wp\/v2\/posts"}],"about":[{"href":"https:\/\/www.marianagurza.ro\/blog\/wp-json\/wp\/v2\/types\/post"}],"author":[{"embeddable":true,"href":"https:\/\/www.marianagurza.ro\/blog\/wp-json\/wp\/v2\/users\/1"}],"replies":[{"embeddable":true,"href":"https:\/\/www.marianagurza.ro\/blog\/wp-json\/wp\/v2\/comments?post=23038"}],"version-history":[{"count":4,"href":"https:\/\/www.marianagurza.ro\/blog\/wp-json\/wp\/v2\/posts\/23038\/revisions"}],"predecessor-version":[{"id":23042,"href":"https:\/\/www.marianagurza.ro\/blog\/wp-json\/wp\/v2\/posts\/23038\/revisions\/23042"}],"wp:attachment":[{"href":"https:\/\/www.marianagurza.ro\/blog\/wp-json\/wp\/v2\/media?parent=23038"}],"wp:term":[{"taxonomy":"category","embeddable":true,"href":"https:\/\/www.marianagurza.ro\/blog\/wp-json\/wp\/v2\/categories?post=23038"},{"taxonomy":"post_tag","embeddable":true,"href":"https:\/\/www.marianagurza.ro\/blog\/wp-json\/wp\/v2\/tags?post=23038"}],"curies":[{"name":"wp","href":"https:\/\/api.w.org\/{rel}","templated":true}]}}