{"id":23115,"date":"2015-04-15T05:57:50","date_gmt":"2015-04-15T05:57:50","guid":{"rendered":"http:\/\/www.marianagurza.ro\/blog\/?p=23115"},"modified":"2015-04-15T05:59:53","modified_gmt":"2015-04-15T05:59:53","slug":"gabriel-tudor-%e2%80%9esurditatea-nu-ste-o-condamnare-%e2%80%9d-%e2%80%93-interviu-cu-audiologul-anca-modan","status":"publish","type":"post","link":"https:\/\/www.marianagurza.ro\/blog\/2015\/04\/15\/gabriel-tudor-%e2%80%9esurditatea-nu-ste-o-condamnare-%e2%80%9d-%e2%80%93-interviu-cu-audiologul-anca-modan\/","title":{"rendered":"Gabriel TUDOR: \u201eSurditatea nu ste o condamnare \u201d \u2013 Interviu cu audiologul Anca Modan"},"content":{"rendered":"<p style=\"text-align: justify;\"><strong><em><a href=\"http:\/\/www.marianagurza.ro\/blog\/wp-content\/uploads\/2015\/04\/MODAN-Anca-wb.jpg\"><img loading=\"lazy\" decoding=\"async\" class=\"alignleft size-medium wp-image-23116\" title=\"MODAN-Anca-wb\" src=\"http:\/\/www.marianagurza.ro\/blog\/wp-content\/uploads\/2015\/04\/MODAN-Anca-wb-225x300.jpg\" alt=\"\" width=\"225\" height=\"300\" srcset=\"https:\/\/www.marianagurza.ro\/blog\/wp-content\/uploads\/2015\/04\/MODAN-Anca-wb-225x300.jpg 225w, https:\/\/www.marianagurza.ro\/blog\/wp-content\/uploads\/2015\/04\/MODAN-Anca-wb.jpg 600w\" sizes=\"auto, (max-width: 225px) 100vw, 225px\" \/><\/a>Afl\u0103 ce po\u0163i face pentru a-\u0163i rec\u0103p\u0103t\u0103 auzul!<\/em><\/strong><\/p>\n<p style=\"text-align: justify;\"><em>\u00a0<\/em><\/p>\n<p style=\"text-align: justify;\"><em>Milioane de oameni din \u00eentreaga lume sunt afecta\u0163i de o boal\u0103 din ce \u00een ce mai r\u0103sp\u00e2ndit\u0103: hipoacuzia neurosenzorial\u0103. Pierderea auzului \u00eentr-un grad mai mic sau mai mare reprezint\u0103 o problem\u0103 pentru oricine, dar exist\u0103 solu\u0163ii pentru tratarea afec\u0163iunii.<\/em><\/p>\n<p style=\"text-align: justify;\"><em>\u00a0<\/em><\/p>\n<p style=\"text-align: justify;\"><em>Audiologul Anca Modan estimeaz\u0103 c\u0103, la na\u015ftere, \u00eentre 1 \u015fi 3 la mie dintre bebelu\u015fi vor avea deja o pierdere de auz neurosenzorial\u0103 semnificativ\u0103. La aceste statistici, se adaug\u0103 persoanele care dob\u00e2ndesc hipoacuzie neurosenzorial\u0103 pe parcursul vie\u0163ii, deci este destul de \u00eent\u00e2lnit\u0103. \u00cen general, cam 10% din popula\u0163ie, dup\u0103 v\u00e2rsta de 50 de ani, are un anumit grad de hipoacuzie, conform specialistului.<\/em><strong><em><\/em><\/strong><\/p>\n<p style=\"text-align: justify;\"><strong>***<br \/>\n<\/strong><\/p>\n<p style=\"text-align: justify;\"><strong>Gabriel TUDOR (Asocia\u0163ia \u201cSalveaz\u0103 o inim\u0103\u201d): Ce este hipoacuzia neurosenzorial\u0103?<\/strong><\/p>\n<p style=\"text-align: justify;\"><strong>Anca MODAN (audiolog): <\/strong>(Centrul de Protezare Auditiv\u0103 \u201cAudiologos\u201d, Bucure\u015fti): Este un tip de pierdere auditiv\u0103 datorat\u0103 func\u0163ion\u0103rii defectuoase a nervului auditiv \u015fi a etajelor nervoase superioare, adic\u0103 trunchiul cerebral sau interpretarea la nivelul scoar\u0163ei cerebrale.<\/p>\n<p style=\"text-align: justify;\"><strong>Gabriel TUDOR: Ce este hipoacuzia neurosenzorial\u0103?<\/strong><\/p>\n<p style=\"text-align: justify;\"><strong>Anca MODAN: <\/strong>Este un tip de pierdere auditiv\u0103 datorat\u0103 func\u0163ion\u0103rii defectuoase a nervului auditiv \u015fi a etajelor nervoase superioare, adic\u0103 trunchiul cerebral sau interpretarea la nivelul scoar\u0163ei cerebrale.<\/p>\n<p style=\"text-align: justify;\"><strong>Gabriel TUDOR: Care sunt cauzele apari\u0163iei acestei boli?<\/strong><\/p>\n<p style=\"text-align: justify;\"><strong>Anca MODAN: <\/strong>Cauzele pot fi multiple. Pot ap\u0103rea \u00eenc\u0103 din timpul sarcinii, dac\u0103 viitoarea m\u0103mic\u0103 sufer\u0103 de rubeol\u0103 sau de o alt\u0103 boal\u0103 infec\u0163ioas\u0103, varicela, \u00eentr-un anumit trimestru de sarcin\u0103. Pot ap\u0103rea apoi, tot ca urmare a bolilor infec\u0163ioase, \u00een timpul copil\u0103riei. De exemplu, oreionul poate da hipoacuzie unilateral\u0103 profund\u0103. Pot fi \u015fi alte tipuri de boli care s\u0103 afecteze nervul auditiv. De asemenea, hipoacuzia neurosenzorial\u0103 poate ap\u0103rea \u015fi ca urmare a administr\u0103rii de medicamente ototoxice, cum ar fi antibioticele aminoglicozidice. Aici intr\u0103 \u015fi gentamicina, streptomicina, canamicina. De aceea este bine s\u0103 \u00eencerc\u0103m pe c\u00e2t posibil s\u0103 evit\u0103m administrarea lor.<\/p>\n<p style=\"text-align: justify;\"><strong>Gabriel TUDOR: Adic\u0103 poate ap\u0103rea \u015fi la adult&#8230;<\/strong><\/p>\n<p style=\"text-align: justify;\"><strong>Anca MODAN: <\/strong>Da, poate ap\u0103rea la orice persoan\u0103 care are aceast\u0103 sensibilitate la respectivele antibiotice&#8230; O alt\u0103 cauz\u0103 de apari\u0163ie a surdit\u0103\u0163ii neurosenzoriale poate fi a\u015fa-numita \u201esurditate brusc instalat\u0103\u201d, care, de altfel, are o cauz\u0103 care nu se cunoa\u015fte. Pur \u015fi simplu apare brusc \u015fi, din p\u0103cate, nu se recupereaz\u0103.<\/p>\n<p style=\"text-align: justify;\"><strong>Gabriel TUDOR: C\u00e2t de des \u00eent\u00e2lnit\u0103 este boala \u015fi care este categoria cea mai afectat\u0103 de ea?<\/strong><\/p>\n<p style=\"text-align: justify;\"><strong>Anca MODAN: <\/strong>Statisticile ne spun c\u0103, la na\u015ftere, \u00eentre 1 \u015fi 3 la mie dintre bebelu\u015fi vor avea deja o pierdere de auz neurosenzorial\u0103 semnificativ\u0103. Se adaug\u0103 cei care dob\u00e2ndesc hipoacuzie neurosenzorial\u0103 pe parcursul vie\u0163ii, deci este destul de \u00eent\u00e2lnit\u0103. \u00cen general, cam 10% din popula\u0163ie, dup\u0103 v\u00e2rsta de 50 de ani, are un anumit grad de hipoacuzie.<\/p>\n<p style=\"text-align: justify;\"><strong>Gabriel TUDOR: Poate fi prevenit\u0103 boala? Vorbim aici de cazurile de dup\u0103 na\u015ftere&#8230;<\/strong><\/p>\n<p style=\"text-align: justify;\"><strong>Anca MODAN: <\/strong>Dac\u0103 ne ocup\u0103m mai \u00eendeaproape s\u0103 nu administr\u0103m antibiotice, medicamente ototoxice copiilor \u015fi celor care au aceast\u0103 sensibilitate la ele, deja elimin\u0103m o parte dintre poten\u0163ialii afecta\u0163i de hipoacuzie. Dac\u0103 ne referim la hipoacuzia dob\u00e2ndit\u0103 ca urmare a traumei sonore, adic\u0103 acei muncitori care lucreaz\u0103 \u00een zgomot ore \u00een \u015fir, ani de zile, la fel, putem preveni acest lucru prin purtarea de antifoane adecvate. Exist\u0103 o categorie acum de hipoacuzie, o numim noi \u201ede loisir\u201d, de timp liber. Ne referim la tinerii care ascult\u0103 la c\u0103\u015fti muzic\u0103 foarte tare. \u015ei aceasta este o hipoacuzie care se poate preveni. Mai e un aspect important pe care l-a\u015f sublinia: am observat, uneori, p\u0103rin\u0163ii \u00ee\u015fi scot copiii cu boli infec\u0163ioase \u00een public, \u00een ora\u015f, cei cu rubeol\u0103, cu varicel\u0103. Nu se g\u00e2ndesc c\u0103 poate o femeie \u00eens\u0103rcinat\u0103 din anturaj ar putea s\u0103 contacteze boala \u015fi copilul s\u0103 sufere dup\u0103 aceea de diverse probleme la na\u015ftere.<\/p>\n<p style=\"text-align: justify;\"><strong>Gabriel TUDOR: Ce tratamente exist\u0103 la aceast\u0103 or\u0103 pentru hipoacuzia neurosenzorial\u0103?<\/strong><\/p>\n<p style=\"text-align: justify;\"><strong>Anca MODAN: <\/strong>Fiind vorba despre o afectare a nervului, \u00een principiu tratamentul este protetic, adic\u0103 prin protezare auditiv\u0103 sau implant cohlear.<\/p>\n<p style=\"text-align: justify;\"><strong>Gabriel TUDOR: Este cazul hipoacuziei profunde o condamnare la surditate pe via\u0163\u0103 a pacientului sau mai exist\u0103 \u015fanse ca el s\u0103-\u015fi poat\u0103 rec\u0103p\u0103ta auzul?<\/strong><\/p>\n<p style=\"text-align: justify;\"><strong>Anca MODAN: <\/strong>\u00cen general, prin \u201esurditate\u201d \u00een\u0163elegem lipsa oric\u0103rui prag auditiv. Hipoacuzia presupune existen\u0163a unui prag auditiv care poate fi folosit. Cu c\u00e2t depist\u0103m mai devreme, pentru copii de exemplu, hipoacuzia cu at\u00e2t se poate interveni \u00een a\u015fa fel \u00eenc\u00e2t ei s\u0103 se dezvolte c\u00e2t mai aproape de normal. Deci nu, nu reprezint\u0103 o condamnare!<\/p>\n<p style=\"text-align: justify;\"><strong>Gabriel TUDOR: Ce este implantul cohlear \u015fi cui i se recomand\u0103?<\/strong><\/p>\n<p style=\"text-align: justify;\"><strong>Anca MODAN: <\/strong>Implantul cohlear este un dispozitiv electronic. Este, dup\u0103 cum \u00eei spune \u015fi numele, par\u0163ial implantabil. Exist\u0103 o parte care se implanteaz\u0103 \u00een zona mastoidian\u0103, sub piele, \u015fi o parte activ\u0103 &#8211; procesorul de sunet &#8211; care r\u0103m\u00e2ne la exterior.<\/p>\n<p style=\"text-align: justify;\"><strong>Gabriel TUDOR: Cum func\u0163ioneaz\u0103 dispozitivul \u015fi ce presupune implantarea?<\/strong><\/p>\n<p style=\"text-align: justify;\"><strong>Anca MODAN: <\/strong>Acest dispozitiv are, a\u015fa cum am spus, partea pasiv\u0103, cea intern\u0103, \u015fi partea activ\u0103, este un minicomputer \u00eenglobat \u00eentr-un procesor. \u00cen partea aceasta extern\u0103 practic stimuleaz\u0103, dup\u0103 anumi\u0163i algoritmi, partea implantat\u0103, \u00een a\u015fa fel \u00eenc\u00e2t auzul pacientului &#8211; acela natural, pe cale acustic\u0103 &#8211; este \u00eenlocuit de un auz electronic, pu\u0163in robotizat, dar \u00eei permite s\u0103 aib\u0103 \u00een continuare o senza\u0163ie de auz. Implantarea \u00een sine presupune o interven\u0163ie chirurgical\u0103 care dureaz\u0103 \u00eentre o or\u0103 \u015fi trei ore de obicei, cu riscuri ca pentru orice alt\u0103 opera\u0163ie, \u00een principal riscurile anestezice, dar bine\u00een\u0163eles c\u0103 trebuie \u0163inut cont de starea de s\u0103n\u0103tate a pacientului \u015fi luate \u00een considerare toate aceste aspecte ale s\u0103n\u0103t\u0103\u0163ii lui.<\/p>\n<p style=\"text-align: justify;\"><strong>Gabriel TUDOR: \u00cen ce m\u0103sur\u0103 implantul cohlear red\u0103 auzul unui pacient cu hipoacuzie?<\/strong><\/p>\n<p style=\"text-align: justify;\"><strong>Anca MODAN: <\/strong>Dac\u0103 implantarea se face la momentul potrivit, exist\u0103 \u015fi aici ni\u015fte algoritmi de aplicat, adic\u0103 idealul ar fi p\u00e2n\u0103 la un an jumate, bine ar fi p\u00e2n\u0103 la trei ani &#8211; pentru copii vorbim &#8211; exist\u0103 \u015fanse de recuperare 100%. Pentru adul\u0163ii care au surzit undeva pe parcursul vie\u0163ii, la fel, algoritmul este s\u0103 nu fi trecut mai mult de o treime din v\u00e2rsta pacientului f\u0103r\u0103 s\u0103 aud\u0103, adic\u0103 pentru un om de 30 de ani s\u0103 nu fi trecut mai mult de 10 ani de c\u00e2nd a surzit. Cu alte cuvinte, cu c\u00e2t este depistat\u0103 problema mai repede \u015fi efectuat implantul, cu at\u00e2t mai multe \u015fanse are omul s\u0103 aud\u0103&#8230; Exact, da.<\/p>\n<p style=\"text-align: justify;\"><strong>Gabriel TUDOR: C\u00e2t cost\u0103 interven\u0163ia \u015fi c\u00e2t la sut\u0103 este decontat\u0103 de stat? <\/strong><\/p>\n<p style=\"text-align: justify;\"><strong>Anca MODAN: <\/strong>Interven\u0163ia \u00een sine, ca serviciu medical, \u00een principiu este gratuit\u0103 prin asigur\u0103rile pe care le pl\u0103tim cu to\u0163ii. Din punct de vedere al dispozitivului, exist\u0103 un program na\u0163ional de recuperare a deficien\u0163elor neurosenzoriale &#8211; a\u015fa se nume\u015fte &#8211; \u015fi \u00een cadrul acestui program pacientului hipoacuzic \u00eei este oferit un implant gratuit, el altminteri cost\u00e2nd \u00een jur de 25.000\u20ac.<\/p>\n<p style=\"text-align: justify;\"><strong>Gabriel TUDOR: Exist\u0103 liste de a\u015fteptare \u015fi pentru pacien\u0163ii care au nevoie de un implant cohlear? C\u00e2t timp trebuie s\u0103 a\u015ftepte? <\/strong><\/p>\n<p style=\"text-align: justify;\"><strong>Anca MODAN: <\/strong>Da, exist\u0103 liste de a\u015fteptare, dar av\u00e2nd \u00een vedere c\u0103 exist\u0103 mai multe centre de implantare cohlear\u0103, este bine ca un pacient s\u0103 se informeze la toate aceste centre existente, astfel \u00eenc\u00e2t perioada de a\u015fteptare s\u0103 nu dep\u0103\u015feasc\u0103 c\u00e2teva luni, dou\u0103-trei luni.<\/p>\n<p style=\"text-align: justify;\"><strong>Gabriel TUDOR: Unde se pot realiza la noi interven\u0163iile de acest gen?<\/strong><\/p>\n<p style=\"text-align: justify;\"><strong>Anca MODAN: <\/strong>Exist\u0103 c\u00e2teva centre \u00een \u0163ar\u0103. Sunt trei centre \u00een Bucure\u015fti &#8211; la Spitalul Clinic Col\u0163ea, Spitalul de copii \u201eMarie Curie\u201d \u015fi Institutul de Fonoaudiologie \u201eDr. Dorin Hociot\u0103\u201d &#8211; la Ia\u015fi la Spitalul Clinic de Recuperare, La Spitalul Jude\u0163ean Cluj, la Timi\u015foara, la Spitalul Jude\u0163ean T\u00e2rgu Mure\u015f. Sigur, exist\u0103 \u015fi clinici private unde se poate apela pentru acest implant contracost.<\/p>\n<p style=\"text-align: justify;\"><strong>Gabriel TUDOR: Dup\u0103 implantare, pacientul aude ca un om s\u0103n\u0103tos sau urmeaz\u0103 o perioad\u0103 de recuperare, de adaptare la noua situa\u0163ie?<\/strong><\/p>\n<p style=\"text-align: justify;\"><strong>Anca MODAN: <\/strong>Urmeaz\u0103 o perioad\u0103 destul de lung\u0103 de adaptare. G\u00e2ndi\u0163i-v\u0103 c\u0103 practic, la copii noi ne referim f\u0103c\u00e2nd distinc\u0163ie \u00eentre v\u00e2rsta auditiv\u0103 \u015fi v\u00e2rsta cronologic\u0103. Dac\u0103 un copil e implantat la trei ani, practic v\u00e2rsta lui auditiv\u0103 de atunci e de nou-n\u0103scut. De atunci \u00eencepem s\u0103 lu\u0103m \u00een calcul faptul c\u0103 aude \u015fi ne a\u015ftept\u0103m ca la un copil normal s\u0103 aud\u0103 cam peste un an, un an jumate s\u0103 vedem c\u0103 \u00eencepe s\u0103 \u015fi pronun\u0163e ceva. Dac\u0103 ne referim la adul\u0163i, situa\u0163ia difer\u0103 destul de mult de la caz la caz. Am v\u0103zut adul\u0163i care se simt excelent \u00eenc\u0103 de la activare \u015fi \u00een\u0163eleg f\u0103r\u0103 niciun fel de problem\u0103 \u015fi adul\u0163i care, av\u00e2nd plasticitate cerebral\u0103 mai sc\u0103zut\u0103, au nevoie de o perioad\u0103 mai \u00eendelungat\u0103, cam de un an p\u00e2n\u0103 s\u0103 \u00eenceap\u0103 s\u0103 aud\u0103 corect.<\/p>\n<p style=\"text-align: justify;\"><strong>Gabriel TUDOR: C\u00e2t la sut\u0103 din auzul unui om s\u0103n\u0103tos poate asigura, \u00een cel mai bun caz, un implant cohlear?<\/strong><\/p>\n<p style=\"text-align: justify;\"><strong>Anca MODAN: <\/strong>\u00cen cazul implant\u0103rii cohleare bilaterale, \u015fansele de a auzi \u00een limite normale sunt foarte mari. Dac\u0103 vorbim de o implantare unilateral\u0103, ca prag de auz urechea respectiv\u0103 va auzi \u00een limite normale, dar orientarea \u00een spa\u0163iu va fi afectat\u0103, adic\u0103 pacientul o s\u0103 aud\u0103, o s\u0103 \u00een\u0163eleag\u0103, dar n-o s\u0103 \u015ftie exact de unde se vorbe\u015fte.<\/p>\n<p style=\"text-align: justify;\"><strong>Gabriel TUDOR: Exist\u0103 contraindica\u0163ii pentru interven\u0163ia implant\u0103rii? <\/strong><\/p>\n<p style=\"text-align: justify;\"><strong>Anca MODAN: <\/strong>Exist\u0103, da. Din p\u0103cate, sunt afec\u0163iuni care contraindic\u0103 implantarea cohlear\u0103. De exemplu, pentru pacien\u0163ii care au avut meningit\u0103 se produce osificarea cohleei, ceea ce bine\u00een\u0163eles c\u0103 nu mai permite instalarea lan\u0163ului de electrozi, c\u0103 totul este osificat \u00een cohlee. De asemenea, dac\u0103 pacientul are probleme majore de s\u0103n\u0103tate care nu-i permit s\u0103 fie supus unei interven\u0163ii chirurgicale.<\/p>\n<p style=\"text-align: justify;\"><strong>Gabriel TUDOR: Cum ar fi&#8230;<\/strong><\/p>\n<p style=\"text-align: justify;\"><strong>Anca MODAN: <\/strong>Sunt boli de inim\u0103, malforma\u0163ii cardiace la copii care contraindic\u0103 o anestezie timp de o or\u0103 sau dou\u0103, c\u00e2t dureaz\u0103 opera\u0163ia. Mai sunt anumite boli metabolice care \u015fi ele pot contraindica, dar \u00een principiu sunt contraindica\u0163ii destul de restr\u00e2nse ca num\u0103r.<\/p>\n<p style=\"text-align: justify;\"><strong>Gabriel TUDOR: Care este durata de valabilitate, de func\u0163ionare a unui implant cohlear?<\/strong><\/p>\n<p style=\"text-align: justify;\"><strong>Anca MODAN: <\/strong>Implanturile cohleare sunt g\u00e2ndite s\u0103 func\u0163ioneze tot restul vie\u0163ii pacientului, dac\u0103 ne referim la partea intern\u0103, partea implantabil\u0103. Partea extern\u0103 este upgradabil\u0103, adic\u0103 o dat\u0103 la doi-trei ani tehnologia avanseaz\u0103 \u015fi pacientul poate s\u0103 achizi\u0163ioneze ceva mai performant \u015fi de actualitate la momentul respectiv. \u00cen cazul \u00een care totu\u015fi implantul, \u015ftiu eu, se defecteaz\u0103, se poate face opera\u0163ie de explant \u015fi reimplanta.<\/p>\n<p style=\"text-align: justify;\"><strong>Gabriel TUDOR: Aceste p\u0103r\u0163i consumabile, s\u0103 spunem, ale unui implant cohlear vor fi cump\u0103rate din banii pacientului sau sunt asigurate prin Casa Na\u0163ional\u0103 de Asigur\u0103ri de S\u0103n\u0103tate?<\/strong><\/p>\n<p style=\"text-align: justify;\"><strong>Anca MODAN: <\/strong>Din p\u0103cate, Casa Na\u0163ional\u0103 nu acoper\u0103 niciun fel de consumabil pentru implantul cohlear.<\/p>\n<p style=\"text-align: justify;\"><strong>Gabriel TUDOR: \u00cen urm\u0103 cu ceva vreme, Asocia\u0163ia \u201cSalveaz\u0103 o inim\u0103\u201d a ajutat un copil s\u0103 str\u00e2ng\u0103 banii necesari pentru un implant cohlear. Vorbim de Gabriel Voinea&#8230; Care este starea lui acum? Cum se simte dup\u0103 interven\u0163ii?<\/strong><\/p>\n<p style=\"text-align: justify;\"><strong>Anca MODAN: <\/strong>Gabriel este acum \u00een faza de recuperare dup\u0103 opera\u0163ie. A\u015ftept\u0103m momentul c\u00e2nd o s\u0103 putem s\u0103 \u015fi pornim cel de-al doilea procesor al lui. Opera\u0163ia a decurs bine, Gabi s-a trezit repede dup\u0103 ea, n-a avut efecte secundare deosebite, a\u015fa c\u0103 suntem cu to\u0163ii ner\u0103bd\u0103tori s\u0103 trecem la partea important\u0103, aceea a activ\u0103rii procesorului.<\/p>\n<p style=\"text-align: justify;\"><strong>Gabriel TUDOR: \u00cen c\u00e2t timp estima\u0163i c\u0103 ar putea auzi \u015fi ar putea comunica normal? <\/strong><\/p>\n<p style=\"text-align: justify;\">Av\u00e2nd \u00een vedere c\u0103 el deja poart\u0103 un procesor pe urechea cealalt\u0103, va trece o perioad\u0103 p\u00e2n\u0103 c\u00e2nd urechea aceasta, r\u0103mas\u0103 \u00een urm\u0103 practic, s\u0103 o ajung\u0103 din urm\u0103 pe cealalt\u0103. De obicei, perioada e de minim \u015fase luni, dar cel mai probabil un an, cam a\u015fa.<\/p>\n<p>***<\/p>\n<p style=\"text-align: justify;\"><strong><em>Anca Modan<\/em><\/strong><em> a terminat specializarea \u201eAudiologie \u015fi protezare auditiv\u0103\u201d \u00een cadrul Facult\u0103\u0163ii de medicin\u0103 general\u0103 \u201eCarol Davila\u201d din Bucure\u015fti \u00een anul 2000 \u015fi de atunci profeseaz\u0103 \u00een acest domeniu. Este administratorul Centrului de Protezare Auditiv\u0103 \u015fi Reglaj Implanturi Cohleare \u00abAudiologos\u00bb din Capital\u0103. <\/em><\/p>\n<p style=\"text-align: justify;\"><em>\u00a0<\/em><\/p>\n<p style=\"text-align: justify;\"><strong><em>Asocia\u0163ia \u201cSalveaz\u0103 o inim\u0103\u201d<\/em><\/strong><em> a fost infiin\u0163at\u0103 pe data de 17 decembrie 2012, \u015fi \u00ee\u015fi dore\u015fte s\u0103 reuneasc\u0103 sub acela\u015fi acoperi\u015f un num\u0103r c\u00e2t mai mare de profesioni\u015fti din diferite domenii, oameni bine pregati\u0163i \u015fi motiva\u0163i, oameni de bine, oameni simpli, cinsti\u0163i \u015fi one\u015fti, oameni care cu suflet \u015fi dedicare pot ajuta \u00een campaniile \u015fi proiectele noastre \u015fi astfel \u00eempreun\u0103 s\u0103 ne atingem scopul final de a l\u0103sa copiilor no\u015ftri o mo\u015ftenire valoroas\u0103, m\u0103rturie a faptului c\u0103 noi oamenii, comunitatea \u00een ansamblul ei, suntem tot ce trebuie \u015fi suficient pentru ca lucrurile s\u0103 mearg\u0103 \u00eentr-o direc\u0163ie bun\u0103.<\/em><\/p>\n<p style=\"text-align: justify;\"><em>***<br \/>\n<\/em><\/p>\n<p style=\"text-align: justify;\"><em>\u00a0<\/em><\/p>\n<p style=\"text-align: justify;\"><strong>ASOCIA\u0162IA <\/strong><strong>\u201c<\/strong><strong>SALVEAZ\u0102 O INIMA\u201d<\/strong><\/p>\n<p style=\"text-align: justify;\">Sediul social:sat Boscoteni Comuna Frumu\u015fica Jud.Boto\u015fani<\/p>\n<p style=\"text-align: justify;\">C.I.F: <strong>31015982<\/strong><\/p>\n<p style=\"text-align: justify;\"><strong>E-mail:<\/strong> <a href=\"mailto:salveazaoinima@gmail.com\">salveazaoinima@gmail.com<\/a><\/p>\n<p style=\"text-align: justify;\"><strong>\\Website:<\/strong> <a href=\"http:\/\/www.salveazaoinima.ro\">www.salveazaoinima.ro<\/a><\/p>\n<p style=\"text-align: justify;\"><strong>Facebook: <\/strong><a href=\"http:\/\/www.facebook.com\/salveazaoinima\">www.facebook.com\/salveazaoinima<\/a><\/p>\n<p style=\"text-align: justify;\"><strong>Telefon:<\/strong> <span class=\"skype_c2c_print_container notranslate\">0752.753.540<\/span><span id=\"skype_c2c_container\" class=\"skype_c2c_container notranslate\" dir=\"ltr\" onclick=\"SkypeClick2Call.MenuInjectionHandler.makeCall(this, event)\" onmouseover=\"SkypeClick2Call.MenuInjectionHandler.showMenu(this, event)\" onmouseout=\"SkypeClick2Call.MenuInjectionHandler.hideMenu(this, event)\" data-numbertocall=\"+44752753540\" data-isfreecall=\"false\" data-isrtl=\"false\" data-ismobile=\"false\"><span class=\"skype_c2c_highlighting_inactive_common\" dir=\"ltr\"><span id=\"non_free_num_ui\" class=\"skype_c2c_textarea_span\"><img loading=\"lazy\" decoding=\"async\" class=\"skype_c2c_logo_img\" src=\"resource:\/\/skype_ff_extension-at-jetpack\/skype_ff_extension\/data\/call_skype_logo.png\" alt=\"\" width=\"0\" height=\"0\" \/><span class=\"skype_c2c_text_span\">0752.753.540<\/span><\/span><\/span><\/span><\/p>\n<p style=\"text-align: justify;\"><strong>14.04.2015<\/strong><\/p>\n<p style=\"text-align: justify;\"><strong>\u00a0<\/strong><\/p>\n<p style=\"text-align: justify;\"><strong>Vlad Pl\u0103cint\u0103<\/strong><\/p>\n<p style=\"text-align: justify;\">Pre\u015fedinte<\/p>\n<p style=\"text-align: justify;\">Asocia\u0163ia \u201cSalveaz\u0103 o inim\u0103\u201d<\/p>\n<p style=\"text-align: justify;\">0752753540<\/p>\n<p style=\"text-align: justify;\"><strong>Transmite,<\/strong><\/p>\n<p style=\"text-align: justify;\"><strong>\u00a0<\/strong><\/p>\n<p style=\"text-align: justify;\"><strong>r. T\u0103nase Tasen\u0163e<\/strong><\/p>\n<p style=\"text-align: justify;\">Director General<\/p>\n<p style=\"text-align: justify;\">Plus Communication<\/p>\n<p style=\"text-align: justify;\"><em>\u00a0<\/em><\/p>\n<p style=\"text-align: justify;\"><strong>Persoan\u0103 de contact<\/strong><\/p>\n<p style=\"text-align: justify;\"><strong>Anca Modan, audiolog<\/strong><\/p>\n<p style=\"text-align: justify;\"><span class=\"skype_c2c_print_container notranslate\">0723.164.124<\/span><span id=\"skype_c2c_container\" class=\"skype_c2c_container notranslate\" dir=\"ltr\" onclick=\"SkypeClick2Call.MenuInjectionHandler.makeCall(this, event)\" onmouseover=\"SkypeClick2Call.MenuInjectionHandler.showMenu(this, event)\" onmouseout=\"SkypeClick2Call.MenuInjectionHandler.hideMenu(this, event)\" data-numbertocall=\"+40723164124\" data-isfreecall=\"false\" data-isrtl=\"false\" data-ismobile=\"false\"><span class=\"skype_c2c_highlighting_inactive_common\" dir=\"ltr\"><span id=\"non_free_num_ui\" class=\"skype_c2c_textarea_span\"><img loading=\"lazy\" decoding=\"async\" class=\"skype_c2c_logo_img\" src=\"resource:\/\/skype_ff_extension-at-jetpack\/skype_ff_extension\/data\/call_skype_logo.png\" alt=\"\" width=\"0\" height=\"0\" \/><span class=\"skype_c2c_text_span\">0723.164.124<\/span><\/span><\/span><\/span><\/p>\n<p style=\"text-align: justify;\"><a href=\"mailto:anca.modan@audiologos.ro\">anca.modan@audiologos.ro<\/a><\/p>\n<div id=\"skype_c2c_menu_container\" class=\"skype_c2c_menu_container notranslate\" style=\"display: none;\" onmouseover=\"SkypeClick2Call.MenuInjectionHandler.showMenu(this, event)\" onmouseout=\"SkypeClick2Call.MenuInjectionHandler.hideMenu(this, event)\" data-uiid=\"0\" data-murl=\"https:\/\/pipe.skype.com\/Client\/2.0\/\" data-fp=\"{6AB24C26-2805-4220-A4FE-FABE3D4F3C99}\">\n<div class=\"skype_c2c_menu_click2call\"><a id=\"skype_c2c_menu_click2call_action\" class=\"skype_c2c_menu_click2call_action\" target=\"_self\">Call<\/a><\/div>\n<div class=\"skype_c2c_menu_click2sms\"><a id=\"skype_c2c_menu_click2sms_action\" class=\"skype_c2c_menu_click2sms_action\" target=\"_self\">Send SMS<\/a><\/div>\n<div class=\"skype_c2c_menu_add2skype\"><a id=\"skype_c2c_menu_add2skype_text\" class=\"skype_c2c_menu_add2skype_text\" target=\"_self\">Add to Skype<\/a><\/div>\n<div class=\"skype_c2c_menu_toll_info\"><span class=\"skype_c2c_menu_toll_callcredit\">You&#8217;ll need Skype Credit<\/span><span class=\"skype_c2c_menu_toll_free\">Free via Skype<\/span><\/div>\n<\/div>\n","protected":false},"excerpt":{"rendered":"<p>Afl\u0103 ce po\u0163i face pentru a-\u0163i rec\u0103p\u0103t\u0103 auzul! \u00a0 Milioane de oameni din \u00eentreaga lume sunt afecta\u0163i de o boal\u0103 [&#038;hellip<\/p>\n","protected":false},"author":1,"featured_media":0,"comment_status":"closed","ping_status":"closed","sticky":false,"template":"","format":"standard","meta":{"footnotes":""},"categories":[3],"tags":[],"class_list":["post-23115","post","type-post","status-publish","format-standard","hentry","category-articole"],"_links":{"self":[{"href":"https:\/\/www.marianagurza.ro\/blog\/wp-json\/wp\/v2\/posts\/23115","targetHints":{"allow":["GET"]}}],"collection":[{"href":"https:\/\/www.marianagurza.ro\/blog\/wp-json\/wp\/v2\/posts"}],"about":[{"href":"https:\/\/www.marianagurza.ro\/blog\/wp-json\/wp\/v2\/types\/post"}],"author":[{"embeddable":true,"href":"https:\/\/www.marianagurza.ro\/blog\/wp-json\/wp\/v2\/users\/1"}],"replies":[{"embeddable":true,"href":"https:\/\/www.marianagurza.ro\/blog\/wp-json\/wp\/v2\/comments?post=23115"}],"version-history":[{"count":3,"href":"https:\/\/www.marianagurza.ro\/blog\/wp-json\/wp\/v2\/posts\/23115\/revisions"}],"predecessor-version":[{"id":23118,"href":"https:\/\/www.marianagurza.ro\/blog\/wp-json\/wp\/v2\/posts\/23115\/revisions\/23118"}],"wp:attachment":[{"href":"https:\/\/www.marianagurza.ro\/blog\/wp-json\/wp\/v2\/media?parent=23115"}],"wp:term":[{"taxonomy":"category","embeddable":true,"href":"https:\/\/www.marianagurza.ro\/blog\/wp-json\/wp\/v2\/categories?post=23115"},{"taxonomy":"post_tag","embeddable":true,"href":"https:\/\/www.marianagurza.ro\/blog\/wp-json\/wp\/v2\/tags?post=23115"}],"curies":[{"name":"wp","href":"https:\/\/api.w.org\/{rel}","templated":true}]}}