{"id":23195,"date":"2015-04-18T12:12:10","date_gmt":"2015-04-18T12:12:10","guid":{"rendered":"http:\/\/www.marianagurza.ro\/blog\/?p=23195"},"modified":"2015-04-21T19:02:39","modified_gmt":"2015-04-21T19:02:39","slug":"mugurel-puscas-constatare-pamflet-si-nu-numai","status":"publish","type":"post","link":"https:\/\/www.marianagurza.ro\/blog\/2015\/04\/18\/mugurel-puscas-constatare-pamflet-si-nu-numai\/","title":{"rendered":"Mugurel Pu\u015fca\u015f: Constatare (pamflet \u015fi nu numai&#8230;)"},"content":{"rendered":"<p style=\"text-align: center;\"><img decoding=\"async\" src=\"https:\/\/encrypted-tbn2.gstatic.com\/images?q=tbn:ANd9GcRJzFHDiquDyqJzLcBPAfs80b_5g0zjoz7_J3MbsLc5sBeC4r2Vdg\" alt=\"Imagini pentru romania saraca\" name=\"L0eiybwszin-iM:\" data-src=\"https:\/\/encrypted-tbn2.gstatic.com\/images?q=tbn:ANd9GcRJzFHDiquDyqJzLcBPAfs80b_5g0zjoz7_J3MbsLc5sBeC4r2Vdg\" data-sz=\"f\" \/><\/p>\n<p><strong>CONSTATARE&#8230;<\/strong><br \/>\n( <em>pamflet \u015fi nu numai&#8230;)<\/em><\/p>\n<p>&nbsp;<\/p>\n<p>Tr\u0103iesc \u00een micul nostru t\u00e2rg<br \/>\n\u015ei nu pricep, bag &#8221; sam\u0103 &#8220;&#8230;<br \/>\nCum?&#8230;Cei pe care i-am ales?&#8230;<br \/>\nSe-nfrupt\u0103 din pastram\u0103?&#8230;<\/p>\n<p>&nbsp;<\/p>\n<p>De douazeci \u015fi cinci de ani<br \/>\nSe fur\u0103 \u015fi se prad\u0103&#8230;<br \/>\n\u015ei a r\u0103mas, bietul rom\u00e2n<br \/>\nCu doi ochi doar&#8230;S\u0103 vad\u0103!..<\/p>\n<p>&nbsp;<\/p>\n<p>Gaze, petrol&#8230;Tot ce a fost<br \/>\nResurs\u0103-n ast\u0103 \u0163ar\u0103,<br \/>\n\u00censtr\u0103inat-a\u0163i pe nimic&#8230;.<br \/>\nGuverne de ocar\u0103&#8230;.!<\/p>\n<p>&nbsp;<\/p>\n<p>Cad codri no\u015ftri seculari<br \/>\nSub drujbe &#8221; habsburgiene &#8220;,<br \/>\nSe zv\u00e2rcolesc mo\u015fii-n morm\u00e2nt,<br \/>\nMuntele nostru geme!..<\/p>\n<p>&nbsp;<\/p>\n<p>P\u0103m\u00e2nt arabil la str\u0103ini,<br \/>\nDezmo\u015ftenit\u0103 glie&#8230;<br \/>\nGolgota satului rom\u00e2n,<br \/>\nIar el, \u0163\u0103ranul&#8230;\u015etie!&#8230;<\/p>\n<p>&nbsp;<\/p>\n<p>\u00cenv\u0103\u0163\u0103m\u00e2ntu-i &#8221; ne\u015fcolit &#8220;,<br \/>\nJumate trec cu &#8221; bacul &#8220;&#8230;<br \/>\nDasc\u0103lii no\u015ftri-s prost pl\u0103ti\u0163i<br \/>\nNi se gole\u015fte &#8221; lacul &#8220;&#8230;<\/p>\n<p>&nbsp;<\/p>\n<p>Cultura a ajuns un moft&#8230;<br \/>\nParale cu toptanul,<br \/>\nPe incultur\u0103 \u015fi neto\u0163i<br \/>\nE votul, suveranul&#8230;!<\/p>\n<p>&nbsp;<\/p>\n<p>De pres\u0103?&#8230;Ce s\u0103 mai vorbim?&#8230;<br \/>\nA\u015fa&#8230;Cum bate &#8221; v\u00e2ntul &#8220;,<br \/>\nPu\u0163ini sunt jurnali\u015fti ce au<br \/>\nUn singur pre\u0163 : &#8221; cuv\u00e2ntul &#8220;.<\/p>\n<p>&nbsp;<\/p>\n<p>Sistemul nostru sanitar?&#8230;<br \/>\nCam muribund&#8230;.S\u0103racul&#8230;<br \/>\nNefinan\u0163at!&#8230;Cu, f\u0103r\u0103, sp\u0103gi<br \/>\nCum s\u0103-\u0163i g\u0103seasc\u0103 leacul?&#8230;<\/p>\n<p>&nbsp;<\/p>\n<p>Pensionari-\u015fi dr\u0103muiesc<br \/>\nB\u0103nu\u0163ul pe &#8221; ferite &#8220;,<br \/>\nIar al\u0163ii &#8221; fo\u015fti &#8221; sau &#8221; rase &#8221; noi,<br \/>\nAu pensii nesim\u0163ite.<\/p>\n<p>&nbsp;<\/p>\n<p>Unii &#8221; p\u0103rin\u0163i &#8220;, cu moa\u015fte-n min\u0163i<br \/>\nC\u0103l\u0103uzeasc\u0103-\u015fi turma!<br \/>\nNu vile, limuzine, bani&#8230;<br \/>\nAltfel?&#8230;Le-om pierde urma!&#8230;<\/p>\n<p>&nbsp;<\/p>\n<p>Bur\u0163i, cefe, groase-n Parlament,<br \/>\n&#8221; Nepo\u0163i &#8221; prin ministere&#8230;<br \/>\n\u00cen teritoriu, con\u0163i, baroni&#8230;<br \/>\nMedievale ere&#8230;!<\/p>\n<p>&nbsp;<\/p>\n<p>Sunt da\u0163i cu mir sau pup\u0103 cruci,<br \/>\nFiguri cu lung\u0103 tren\u0103&#8230;<br \/>\nAu \u00eenv\u0103\u0163at un me\u015fte\u015fug :<br \/>\nS\u0103 fure f\u0103r\u0103 jen\u0103!&#8230;<\/p>\n<p>&nbsp;<\/p>\n<p>Pleac\u0103 rom\u00e2ni-n alte z\u0103ri<br \/>\nS\u0103 \u00ee\u015fi c\u00e2\u015ftige p\u00e2inea&#8230;<br \/>\nZevzec politician rom\u00e2n<br \/>\nNu te-a cuprins ru\u015finea?&#8230;<\/p>\n<p>&nbsp;<\/p>\n<p>V\u0103 mul\u0163umim &#8221; mode\u015fti &#8221; ale\u015fi<br \/>\nA\u0163i dus \u0163ara de r\u00e2p\u0103..<br \/>\nEu?&#8230;V\u0103 urez un alt mandat,<br \/>\n\u00cen alt\u0103 \u0163ar\u0103..T\u00e2mp\u0103!&#8230;<br \/>\n***<br \/>\n( M\u0103 bucur, totu\u015fi&#8230;S-a g\u0103sit<br \/>\n\u015ei pentru a lor blan\u0103,<br \/>\nSolu\u0163ie de sc\u0103rm\u0103nat&#8230;<br \/>\nO dam\u0103!&#8230;.Kovesian\u0103&#8230;)<\/p>\n<p>&nbsp;<\/p>\n<p align=\"center\"><strong>Mugurel Pu\u015fca\u015f<\/strong><br \/>\n<strong> ( Liga Scriitorilor din Rom\u00e2nia)<\/strong><\/p>\n<p style=\"text-align: right;\" align=\"center\">Foto internet<\/p>\n<p>&nbsp;<\/p>\n","protected":false},"excerpt":{"rendered":"<p>CONSTATARE&#8230; ( pamflet \u015fi nu numai&#8230;) &nbsp; Tr\u0103iesc \u00een micul nostru t\u00e2rg \u015ei nu pricep, bag &#8221; sam\u0103 &#8220;&#8230; Cum?&#8230;Cei [&#038;hellip<\/p>\n","protected":false},"author":1,"featured_media":0,"comment_status":"closed","ping_status":"closed","sticky":false,"template":"","format":"standard","meta":{"footnotes":""},"categories":[3],"tags":[],"class_list":["post-23195","post","type-post","status-publish","format-standard","hentry","category-articole"],"_links":{"self":[{"href":"https:\/\/www.marianagurza.ro\/blog\/wp-json\/wp\/v2\/posts\/23195","targetHints":{"allow":["GET"]}}],"collection":[{"href":"https:\/\/www.marianagurza.ro\/blog\/wp-json\/wp\/v2\/posts"}],"about":[{"href":"https:\/\/www.marianagurza.ro\/blog\/wp-json\/wp\/v2\/types\/post"}],"author":[{"embeddable":true,"href":"https:\/\/www.marianagurza.ro\/blog\/wp-json\/wp\/v2\/users\/1"}],"replies":[{"embeddable":true,"href":"https:\/\/www.marianagurza.ro\/blog\/wp-json\/wp\/v2\/comments?post=23195"}],"version-history":[{"count":6,"href":"https:\/\/www.marianagurza.ro\/blog\/wp-json\/wp\/v2\/posts\/23195\/revisions"}],"predecessor-version":[{"id":23201,"href":"https:\/\/www.marianagurza.ro\/blog\/wp-json\/wp\/v2\/posts\/23195\/revisions\/23201"}],"wp:attachment":[{"href":"https:\/\/www.marianagurza.ro\/blog\/wp-json\/wp\/v2\/media?parent=23195"}],"wp:term":[{"taxonomy":"category","embeddable":true,"href":"https:\/\/www.marianagurza.ro\/blog\/wp-json\/wp\/v2\/categories?post=23195"},{"taxonomy":"post_tag","embeddable":true,"href":"https:\/\/www.marianagurza.ro\/blog\/wp-json\/wp\/v2\/tags?post=23195"}],"curies":[{"name":"wp","href":"https:\/\/api.w.org\/{rel}","templated":true}]}}