{"id":24218,"date":"2015-06-15T15:03:03","date_gmt":"2015-06-15T15:03:03","guid":{"rendered":"http:\/\/www.marianagurza.ro\/blog\/?p=24218"},"modified":"2015-06-15T15:03:47","modified_gmt":"2015-06-15T15:03:47","slug":"marin-voican-ghioroiu-m-am-nascut-cu-eminescu-in-casa","status":"publish","type":"post","link":"https:\/\/www.marianagurza.ro\/blog\/2015\/06\/15\/marin-voican-ghioroiu-m-am-nascut-cu-eminescu-in-casa\/","title":{"rendered":"Marin Voican-Ghioroiu: M-am n\u0103scut cu Eminescu \u00een cas\u0103"},"content":{"rendered":"<p style=\"text-align: center;\"><em><a href=\"http:\/\/www.marianagurza.ro\/blog\/wp-content\/uploads\/2015\/06\/EMINESCU-SQ-by-RG-wb.jpg\"><img loading=\"lazy\" decoding=\"async\" title=\"EMINESCU-SQ-by-RG-wb\" src=\"http:\/\/www.marianagurza.ro\/blog\/wp-content\/uploads\/2015\/06\/EMINESCU-SQ-by-RG-wb-300x300.jpg\" alt=\"\" width=\"300\" height=\"300\" \/><\/a><\/em><\/p>\n<p style=\"text-align: justify;\"><em>Ast\u0103zi, 15 Iunie 2015, se \u00eemplinesc 126 de ani de c\u00e2nd demiurgul poeziei rom\u00e2ne\u015fti, MIHAI EMINESCU, s-a urcat la ceruri pentru dumnezeirea neamului, ocazie fericit\u0103 pentru mine de-al venera pe dragul meu p\u0103rinte spiritual.<\/em><\/p>\n<p>&#8212;&#8212;&#8212;&#8212;&#8212;&#8212;&#8212;-<\/p>\n<p><strong>LUI EMINESCU<\/strong><\/p>\n<p>&nbsp;<\/p>\n<p>P\u0103rinte drag, Poet iubit!..<\/p>\n<p>Cu Dumnezeu po\u0163i s\u0103 stai<\/p>\n<p>\u00cen poarta sf\u00e2nt\u0103 de la Rai;<\/p>\n<p>C\u0103 ai muncit \u015fi ai tot trudit<\/p>\n<p>Ca versului s\u0103-i dai m\u0103rire,<\/p>\n<p>C\u00e2nd chipul mamei-ai f\u0103urit&#8230;<\/p>\n<p>\u00cen aur fin, cuv\u00e2ntu-ai d\u0103ltuit<\/p>\n<p>\u00cen inimi pentru nemurire&#8230;<\/p>\n<p>&nbsp;<\/p>\n<p>Prin armonii seduc\u0103toare,<\/p>\n<p>\u015ei-n ritmul muzicii cere\u015fti,<\/p>\n<p>I-ai pus arome p\u0103m\u00e2nte\u015fti<\/p>\n<p>\u015ei murmur dulce de izvoare.<\/p>\n<p>&nbsp;<\/p>\n<p>\u00cen simfonii nemuritoare \u2013<\/p>\n<p>Caden\u0163\u0103 timpului ai dat;<\/p>\n<p>Spre \u00een\u0103l\u0163imi le-ai ridicat<\/p>\n<p>Spre glorie nepieritoare&#8230;<\/p>\n<p>&nbsp;<\/p>\n<p>Luceaf\u0103rul \u015fi Luna plin\u0103.<\/p>\n<p>Tu ne-ai c\u00e2ntat \u00eenceti\u015for\u2026<\/p>\n<p>\u00cendr\u0103gostit, cu-at\u00e2ta dor &#8211;<\/p>\n<p>Iubita Doin\u0103, cea divin\u0103!<\/p>\n<p>&nbsp;<\/p>\n<p>Cuvinte g\u0103sit-ai pe-n\u0163eles,<\/p>\n<p>\u015ei-n \u00een rime-mperecheate,<\/p>\n<p>Simplu le-ai spus pe toate,<\/p>\n<p>Strai nou le-ai dat \u00een vers.<\/p>\n<p>&nbsp;<\/p>\n<p>\u015ei ai zburat spre infinit<\/p>\n<p>Ca Pas\u0103rea M\u0103iastr\u0103,<\/p>\n<p>&nbsp;<\/p>\n<p>Gr\u0103ind \u00een limba noastr\u0103 &#8211;<\/p>\n<p>Cu noi te-ai contopit&#8230;<\/p>\n<p>&nbsp;<\/p>\n<p>P\u0103rinte drag, poet iubit,<\/p>\n<p>Oriunde-n univers vei fi;<\/p>\n<p>Cu dragostre ne vei privi,<\/p>\n<p>Din spa\u021biul t\u0103u nem\u0103rginit.<\/p>\n<p>&#8212;&#8212;&#8212;&#8212;&#8212;&#8212;&#8212;&#8212;&#8212;&#8212;&#8212;&#8212;&#8212;&#8212;&#8212;&#8212;&#8212;&#8212;&#8212;&#8212;&#8212;&#8212;<\/p>\n<p><em>Videoclipul: Salonul National &#8220;Mihai Eminescu&#8221;<\/em><\/p>\n<p><em><a href=\"http:\/\/mcppress.ro\/forum\/viewtopic.php?id=8839\" target=\"_blank\">http:\/\/mcppress.ro\/forum\/viewtopic.php?id=8839<\/a><\/em><\/p>\n<p><em>\u00a0<\/em><\/p>\n<p><strong>Marin VOICAN-GHIOROIU<\/strong><\/p>\n<p><strong>Bucure\u015fti<\/strong><\/p>\n<p><strong>15 iunie 2015<\/strong><\/p>\n<p>&nbsp;<\/p>\n","protected":false},"excerpt":{"rendered":"<p>Ast\u0103zi, 15 Iunie 2015, se \u00eemplinesc 126 de ani de c\u00e2nd demiurgul poeziei rom\u00e2ne\u015fti, MIHAI EMINESCU, s-a urcat la ceruri [&#038;hellip<\/p>\n","protected":false},"author":1,"featured_media":0,"comment_status":"closed","ping_status":"closed","sticky":false,"template":"","format":"standard","meta":{"footnotes":""},"categories":[3],"tags":[],"class_list":["post-24218","post","type-post","status-publish","format-standard","hentry","category-articole"],"_links":{"self":[{"href":"https:\/\/www.marianagurza.ro\/blog\/wp-json\/wp\/v2\/posts\/24218","targetHints":{"allow":["GET"]}}],"collection":[{"href":"https:\/\/www.marianagurza.ro\/blog\/wp-json\/wp\/v2\/posts"}],"about":[{"href":"https:\/\/www.marianagurza.ro\/blog\/wp-json\/wp\/v2\/types\/post"}],"author":[{"embeddable":true,"href":"https:\/\/www.marianagurza.ro\/blog\/wp-json\/wp\/v2\/users\/1"}],"replies":[{"embeddable":true,"href":"https:\/\/www.marianagurza.ro\/blog\/wp-json\/wp\/v2\/comments?post=24218"}],"version-history":[{"count":3,"href":"https:\/\/www.marianagurza.ro\/blog\/wp-json\/wp\/v2\/posts\/24218\/revisions"}],"predecessor-version":[{"id":24222,"href":"https:\/\/www.marianagurza.ro\/blog\/wp-json\/wp\/v2\/posts\/24218\/revisions\/24222"}],"wp:attachment":[{"href":"https:\/\/www.marianagurza.ro\/blog\/wp-json\/wp\/v2\/media?parent=24218"}],"wp:term":[{"taxonomy":"category","embeddable":true,"href":"https:\/\/www.marianagurza.ro\/blog\/wp-json\/wp\/v2\/categories?post=24218"},{"taxonomy":"post_tag","embeddable":true,"href":"https:\/\/www.marianagurza.ro\/blog\/wp-json\/wp\/v2\/tags?post=24218"}],"curies":[{"name":"wp","href":"https:\/\/api.w.org\/{rel}","templated":true}]}}