{"id":24223,"date":"2015-06-15T15:06:00","date_gmt":"2015-06-15T15:06:00","guid":{"rendered":"http:\/\/www.marianagurza.ro\/blog\/?p=24223"},"modified":"2015-06-15T15:06:00","modified_gmt":"2015-06-15T15:06:00","slug":"elena-armenescu-gandind-la-eminescu-poeme","status":"publish","type":"post","link":"https:\/\/www.marianagurza.ro\/blog\/2015\/06\/15\/elena-armenescu-gandind-la-eminescu-poeme\/","title":{"rendered":"Elena Armenescu: G\u00e2ndind la Eminescu (poeme)"},"content":{"rendered":"<p style=\"text-align: center;\"><a href=\"http:\/\/www.marianagurza.ro\/blog\/wp-content\/uploads\/2015\/06\/EMINESCU-cruce-by-ROCA-wb.jpg\"><img loading=\"lazy\" decoding=\"async\" class=\"size-medium wp-image-24224\" title=\"EMINESCU-cruce-by-ROCA-wb\" src=\"http:\/\/www.marianagurza.ro\/blog\/wp-content\/uploads\/2015\/06\/EMINESCU-cruce-by-ROCA-wb-225x300.jpg\" alt=\"\" width=\"225\" height=\"300\" srcset=\"https:\/\/www.marianagurza.ro\/blog\/wp-content\/uploads\/2015\/06\/EMINESCU-cruce-by-ROCA-wb-225x300.jpg 225w, https:\/\/www.marianagurza.ro\/blog\/wp-content\/uploads\/2015\/06\/EMINESCU-cruce-by-ROCA-wb.jpg 600w\" sizes=\"auto, (max-width: 225px) 100vw, 225px\" \/><\/a><\/p>\n<p><strong>G\u00c2NDIND LA EMINESCU<\/strong><\/p>\n<p>&nbsp;<\/p>\n<p>Ascultat-a Eminescu Simfonia \u00cengerilor<\/p>\n<p>Pe-ale Luceaf\u0103rului c\u0103i, la ora atingerilor<\/p>\n<p>Aprins de dorin\u0163\u0103, de neobosit\u0103 c\u0103utare<\/p>\n<p>A minunii r\u0103sp\u00e2ndit\u0103 pe t\u0103r\u00e2murile astrale.<\/p>\n<p>&nbsp;<\/p>\n<p>Alerga. copil &#8211; minune cu vis\u0103rile-i eterne<\/p>\n<p><em>Sub leag\u0103nul codrului,<\/em> pe poteca ce se a\u015fterne<\/p>\n<p>Spre acel \u201dochi\u201d &#8211;<em> lacul<\/em> cu nuferi galben-aurii<\/p>\n<p>Meditativ, ne\u00een\u0163eles, dep\u0103rtat de al\u0163i copii.<\/p>\n<p>&nbsp;<\/p>\n<p>Cu g\u00e2ndul la piramide, \u00eentre <em>florile albastre<\/em><\/p>\n<p>\u00cen a <em>teiului mireasm\u0103,<\/em> sub vibra\u0163ie de <em>astre<\/em><\/p>\n<p>Cu iubita, pe-nserat ori sub razele de <em>lun\u0103<\/em><\/p>\n<p>\u00cempletesc \u015firag de stele \u015fi amorului cunun\u0103.<\/p>\n<p>&nbsp;<\/p>\n<p>Anii studen\u0163iei cu tr\u0103iri himerice-au trecut<\/p>\n<p>Vijelios, cum tinere\u0163ii s\u0103 petreac\u0103 i-a pl\u0103cut<\/p>\n<p><em>Iubirea<\/em>, \u00eenv\u0103luitor ve\u015fm\u00e2nt, oaspete drag<\/p>\n<p>Zadarnic o invoci t\u00e2rziu \u015fi o a\u015ftep\u0163i \u00een prag!<\/p>\n<p>&nbsp;<\/p>\n<p><em>At\u00e2t de t\u00e2n\u0103r<\/em>, dar cu puterea unui trimis \u00een\u0163elept<\/p>\n<p>P\u0103trundea secolii, inima i se zb\u0103tea \u00een piept<\/p>\n<p>Glorifica vitejia, dep\u0103na istorii, finaluri fatale<\/p>\n<p>St\u0103tea de vorb\u0103 cu <em>Zeii Daciei<\/em> Primordiale!<\/p>\n<p>&nbsp;<\/p>\n<p>Singur, cufundat \u00een g\u00e2nduri, \u00een camera-nghe\u0163at\u0103<\/p>\n<p>Ca <em>b\u0103tr\u00e2nul dasc\u0103l,<\/em> neav\u00e2nd un foc \u00een vatr\u0103<\/p>\n<p>Doar un \u015foricel tovar\u0103\u015f, carii \u00een mobile vechi<\/p>\n<p>Primea la el \u00cengerul, Vocea &#8211; adev\u0103r str\u0103vechi:<\/p>\n<p>&nbsp;<\/p>\n<p>Cum dintr-un singur punct s-a \u00eenceput mi\u015fcarea<\/p>\n<p>Sc\u0103p\u0103r\u00e2nd, Universul a n\u0103scut p\u0103m\u00e2ntul, marea<\/p>\n<p>Lumina se aprinsese lucind feeric, instantaneu<\/p>\n<p>Creat\u0103 prin Cuv\u00e2nt, de \u00eensu\u015fi Tat\u0103l Dumnezeu!<\/p>\n<p>&nbsp;<\/p>\n<p>Prin aste daruri sfinte, el cu <em>Hyperion <\/em>c\u0103l\u0103torea<\/p>\n<p>Cu uimirea <em>Magului <\/em>cerceta stelele, descoperea<\/p>\n<p>Cu \u00eenc\u00e2ntare nem\u0103rginirea c\u0103ilor, iar \u00een ad\u00e2ncuri<\/p>\n<p>\u00centunecimi sc\u00e2nteietoare, valuri <em>r\u00e2nduri, r\u00e2nduri.<\/em><\/p>\n<p>&nbsp;<\/p>\n<p>\u015etia c\u0103 chipul frumuse\u0163ii are multiple forme<\/p>\n<p>Splendori f\u0103r\u0103 de num\u0103r ne \u00eenconjor sub norme<\/p>\n<p>\u00censcrise-n file nev\u0103zute, primite la n\u0103scare<\/p>\n<p>Cum le primir\u0103 <em>parin\u0163ii din p\u0103rin\u0163i, <\/em>la fiecare.<\/p>\n<p>&nbsp;<\/p>\n<p>Zadarnic, el cunoa\u015fte c\u0103-n zgomote de\u015farte<\/p>\n<p>Cu agerimea min\u0163ii, nu te despar\u0163i de moarte<\/p>\n<p>Norocul m\u00e2ntuirii nu-l g\u0103se\u015fti \u00een <em>mreaja lumii <\/em><\/p>\n<p>Ce se l\u0103f\u0103ie s\u0103tul\u0103 \u00een hamacurile minciunii.<\/p>\n<p>&nbsp;<\/p>\n<p>Soarta de\u015fart\u0103, roata vie\u0163ii ca luna am\u0103gitoare<\/p>\n<p>Cre\u015fte, descre\u015fte cu s\u0103rmane vie\u0163ile trec\u0103toare<\/p>\n<p>Virtutea-n c\u0103ma\u015f\u0103 de for\u0163\u0103, tic\u0103lo\u015fia cu ne\u00eendurare<\/p>\n<p>Pe c\u0103i oculte, s\u0103v\u00eer\u015fe\u015fte crima f\u0103r\u0103 asem\u0103nare.<\/p>\n<p>&nbsp;<\/p>\n<p>M\u0103rturia cutremur\u0103toare &#8211; ca o sentin\u0163\u0103 am\u00e2nat\u0103<\/p>\n<p>Din scrieri :<em>\u201dNu credeam s\u0103-nv\u0103\u0163 a muri vreodat\u0103\u201d<\/em><\/p>\n<p>E din dureri ad\u00e2nci ivit\u0103, \u00een zbuciumata-i existen\u0163\u0103<\/p>\n<p><em>Geniu pusti<\/em>u, nu mai gusta nectar \u015fi nici esen\u0163\u0103.<\/p>\n<p>&nbsp;<\/p>\n<p>Ascultat-a Eminescu ades, Simfonia \u00cengerilor<\/p>\n<p>Binecuv\u00e2ntat\u0103 evadare din valea Pl\u00e2ngerilor<\/p>\n<p>Unde el a avut parte de suspine \u015fi chiar moarte<\/p>\n<p>\u00cenainte de-a se stinge a buzelor sale \u015foapte.<\/p>\n<p>&nbsp;<\/p>\n<p>&nbsp;<\/p>\n<p><strong>P\u0102DUREA CRINILOR<\/strong><\/p>\n<p>&nbsp;<\/p>\n<p>De-a\u015f fi avut norocul<\/p>\n<p>S-alerg \u00een p\u0103durea de crini<\/p>\n<p>Ce poart\u0103-n petale lumini<\/p>\n<p>Adunate-n cupe regale<\/p>\n<p>&nbsp;<\/p>\n<p>A\u015f fi golit<\/p>\n<p>cum \u015ftiu doar eu<\/p>\n<p>Cu patima-nsetatului<\/p>\n<p>Cupa ce poart\u0103-n ascuns<\/p>\n<p>Aurul cernut de curcubeu<\/p>\n<p>Parfumul lor mi-ar fi indus<\/p>\n<p>un somn ad\u00e2nc<\/p>\n<p>S\u0103 nu-mi dau seama,<\/p>\n<p>S\u0103 nu \u015ftiu<\/p>\n<p>C\u00e2nd trec<\/p>\n<p>\u00cen celestul meleag<\/p>\n<p>Din care s\u0103 revin<\/p>\n<p>Triumf\u0103toare<\/p>\n<p>\u015etiutoare<\/p>\n<p>A tainei tes\u0103turii<\/p>\n<p>Ve\u015fm\u00e2ntului de crin<\/p>\n<p>S\u0103 \u0163es, apoi<\/p>\n<p>Miraculoasa p\u00e2nz\u0103<\/p>\n<p>A dragostei<\/p>\n<p>S\u0103 v\u0103 d\u0103ruiesc<\/p>\n<p>Magice, albele mantii<\/p>\n<p>Dragi prieteni ai mei<\/p>\n<p>S\u0103 ne asem\u0103n\u0103m cu ei.<\/p>\n<p>&nbsp;<\/p>\n<p><strong>&#8212;&#8212;&#8212;&#8212;&#8212;&#8212;&#8212;&#8212;&#8212;&#8212;&#8212;&#8212;&#8212;&#8212;&#8212;&#8212;&#8212;&#8212;&#8211;<\/strong><\/p>\n<p><strong>Elena ARMENESCU<\/strong><strong><\/strong><\/p>\n<p><strong>Bucure\u015fti<\/strong><\/p>\n<p><strong>15 iunie 2015<\/strong><\/p>\n","protected":false},"excerpt":{"rendered":"<p>G\u00c2NDIND LA EMINESCU &nbsp; Ascultat-a Eminescu Simfonia \u00cengerilor Pe-ale Luceaf\u0103rului c\u0103i, la ora atingerilor Aprins de dorin\u0163\u0103, de neobosit\u0103 c\u0103utare [&#038;hellip<\/p>\n","protected":false},"author":1,"featured_media":0,"comment_status":"closed","ping_status":"closed","sticky":false,"template":"","format":"standard","meta":{"footnotes":""},"categories":[3],"tags":[],"class_list":["post-24223","post","type-post","status-publish","format-standard","hentry","category-articole"],"_links":{"self":[{"href":"https:\/\/www.marianagurza.ro\/blog\/wp-json\/wp\/v2\/posts\/24223","targetHints":{"allow":["GET"]}}],"collection":[{"href":"https:\/\/www.marianagurza.ro\/blog\/wp-json\/wp\/v2\/posts"}],"about":[{"href":"https:\/\/www.marianagurza.ro\/blog\/wp-json\/wp\/v2\/types\/post"}],"author":[{"embeddable":true,"href":"https:\/\/www.marianagurza.ro\/blog\/wp-json\/wp\/v2\/users\/1"}],"replies":[{"embeddable":true,"href":"https:\/\/www.marianagurza.ro\/blog\/wp-json\/wp\/v2\/comments?post=24223"}],"version-history":[{"count":2,"href":"https:\/\/www.marianagurza.ro\/blog\/wp-json\/wp\/v2\/posts\/24223\/revisions"}],"predecessor-version":[{"id":24226,"href":"https:\/\/www.marianagurza.ro\/blog\/wp-json\/wp\/v2\/posts\/24223\/revisions\/24226"}],"wp:attachment":[{"href":"https:\/\/www.marianagurza.ro\/blog\/wp-json\/wp\/v2\/media?parent=24223"}],"wp:term":[{"taxonomy":"category","embeddable":true,"href":"https:\/\/www.marianagurza.ro\/blog\/wp-json\/wp\/v2\/categories?post=24223"},{"taxonomy":"post_tag","embeddable":true,"href":"https:\/\/www.marianagurza.ro\/blog\/wp-json\/wp\/v2\/tags?post=24223"}],"curies":[{"name":"wp","href":"https:\/\/api.w.org\/{rel}","templated":true}]}}